{"id":1041,"date":"2025-01-16T18:11:06","date_gmt":"2025-01-16T18:11:06","guid":{"rendered":"https:\/\/latinzona.hu\/?p=1041"},"modified":"2025-01-16T18:11:08","modified_gmt":"2025-01-16T18:11:08","slug":"pixelarq-egy-izgalmas-uj-uruguayi-projekt","status":"publish","type":"post","link":"https:\/\/latinzona.hu\/index.php\/2025\/01\/16\/pixelarq-egy-izgalmas-uj-uruguayi-projekt\/","title":{"rendered":"A Pixelarq projekt: tegnap \u00e9s ma Uruguayban"},"content":{"rendered":"\n<p>A Daniel Thul \u00e1ltal vezetett Pixelarq a k\u00e9pek seg\u00edts\u00e9g\u00e9vel virtu\u00e1lis \u00f6r\u00f6ks\u00e9get k\u00edv\u00e1n l\u00e9trehozni \u00faj megk\u00f6zel\u00edt\u00e9ssel. \u00daj technol\u00f3gi\u00e1k seg\u00edts\u00e9g\u00e9vel virtu\u00e1lis rekonstrukci\u00f3kat lehet k\u00e9sz\u00edteni megl\u00e9v\u0151 vagy hi\u00e1nyz\u00f3 m\u0171vekr\u0151l, h\u00e1romdimenzi\u00f3s modelleket hozva l\u00e9tre rendk\u00edv\u00fcl r\u00e9szletes inform\u00e1ci\u00f3kkal. A <a href=\"https:\/\/www.pixelarq.com\/\">projekt<\/a> <strong>d\u00edz\u00e1jnos honlapj\u00e1n olvashat\u00f3 inform\u00e1ci\u00f3k szerint k\u00fcl\u00f6nb\u00f6z\u0151 technik\u00e1k alapj\u00e1n \u00faj modelleket hoznak l\u00e9tre olyan rugalmas folyamatok r\u00e9v\u00e9n, amelyek lehet\u0151v\u00e9 teszik az id\u0151vel felmer\u00fcl\u0151 \u00faj felfedez\u00e9sek \u00e9s inform\u00e1ci\u00f3k alapj\u00e1n t\u00f6rt\u00e9n\u0151 folyamatos friss\u00edt\u00e9st<\/strong>. <\/p>\n\n\n\n<p>Ez alapj\u00e1n a Pixelarq Paysand\u00fa v\u00e1ros\u00e1nak \u00fajj\u00e1\u00e9p\u00edt\u00e9s\u00e9t t\u0171zte ki c\u00e9lul 1864 v\u00e9g\u00e9t\u0151l 1865 elej\u00e9ig. Ez az az id\u0151szak, amikor a v\u00e1rost megt\u00e1madta Venancio Flores \u00e9s a Brazil Birodalom. Plusz a projekt c\u00e9ljavolt a De los Pocitos sz\u00e1lloda \u00e9s a Rambla \u00fajb\u00f3li megmutat\u00e1sa 1912-b\u0151l. Ezenk\u00edv\u00fcl a projekt keret\u00e9ben 1930-b\u00f3l \u00fajj\u00e1\u00e9p\u00edtett\u00e9k a Centenario <a href=\"https:\/\/latinzona.hu\/index.php\/2024\/11\/23\/a-boliviai-focivalogatott-meg-magasabban-jatszik-ami-egyertelmu-elony\/\">stadiont<\/a>, \u00fagy, ahogyan az a vil\u00e1gbajnoks\u00e1gi felavat\u00e1sakor volt. Azt\u00e1n az Isla de Florest , \u00e9s a Montevideo-i Mediomundo b\u00e9rh\u00e1zat , amelyet 1978-ban, az utols\u00f3 polg\u00e1ri-katonai diktat\u00fara idej\u00e9n lebontottak.<\/p>\n\n\n\n<p>Paysand\u00fa 1864:<\/p>\n\n\n\n<figure class=\"wp-block-embed is-type-video is-provider-youtube wp-block-embed-youtube wp-embed-aspect-16-9 wp-has-aspect-ratio\"><div class=\"wp-block-embed__wrapper\">\n<iframe title=\"Paysand\u00fa 1864 - La Ciudad Heroica I Reconstrucci\u00f3n Virtual 3D\" width=\"500\" height=\"281\" src=\"https:\/\/www.youtube.com\/embed\/ouYt2LHllSw?feature=oembed\" frameborder=\"0\" allow=\"accelerometer; autoplay; clipboard-write; encrypted-media; gyroscope; picture-in-picture; web-share\" referrerpolicy=\"strict-origin-when-cross-origin\" allowfullscreen><\/iframe>\n<\/div><\/figure>\n\n\n\n<p>Hotel de los Pocitos \u00e9s a la Rambla<\/p>\n\n\n\n<figure class=\"wp-block-embed is-type-video is-provider-youtube wp-block-embed-youtube wp-embed-aspect-16-9 wp-has-aspect-ratio\"><div class=\"wp-block-embed__wrapper\">\n<iframe title=\"| Tr\u00e1iler | El Hotel de los Pocitos y la Rambla de la Belle \u00c9poque\" width=\"500\" height=\"281\" src=\"https:\/\/www.youtube.com\/embed\/nXgipaijeQw?feature=oembed\" frameborder=\"0\" allow=\"accelerometer; autoplay; clipboard-write; encrypted-media; gyroscope; picture-in-picture; web-share\" referrerpolicy=\"strict-origin-when-cross-origin\" allowfullscreen><\/iframe>\n<\/div><\/figure>\n\n\n\n<p>El Estadio del Centenario<\/p>\n\n\n\n<figure class=\"wp-block-embed is-type-video is-provider-youtube wp-block-embed-youtube wp-embed-aspect-4-3 wp-has-aspect-ratio\"><div class=\"wp-block-embed__wrapper\">\n<iframe title=\"El Estadio del Centenario - Reconstrucci\u00f3n Virtual\" width=\"500\" height=\"375\" src=\"https:\/\/www.youtube.com\/embed\/tPeawNMmlyA?feature=oembed\" frameborder=\"0\" allow=\"accelerometer; autoplay; clipboard-write; encrypted-media; gyroscope; picture-in-picture; web-share\" referrerpolicy=\"strict-origin-when-cross-origin\" allowfullscreen><\/iframe>\n<\/div><\/figure>\n\n\n\n<p>Conventillo Mediomundo:<\/p>\n\n\n\n<figure class=\"wp-block-embed is-type-video is-provider-youtube wp-block-embed-youtube wp-embed-aspect-16-9 wp-has-aspect-ratio\"><div class=\"wp-block-embed__wrapper\">\n<iframe title=\"Reconstrucci\u00f3n virtual - Conventillo Mediomundo - video 360\u00ba\" width=\"500\" height=\"281\" src=\"https:\/\/www.youtube.com\/embed\/q3lPBaeLvX4?start=2&#038;feature=oembed\" frameborder=\"0\" allow=\"accelerometer; autoplay; clipboard-write; encrypted-media; gyroscope; picture-in-picture; web-share\" referrerpolicy=\"strict-origin-when-cross-origin\" allowfullscreen><\/iframe>\n<\/div><\/figure>\n","protected":false},"excerpt":{"rendered":"<div class=\"mh-excerpt\"><p>A Daniel Thul \u00e1ltal vezetett Pixelarq a k\u00e9pek seg\u00edts\u00e9g\u00e9vel virtu\u00e1lis \u00f6r\u00f6ks\u00e9get k\u00edv\u00e1n l\u00e9trehozni \u00faj megk\u00f6zel\u00edt\u00e9ssel. \u00daj technol\u00f3gi\u00e1k seg\u00edts\u00e9g\u00e9vel virtu\u00e1lis rekonstrukci\u00f3kat lehet k\u00e9sz\u00edteni megl\u00e9v\u0151 vagy hi\u00e1nyz\u00f3 <a class=\"mh-excerpt-more\" href=\"https:\/\/latinzona.hu\/index.php\/2025\/01\/16\/pixelarq-egy-izgalmas-uj-uruguayi-projekt\/\" title=\"A Pixelarq projekt: tegnap \u00e9s ma Uruguayban\">[&#8230;]<\/a><\/p>\n<\/div>","protected":false},"author":1,"featured_media":1046,"comment_status":"open","ping_status":"open","sticky":false,"template":"","format":"standard","meta":[],"categories":[13],"tags":[14],"yoast_head":"<!-- This site is optimized with the Yoast SEO plugin v15.5 - https:\/\/yoast.com\/wordpress\/plugins\/seo\/ -->\n<title>A Pixelarq projekt: tegnap \u00e9s ma Uruguayban - Latin Z\u00f3na<\/title>\n<meta name=\"description\" content=\"A Pixelarq uruguayi projektje seg\u00edts\u00e9g\u00e9vel \u00fajj\u00e1\u00e9p\u00edtik a m\u00falt h\u00edres telep\u00fcl\u00e9seit vagy \u00e9ppen \u00e9p\u00edtm\u00e9nyeit. Megn\u00e9z\u00fcnk most n\u00e9h\u00e1nyat!\" \/>\n<meta name=\"robots\" content=\"index, follow, max-snippet:-1, max-image-preview:large, max-video-preview:-1\" \/>\n<link rel=\"canonical\" href=\"https:\/\/latinzona.hu\/index.php\/2025\/01\/16\/pixelarq-egy-izgalmas-uj-uruguayi-projekt\/\" \/>\n<meta property=\"og:locale\" content=\"hu_HU\" \/>\n<meta property=\"og:type\" content=\"article\" \/>\n<meta property=\"og:title\" content=\"A Pixelarq projekt: tegnap \u00e9s ma Uruguayban - Latin Z\u00f3na\" \/>\n<meta property=\"og:description\" content=\"A Pixelarq uruguayi projektje seg\u00edts\u00e9g\u00e9vel \u00fajj\u00e1\u00e9p\u00edtik a m\u00falt h\u00edres telep\u00fcl\u00e9seit vagy \u00e9ppen \u00e9p\u00edtm\u00e9nyeit. Megn\u00e9z\u00fcnk most n\u00e9h\u00e1nyat!\" \/>\n<meta property=\"og:url\" content=\"https:\/\/latinzona.hu\/index.php\/2025\/01\/16\/pixelarq-egy-izgalmas-uj-uruguayi-projekt\/\" \/>\n<meta property=\"og:site_name\" content=\"Latin Z\u00f3na\" \/>\n<meta property=\"article:published_time\" content=\"2025-01-16T18:11:06+00:00\" \/>\n<meta property=\"article:modified_time\" content=\"2025-01-16T18:11:08+00:00\" \/>\n<meta property=\"og:image\" content=\"https:\/\/latinzona.hu\/wp-content\/uploads\/2025\/01\/pixelarq.png\" \/>\n\t<meta property=\"og:image:width\" content=\"1590\" \/>\n\t<meta property=\"og:image:height\" content=\"686\" \/>\n<meta name=\"twitter:card\" content=\"summary_large_image\" \/>\n<meta name=\"twitter:label1\" content=\"Becs\u00fclt olvas\u00e1si id\u0151\">\n\t<meta name=\"twitter:data1\" content=\"1 perc\">\n<script type=\"application\/ld+json\" class=\"yoast-schema-graph\">{\"@context\":\"https:\/\/schema.org\",\"@graph\":[{\"@type\":\"WebSite\",\"@id\":\"https:\/\/latinzona.hu\/#website\",\"url\":\"https:\/\/latinzona.hu\/\",\"name\":\"Latin Z\\u00f3na\",\"description\":\"Mi D\\u00e9lre is figyel\\u00fcnk...\",\"potentialAction\":[{\"@type\":\"SearchAction\",\"target\":\"https:\/\/latinzona.hu\/?s={search_term_string}\",\"query-input\":\"required name=search_term_string\"}],\"inLanguage\":\"hu\"},{\"@type\":\"ImageObject\",\"@id\":\"https:\/\/latinzona.hu\/index.php\/2025\/01\/16\/pixelarq-egy-izgalmas-uj-uruguayi-projekt\/#primaryimage\",\"inLanguage\":\"hu\",\"url\":\"https:\/\/latinzona.hu\/wp-content\/uploads\/2025\/01\/pixelarq.png\",\"width\":1590,\"height\":686,\"caption\":\"Pixelarq\"},{\"@type\":\"WebPage\",\"@id\":\"https:\/\/latinzona.hu\/index.php\/2025\/01\/16\/pixelarq-egy-izgalmas-uj-uruguayi-projekt\/#webpage\",\"url\":\"https:\/\/latinzona.hu\/index.php\/2025\/01\/16\/pixelarq-egy-izgalmas-uj-uruguayi-projekt\/\",\"name\":\"A Pixelarq projekt: tegnap \\u00e9s ma Uruguayban - Latin Z\\u00f3na\",\"isPartOf\":{\"@id\":\"https:\/\/latinzona.hu\/#website\"},\"primaryImageOfPage\":{\"@id\":\"https:\/\/latinzona.hu\/index.php\/2025\/01\/16\/pixelarq-egy-izgalmas-uj-uruguayi-projekt\/#primaryimage\"},\"datePublished\":\"2025-01-16T18:11:06+00:00\",\"dateModified\":\"2025-01-16T18:11:08+00:00\",\"author\":{\"@id\":\"https:\/\/latinzona.hu\/#\/schema\/person\/de64af94bc35db4973955a05f752bd2d\"},\"description\":\"A Pixelarq uruguayi projektje seg\\u00edts\\u00e9g\\u00e9vel \\u00fajj\\u00e1\\u00e9p\\u00edtik a m\\u00falt h\\u00edres telep\\u00fcl\\u00e9seit vagy \\u00e9ppen \\u00e9p\\u00edtm\\u00e9nyeit. Megn\\u00e9z\\u00fcnk most n\\u00e9h\\u00e1nyat!\",\"inLanguage\":\"hu\",\"potentialAction\":[{\"@type\":\"ReadAction\",\"target\":[\"https:\/\/latinzona.hu\/index.php\/2025\/01\/16\/pixelarq-egy-izgalmas-uj-uruguayi-projekt\/\"]}]},{\"@type\":\"Person\",\"@id\":\"https:\/\/latinzona.hu\/#\/schema\/person\/de64af94bc35db4973955a05f752bd2d\",\"name\":\"Chileno\",\"image\":{\"@type\":\"ImageObject\",\"@id\":\"https:\/\/latinzona.hu\/#personlogo\",\"inLanguage\":\"hu\",\"url\":\"https:\/\/secure.gravatar.com\/avatar\/9a5fe6fe999607c0ed4bfce2f8ed2600?s=96&d=mm&r=g\",\"caption\":\"Chileno\"},\"sameAs\":[\"https:\/\/latinzona.hu\"]}]}<\/script>\n<!-- \/ Yoast SEO plugin. -->","_links":{"self":[{"href":"https:\/\/latinzona.hu\/index.php\/wp-json\/wp\/v2\/posts\/1041"}],"collection":[{"href":"https:\/\/latinzona.hu\/index.php\/wp-json\/wp\/v2\/posts"}],"about":[{"href":"https:\/\/latinzona.hu\/index.php\/wp-json\/wp\/v2\/types\/post"}],"author":[{"embeddable":true,"href":"https:\/\/latinzona.hu\/index.php\/wp-json\/wp\/v2\/users\/1"}],"replies":[{"embeddable":true,"href":"https:\/\/latinzona.hu\/index.php\/wp-json\/wp\/v2\/comments?post=1041"}],"version-history":[{"count":1,"href":"https:\/\/latinzona.hu\/index.php\/wp-json\/wp\/v2\/posts\/1041\/revisions"}],"predecessor-version":[{"id":1047,"href":"https:\/\/latinzona.hu\/index.php\/wp-json\/wp\/v2\/posts\/1041\/revisions\/1047"}],"wp:featuredmedia":[{"embeddable":true,"href":"https:\/\/latinzona.hu\/index.php\/wp-json\/wp\/v2\/media\/1046"}],"wp:attachment":[{"href":"https:\/\/latinzona.hu\/index.php\/wp-json\/wp\/v2\/media?parent=1041"}],"wp:term":[{"taxonomy":"category","embeddable":true,"href":"https:\/\/latinzona.hu\/index.php\/wp-json\/wp\/v2\/categories?post=1041"},{"taxonomy":"post_tag","embeddable":true,"href":"https:\/\/latinzona.hu\/index.php\/wp-json\/wp\/v2\/tags?post=1041"}],"curies":[{"name":"wp","href":"https:\/\/api.w.org\/{rel}","templated":true}]}}