{"id":1102,"date":"2025-02-05T06:03:00","date_gmt":"2025-02-05T06:03:00","guid":{"rendered":"https:\/\/latinzona.hu\/?p=1102"},"modified":"2025-02-04T20:11:16","modified_gmt":"2025-02-04T20:11:16","slug":"egyre-magasabb-szinten-all-a-mazar-viztarozo","status":"publish","type":"post","link":"https:\/\/latinzona.hu\/index.php\/2025\/02\/05\/egyre-magasabb-szinten-all-a-mazar-viztarozo\/","title":{"rendered":"V\u00e9gre cs\u00facsk\u00f6zelben az ecuadori Mazar-v\u00edzt\u00e1roz\u00f3"},"content":{"rendered":"\n<p>A mazari v\u00edzt\u00e1roz\u00f3 v\u00edzszintje 2024. december v\u00e9ge \u00f3ta emelkedik, miut\u00e1n a t\u00f6bb h\u00f3napig tart\u00f3 intenz\u00edv sz\u00e1razs\u00e1g ak\u00e1r napi 14 \u00f3r\u00e1s \u00e1ramsz\u00fcnetekkel j\u00e1rt. <strong>Az ecuadori villamosenergia-rendszer szempontj\u00e1b\u00f3l legfontosabb Mazar-v\u00edzt\u00e1roz\u00f3 folyamatosan t\u00f6lt\u0151dik, \u00e9s egyre k\u00f6zelebb ker\u00fcl a m\u0171k\u00f6d\u00e9shez sz\u00fcks\u00e9ges maxim\u00e1lis v\u00edzszinthez. <\/strong>A Mazar v\u00edzszintje 2025. febru\u00e1r 4-\u00e9n 11:00 \u00f3rakor 2151 m\u00e9terrel volt a tengerszint felett, azaz 1,94 m\u00e9terre volt a 2153 m\u00e9teres maxim\u00e1lis szint el\u00e9r\u00e9s\u00e9t\u0151l, az Ecuadori Villamos M\u0171vek (<a href=\"https:\/\/www.celec.gob.ec\/celecsur\/informacion-tecnica\/central-hidroelectrica-paute-mazar\/\">Celec<\/a>) nyilv\u00e1nos t\u00e1j\u00e9koztat\u00e1sa szerint. <\/p>\n\n\n\n<figure class=\"wp-block-image size-large\"><img loading=\"lazy\" width=\"860\" height=\"488\" src=\"https:\/\/latinzona.hu\/wp-content\/uploads\/2025\/02\/mazar.png\" alt=\"\" class=\"wp-image-1104\" srcset=\"https:\/\/latinzona.hu\/wp-content\/uploads\/2025\/02\/mazar.png 860w, https:\/\/latinzona.hu\/wp-content\/uploads\/2025\/02\/mazar-300x170.png 300w, https:\/\/latinzona.hu\/wp-content\/uploads\/2025\/02\/mazar-768x436.png 768w\" sizes=\"(max-width: 860px) 100vw, 860px\" \/><\/figure>\n\n\n\n<p>Az Austro r\u00e9gi\u00f3ban tal\u00e1lhat\u00f3 Mazar-v\u00edzt\u00e1roz\u00f3 v\u00edzszintj\u00e9nek emelked\u00e9se 2024 december\u00e9nek utols\u00f3 napjai \u00f3ta zajlik. <strong>Azut\u00e1n, hogy a h\u00f3napokig tart\u00f3 intenz\u00edv sz\u00e1razs\u00e1g miatt Ecuadorban <a href=\"https:\/\/latinzona.hu\/index.php\/2024\/12\/04\/energiaellatasi-problema-ele-nez-ecuador-2025-ben\/\">s\u00falyos villamosenergia-v\u00e1ls\u00e1g<\/a> alakult ki, amelynek k\u00f6vetkezt\u00e9ben 2024 okt\u00f3ber\u00e9ben naponta ak\u00e1r 14 \u00f3r\u00e1s \u00e1ramkimarad\u00e1sok is el\u0151fordulhattak.<\/strong> <\/p>\n\n\n\n<h2>A Mazar-v\u00edzt\u00e1roz\u00f3 t\u00f6lt\u0151d\u00e9se j\u00f3 az eg\u00e9sz rendszernek<\/h2>\n\n\n\n<p>A mazari v\u00edzt\u00e1roz\u00f3, ak\u00e1rcsak az Amaluza-g\u00e1t, a h\u00e1rom v\u00edzer\u0151m\u0171b\u0151l \u00e1ll\u00f3 Paute v\u00edzer\u0151m\u0171-komplexum r\u00e9sze. Ennek be\u00e9p\u00edtett kapacit\u00e1sa 1757 megawatt (MW), ami a nemzeti villamosenergia-sz\u00fcks\u00e9glet mintegy 38%-\u00e1nak felel meg. <\/p>\n\n\n\n<figure class=\"wp-block-image size-large\"><img loading=\"lazy\" width=\"1024\" height=\"576\" src=\"https:\/\/latinzona.hu\/wp-content\/uploads\/2025\/02\/primicias-1024x576.jpeg\" alt=\"\" class=\"wp-image-1105\" srcset=\"https:\/\/latinzona.hu\/wp-content\/uploads\/2025\/02\/primicias-1024x576.jpeg 1024w, https:\/\/latinzona.hu\/wp-content\/uploads\/2025\/02\/primicias-300x169.jpeg 300w, https:\/\/latinzona.hu\/wp-content\/uploads\/2025\/02\/primicias-768x432.jpeg 768w, https:\/\/latinzona.hu\/wp-content\/uploads\/2025\/02\/primicias-678x381.jpeg 678w, https:\/\/latinzona.hu\/wp-content\/uploads\/2025\/02\/primicias.jpeg 1200w\" sizes=\"(max-width: 1024px) 100vw, 1024px\" \/><\/figure>\n\n\n\n<p>Janu\u00e1r k\u00f6zep\u00e9n az energia\u00fcgyi miniszt\u00e9rium arr\u00f3l sz\u00e1molt be, hogy a Mazarban felhalmozott v\u00edzmennyis\u00e9ggel a v\u00edzer\u0151m\u0171-komplexum er\u0151m\u0171veinek m\u0171k\u00f6d\u00e9se a k\u00f6vetkez\u0151 h\u00e1rom h\u00f3napra, azaz 90 napra biztos\u00edtott. M\u00e9g akkor is, ha a v\u00edzhozam minim\u00e1lis szintre cs\u00f6kken. Amellett, hogy a 170 MW-os mazari er\u0151m\u0171 m\u0171k\u00f6d\u00e9s\u00e9t lehet\u0151v\u00e9 teszi, a mazari v\u00edzt\u00e1roz\u00f3 ell\u00e1tja a foly\u00e1sir\u00e1nyban lejjebb l\u00e9v\u0151 Amaluza v\u00edzt\u00e1roz\u00f3t. Amely viszont az orsz\u00e1g m\u00e1sodik legnagyobb, 1100 MW-os Paute-Molino v\u00edzer\u0151m\u0171v\u00e9t \u00e9s a 486 MW-os Sopladora er\u0151m\u0171vet l\u00e1tja el v\u00edzzel. <\/p>\n\n\n\n<figure class=\"wp-block-image size-large\"><img loading=\"lazy\" width=\"856\" height=\"442\" src=\"https:\/\/latinzona.hu\/wp-content\/uploads\/2025\/02\/amaluza.png\" alt=\"\" class=\"wp-image-1103\" srcset=\"https:\/\/latinzona.hu\/wp-content\/uploads\/2025\/02\/amaluza.png 856w, https:\/\/latinzona.hu\/wp-content\/uploads\/2025\/02\/amaluza-300x155.png 300w, https:\/\/latinzona.hu\/wp-content\/uploads\/2025\/02\/amaluza-768x397.png 768w\" sizes=\"(max-width: 856px) 100vw, 856px\" \/><\/figure>\n\n\n\n<p>Az Amaluza v\u00edzt\u00e1roz\u00f3 febru\u00e1r 4-\u00e9n 11:00 \u00f3rakor 1987,7 m\u00e9terrel volt a tengerszint felett, a maxim\u00e1lis szintje pedig 1991 m\u00e9teren van. <strong>Ami a komplexum m\u0171k\u00f6d\u00e9s\u00e9t illeti, a mazari er\u0151m\u0171vet febru\u00e1r 4-\u00e9ig le volt \u00e1ll\u00edtva. Ek\u00f6zben a Paute-Molino \u00e9s a Sopladora er\u0151m\u0171vek m\u0171k\u00f6dtek, b\u00e1r nem teljes kapacit\u00e1ssal<\/strong>. Az el\u0151bbi a 10 blokkj\u00e1b\u00f3l hat, az ut\u00f3bbi pedig a h\u00e1romb\u00f3l kett\u0151vel.<\/p>\n","protected":false},"excerpt":{"rendered":"<div class=\"mh-excerpt\"><p>A mazari v\u00edzt\u00e1roz\u00f3 v\u00edzszintje 2024. december v\u00e9ge \u00f3ta emelkedik, miut\u00e1n a t\u00f6bb h\u00f3napig tart\u00f3 intenz\u00edv sz\u00e1razs\u00e1g ak\u00e1r napi 14 \u00f3r\u00e1s \u00e1ramsz\u00fcnetekkel j\u00e1rt. Az ecuadori villamosenergia-rendszer <a class=\"mh-excerpt-more\" href=\"https:\/\/latinzona.hu\/index.php\/2025\/02\/05\/egyre-magasabb-szinten-all-a-mazar-viztarozo\/\" title=\"V\u00e9gre cs\u00facsk\u00f6zelben az ecuadori Mazar-v\u00edzt\u00e1roz\u00f3\">[&#8230;]<\/a><\/p>\n<\/div>","protected":false},"author":1,"featured_media":1105,"comment_status":"open","ping_status":"open","sticky":false,"template":"","format":"standard","meta":[],"categories":[7],"tags":[8],"yoast_head":"<!-- This site is optimized with the Yoast SEO plugin v15.5 - https:\/\/yoast.com\/wordpress\/plugins\/seo\/ -->\n<title>V\u00e9gre cs\u00facsk\u00f6zelben az ecuadori Mazar-v\u00edzt\u00e1roz\u00f3 - Latin Z\u00f3na<\/title>\n<meta name=\"description\" content=\"A Mazar-v\u00edzt\u00e1roz\u00f3 lassan el\u00e9ri maxim\u00e1lis szintj\u00e9t, ami nagyon j\u00f3 h\u00edr az ecuadori energiaell\u00e1t\u00f3 rendszernek \u00e9s a lakoss\u00e1gnak.\" \/>\n<meta name=\"robots\" content=\"index, follow, max-snippet:-1, max-image-preview:large, max-video-preview:-1\" \/>\n<link rel=\"canonical\" href=\"https:\/\/latinzona.hu\/index.php\/2025\/02\/05\/egyre-magasabb-szinten-all-a-mazar-viztarozo\/\" \/>\n<meta property=\"og:locale\" content=\"hu_HU\" \/>\n<meta property=\"og:type\" content=\"article\" \/>\n<meta property=\"og:title\" content=\"V\u00e9gre cs\u00facsk\u00f6zelben az ecuadori Mazar-v\u00edzt\u00e1roz\u00f3 - Latin Z\u00f3na\" \/>\n<meta property=\"og:description\" content=\"A Mazar-v\u00edzt\u00e1roz\u00f3 lassan el\u00e9ri maxim\u00e1lis szintj\u00e9t, ami nagyon j\u00f3 h\u00edr az ecuadori energiaell\u00e1t\u00f3 rendszernek \u00e9s a lakoss\u00e1gnak.\" \/>\n<meta property=\"og:url\" content=\"https:\/\/latinzona.hu\/index.php\/2025\/02\/05\/egyre-magasabb-szinten-all-a-mazar-viztarozo\/\" \/>\n<meta property=\"og:site_name\" content=\"Latin Z\u00f3na\" \/>\n<meta property=\"article:published_time\" content=\"2025-02-05T06:03:00+00:00\" \/>\n<meta property=\"article:modified_time\" content=\"2025-02-04T20:11:16+00:00\" \/>\n<meta property=\"og:image\" content=\"https:\/\/latinzona.hu\/wp-content\/uploads\/2025\/02\/primicias.jpeg\" \/>\n\t<meta property=\"og:image:width\" content=\"1200\" \/>\n\t<meta property=\"og:image:height\" content=\"675\" \/>\n<meta name=\"twitter:card\" content=\"summary_large_image\" \/>\n<meta name=\"twitter:label1\" content=\"Becs\u00fclt olvas\u00e1si id\u0151\">\n\t<meta name=\"twitter:data1\" content=\"2 perc\">\n<script type=\"application\/ld+json\" class=\"yoast-schema-graph\">{\"@context\":\"https:\/\/schema.org\",\"@graph\":[{\"@type\":\"WebSite\",\"@id\":\"https:\/\/latinzona.hu\/#website\",\"url\":\"https:\/\/latinzona.hu\/\",\"name\":\"Latin Z\\u00f3na\",\"description\":\"Mi D\\u00e9lre is figyel\\u00fcnk...\",\"potentialAction\":[{\"@type\":\"SearchAction\",\"target\":\"https:\/\/latinzona.hu\/?s={search_term_string}\",\"query-input\":\"required name=search_term_string\"}],\"inLanguage\":\"hu\"},{\"@type\":\"ImageObject\",\"@id\":\"https:\/\/latinzona.hu\/index.php\/2025\/02\/05\/egyre-magasabb-szinten-all-a-mazar-viztarozo\/#primaryimage\",\"inLanguage\":\"hu\",\"url\":\"https:\/\/latinzona.hu\/wp-content\/uploads\/2025\/02\/primicias.jpeg\",\"width\":1200,\"height\":675},{\"@type\":\"WebPage\",\"@id\":\"https:\/\/latinzona.hu\/index.php\/2025\/02\/05\/egyre-magasabb-szinten-all-a-mazar-viztarozo\/#webpage\",\"url\":\"https:\/\/latinzona.hu\/index.php\/2025\/02\/05\/egyre-magasabb-szinten-all-a-mazar-viztarozo\/\",\"name\":\"V\\u00e9gre cs\\u00facsk\\u00f6zelben az ecuadori Mazar-v\\u00edzt\\u00e1roz\\u00f3 - Latin Z\\u00f3na\",\"isPartOf\":{\"@id\":\"https:\/\/latinzona.hu\/#website\"},\"primaryImageOfPage\":{\"@id\":\"https:\/\/latinzona.hu\/index.php\/2025\/02\/05\/egyre-magasabb-szinten-all-a-mazar-viztarozo\/#primaryimage\"},\"datePublished\":\"2025-02-05T06:03:00+00:00\",\"dateModified\":\"2025-02-04T20:11:16+00:00\",\"author\":{\"@id\":\"https:\/\/latinzona.hu\/#\/schema\/person\/de64af94bc35db4973955a05f752bd2d\"},\"description\":\"A Mazar-v\\u00edzt\\u00e1roz\\u00f3 lassan el\\u00e9ri maxim\\u00e1lis szintj\\u00e9t, ami nagyon j\\u00f3 h\\u00edr az ecuadori energiaell\\u00e1t\\u00f3 rendszernek \\u00e9s a lakoss\\u00e1gnak.\",\"inLanguage\":\"hu\",\"potentialAction\":[{\"@type\":\"ReadAction\",\"target\":[\"https:\/\/latinzona.hu\/index.php\/2025\/02\/05\/egyre-magasabb-szinten-all-a-mazar-viztarozo\/\"]}]},{\"@type\":\"Person\",\"@id\":\"https:\/\/latinzona.hu\/#\/schema\/person\/de64af94bc35db4973955a05f752bd2d\",\"name\":\"Chileno\",\"image\":{\"@type\":\"ImageObject\",\"@id\":\"https:\/\/latinzona.hu\/#personlogo\",\"inLanguage\":\"hu\",\"url\":\"https:\/\/secure.gravatar.com\/avatar\/9a5fe6fe999607c0ed4bfce2f8ed2600?s=96&d=mm&r=g\",\"caption\":\"Chileno\"},\"sameAs\":[\"https:\/\/latinzona.hu\"]}]}<\/script>\n<!-- \/ Yoast SEO plugin. -->","_links":{"self":[{"href":"https:\/\/latinzona.hu\/index.php\/wp-json\/wp\/v2\/posts\/1102"}],"collection":[{"href":"https:\/\/latinzona.hu\/index.php\/wp-json\/wp\/v2\/posts"}],"about":[{"href":"https:\/\/latinzona.hu\/index.php\/wp-json\/wp\/v2\/types\/post"}],"author":[{"embeddable":true,"href":"https:\/\/latinzona.hu\/index.php\/wp-json\/wp\/v2\/users\/1"}],"replies":[{"embeddable":true,"href":"https:\/\/latinzona.hu\/index.php\/wp-json\/wp\/v2\/comments?post=1102"}],"version-history":[{"count":1,"href":"https:\/\/latinzona.hu\/index.php\/wp-json\/wp\/v2\/posts\/1102\/revisions"}],"predecessor-version":[{"id":1106,"href":"https:\/\/latinzona.hu\/index.php\/wp-json\/wp\/v2\/posts\/1102\/revisions\/1106"}],"wp:featuredmedia":[{"embeddable":true,"href":"https:\/\/latinzona.hu\/index.php\/wp-json\/wp\/v2\/media\/1105"}],"wp:attachment":[{"href":"https:\/\/latinzona.hu\/index.php\/wp-json\/wp\/v2\/media?parent=1102"}],"wp:term":[{"taxonomy":"category","embeddable":true,"href":"https:\/\/latinzona.hu\/index.php\/wp-json\/wp\/v2\/categories?post=1102"},{"taxonomy":"post_tag","embeddable":true,"href":"https:\/\/latinzona.hu\/index.php\/wp-json\/wp\/v2\/tags?post=1102"}],"curies":[{"name":"wp","href":"https:\/\/api.w.org\/{rel}","templated":true}]}}