{"id":1107,"date":"2025-02-06T08:11:00","date_gmt":"2025-02-06T08:11:00","guid":{"rendered":"https:\/\/latinzona.hu\/?p=1107"},"modified":"2025-02-05T21:17:33","modified_gmt":"2025-02-05T21:17:33","slug":"brazilia-legnepszerubb-autoja-tovabbra-is-a-fiat-strada","status":"publish","type":"post","link":"https:\/\/latinzona.hu\/index.php\/2025\/02\/06\/brazilia-legnepszerubb-autoja-tovabbra-is-a-fiat-strada\/","title":{"rendered":"Ez volt Braz\u00edlia legn\u00e9pszer\u0171bb aut\u00f3ja janu\u00e1rban"},"content":{"rendered":"\n<p>A 2025-\u00f6s \u00e9v eleje \u00fajdons\u00e1gokat hozott a brazil aut\u00f3piacon, viszont n\u00e9h\u00e1ny modell kiemelked\u0151en n\u00e9pszer\u0171nek bizonyult. <strong>A Fiat Strada meg\u0151rizte vezet\u0151 poz\u00edci\u00f3j\u00e1t, jelent\u0151s \u00e9rt\u00e9kes\u00edt\u00e9si volument k\u00f6nyvelhetett el, \u00e9s elt\u00e1volodott versenyt\u00e1rsait\u00f3l<\/strong>. Ez a kompakt pick-up er\u0151s versenyt\u00e1rs minden m\u00e1s m\u00e1rka sz\u00e1m\u00e1ra, \u00e9s \u00faton van az \u00f6<a href=\"https:\/\/g1.globo.com\/economia\/noticia\/2022\/01\/06\/fiat-strada-e-o-veiculo-novo-mais-vendido-do-brasil-em-2021-veja-a-lista.ghtml\">tsz\u00f6r\u00f6s orsz\u00e1gos elad\u00e1si c\u00edm megszerz\u00e9se fel\u00e9<\/a>. <\/p>\n\n\n\n<p>A janu\u00e1r m\u00e1sik f\u00e9nypontja a Volkswagen Polo fellend\u00fcl\u00e9se volt, amelynek siker\u00fclt megel\u0151znie k\u00f6zvetlen riv\u00e1lis\u00e1t, a Chevrolet Onixot. Ennek ellen\u00e9re a Polo m\u00e9g mindig jelent\u0151sen elmaradt a Strada m\u00f6g\u00f6tt. Mondjuk ez v\u00e1rhat\u00f3 volt, tekintve az olasz pick-up folyamatos sz\u00e1rnyal\u00e1s\u00e1t a brazil piacon. <\/p>\n\n\n\n<h2>Braz\u00edlia legn\u00e9pszer\u0171bb aut\u00f3ja a Chevrolet Tracker a SUV kateg\u00f3ri\u00e1ban<\/h2>\n\n\n\n<p>Az SUV-szegmens tov\u00e1bbra is egyre nagyobb teret nyer Braz\u00edli\u00e1ban, \u00e9s ez 2025 janu\u00e1rj\u00e1ban sem volt m\u00e1sk\u00e9pp. A Chevrolet Tracker emelkedett ki a legkelend\u0151bb SUV-k\u00e9nt, megel\u0151zve a Volkswagen T-Cross-t. <strong>A Tracker visszaszerezte a 2022-ben megszerzett vezet\u0151 poz\u00edci\u00f3j\u00e1t, ami a fogyaszt\u00f3i preferenci\u00e1k \u00e9l\u00e9nk\u00fcl\u00e9s\u00e9t mutatja. Mellette m\u00e1s modellek, p\u00e9ld\u00e1ul a Nissan Kicks, a Jeep Compass, a Hyundai Creta \u00e9s a Honda HR-V is j\u00f3 poz\u00edci\u00f3kat szerzett a t\u00edz legkelend\u0151bb modell k\u00f6z\u00f6tt. <\/strong><\/p>\n\n\n\n<p>Az al\u00e1bbiakban felsoroljuk azt a 16 modellt, amelyek 2025 janu\u00e1rj\u00e1ban kiemelkedtek az elad\u00e1sok tekintet\u00e9ben. Ezek a modellek t\u00fckr\u00f6zik mind a fogyaszt\u00f3i preferenci\u00e1kat, mind a brazil aut\u00f3piaci trendeket, bele\u00e9rtve egyes m\u00e1rk\u00e1k folyamatos siker\u00e9t \u00e9s m\u00e1sok \u00fajb\u00f3li felemelked\u00e9s\u00e9t.<\/p>\n\n\n\n<p>FIAT STRADA &#8211; 8777 darab<br>VOLKSWAGEN POLO &#8211; 5801 darab<br>CHEVROLET ONIX &#8211; 5576 darab<br>CHEVROLET TRACKER &#8211; 5416 darab<br>VOLKSWAGEN T-CROSS &#8211; 5312 darab<br>FIAT ARGO &#8211; 5173 darab<br>NISSAN KICKS &#8211; 4458 darab<br>JEEP COMPASS &#8211; 4436 darab<br>HYUNDAI CRETA &#8211; 4373 darab<br>HONDA HR-V &#8211; 4273 darab<br>FIAT MOBI &#8211; 4024 darab<br>TOYOTA HILUX &#8211; 3747 darab<br>JEEP RENEGADE &#8211; 3679 darab<br>HYUNDAI HB20 &#8211; 3678 darab<br>FIAT PULSE &#8211; 3588 darab<br>FIAT TORO &#8211; 3451 darab<\/p>\n\n\n\n<h3>\u00c9s hogy mit v\u00e1rhatunk az aut\u00f3piact\u00f3l 2025 eg\u00e9sz\u00e9ben Braz\u00edli\u00e1ban? <\/h3>\n\n\n\n<p>A brazil aut\u00f3ipar 2025-re vonatkoz\u00f3 kil\u00e1t\u00e1sai azt sugallj\u00e1k, hogy a m\u00e1rk\u00e1k \u00e9s modellek k\u00f6z\u00f6tti verseny tov\u00e1bbra is \u00e9les marad. A technol\u00f3giai innov\u00e1ci\u00f3, az \u00fczemanyag-hat\u00e9konys\u00e1g \u00e9s a formatervez\u00e9s ir\u00e1nti kereslet tov\u00e1bbra is befoly\u00e1solja a fogyaszt\u00f3k v\u00e1laszt\u00e1s\u00e1t. V\u00e1rhat\u00f3an a fenntarthat\u00f3bb j\u00e1rm\u0171vek is teret nyernek, mivel a k\u00f6rnyezettudatos megold\u00e1sok ir\u00e1nti kereslet n\u00f6vekszik. <\/p>\n\n\n\n<p>A Fiat Strada tov\u00e1bbra is er\u0151s versenyz\u0151 marad, de m\u00e1s modellek is meglepet\u00e9st okozhatnak az elk\u00f6vetkez\u0151 h\u00f3napokban. M\u00e1s helyeken term\u00e9szetesen m\u00e1s a lista, <a href=\"https:\/\/latinzona.hu\/index.php\/2024\/12\/19\/ezek-voltak-a-legnepszerubb-automarkak-panamaban-2024-ben\/\">l\u00e1sd Panama.<\/a><\/p>\n","protected":false},"excerpt":{"rendered":"<div class=\"mh-excerpt\"><p>A 2025-\u00f6s \u00e9v eleje \u00fajdons\u00e1gokat hozott a brazil aut\u00f3piacon, viszont n\u00e9h\u00e1ny modell kiemelked\u0151en n\u00e9pszer\u0171nek bizonyult. A Fiat Strada meg\u0151rizte vezet\u0151 poz\u00edci\u00f3j\u00e1t, jelent\u0151s \u00e9rt\u00e9kes\u00edt\u00e9si volument k\u00f6nyvelhetett <a class=\"mh-excerpt-more\" href=\"https:\/\/latinzona.hu\/index.php\/2025\/02\/06\/brazilia-legnepszerubb-autoja-tovabbra-is-a-fiat-strada\/\" title=\"Ez volt Braz\u00edlia legn\u00e9pszer\u0171bb aut\u00f3ja janu\u00e1rban\">[&#8230;]<\/a><\/p>\n<\/div>","protected":false},"author":1,"featured_media":1108,"comment_status":"open","ping_status":"open","sticky":false,"template":"","format":"standard","meta":[],"categories":[42],"tags":[297,43],"yoast_head":"<!-- This site is optimized with the Yoast SEO plugin v15.5 - https:\/\/yoast.com\/wordpress\/plugins\/seo\/ -->\n<title>Ez volt Braz\u00edlia legn\u00e9pszer\u0171bb aut\u00f3ja janu\u00e1rban - Latin Z\u00f3na<\/title>\n<meta name=\"description\" content=\"Braz\u00edlia legn\u00e9pszer\u0171bb aut\u00f3ja tov\u00e1bbra is a Fiat Strada, egyszer\u0171en semmi m\u00e1s nem \u00e9r a nyom\u00e1ba, de ez m\u00e1r el\u00e9g r\u00e9g\u00f3ta \u00edgy van.\" \/>\n<meta name=\"robots\" content=\"index, follow, max-snippet:-1, max-image-preview:large, max-video-preview:-1\" \/>\n<link rel=\"canonical\" href=\"https:\/\/latinzona.hu\/index.php\/2025\/02\/06\/brazilia-legnepszerubb-autoja-tovabbra-is-a-fiat-strada\/\" \/>\n<meta property=\"og:locale\" content=\"hu_HU\" \/>\n<meta property=\"og:type\" content=\"article\" \/>\n<meta property=\"og:title\" content=\"Ez volt Braz\u00edlia legn\u00e9pszer\u0171bb aut\u00f3ja janu\u00e1rban - Latin Z\u00f3na\" \/>\n<meta property=\"og:description\" content=\"Braz\u00edlia legn\u00e9pszer\u0171bb aut\u00f3ja tov\u00e1bbra is a Fiat Strada, egyszer\u0171en semmi m\u00e1s nem \u00e9r a nyom\u00e1ba, de ez m\u00e1r el\u00e9g r\u00e9g\u00f3ta \u00edgy van.\" \/>\n<meta property=\"og:url\" content=\"https:\/\/latinzona.hu\/index.php\/2025\/02\/06\/brazilia-legnepszerubb-autoja-tovabbra-is-a-fiat-strada\/\" \/>\n<meta property=\"og:site_name\" content=\"Latin Z\u00f3na\" \/>\n<meta property=\"article:published_time\" content=\"2025-02-06T08:11:00+00:00\" \/>\n<meta property=\"article:modified_time\" content=\"2025-02-05T21:17:33+00:00\" \/>\n<meta property=\"og:image\" content=\"https:\/\/latinzona.hu\/wp-content\/uploads\/2025\/02\/strada.png\" \/>\n\t<meta property=\"og:image:width\" content=\"1336\" \/>\n\t<meta property=\"og:image:height\" content=\"687\" \/>\n<meta name=\"twitter:card\" content=\"summary_large_image\" \/>\n<meta name=\"twitter:label1\" content=\"Becs\u00fclt olvas\u00e1si id\u0151\">\n\t<meta name=\"twitter:data1\" content=\"2 perc\">\n<script type=\"application\/ld+json\" class=\"yoast-schema-graph\">{\"@context\":\"https:\/\/schema.org\",\"@graph\":[{\"@type\":\"WebSite\",\"@id\":\"https:\/\/latinzona.hu\/#website\",\"url\":\"https:\/\/latinzona.hu\/\",\"name\":\"Latin Z\\u00f3na\",\"description\":\"Mi D\\u00e9lre is figyel\\u00fcnk...\",\"potentialAction\":[{\"@type\":\"SearchAction\",\"target\":\"https:\/\/latinzona.hu\/?s={search_term_string}\",\"query-input\":\"required name=search_term_string\"}],\"inLanguage\":\"hu\"},{\"@type\":\"ImageObject\",\"@id\":\"https:\/\/latinzona.hu\/index.php\/2025\/02\/06\/brazilia-legnepszerubb-autoja-tovabbra-is-a-fiat-strada\/#primaryimage\",\"inLanguage\":\"hu\",\"url\":\"https:\/\/latinzona.hu\/wp-content\/uploads\/2025\/02\/strada.png\",\"width\":1336,\"height\":687},{\"@type\":\"WebPage\",\"@id\":\"https:\/\/latinzona.hu\/index.php\/2025\/02\/06\/brazilia-legnepszerubb-autoja-tovabbra-is-a-fiat-strada\/#webpage\",\"url\":\"https:\/\/latinzona.hu\/index.php\/2025\/02\/06\/brazilia-legnepszerubb-autoja-tovabbra-is-a-fiat-strada\/\",\"name\":\"Ez volt Braz\\u00edlia legn\\u00e9pszer\\u0171bb aut\\u00f3ja janu\\u00e1rban - Latin Z\\u00f3na\",\"isPartOf\":{\"@id\":\"https:\/\/latinzona.hu\/#website\"},\"primaryImageOfPage\":{\"@id\":\"https:\/\/latinzona.hu\/index.php\/2025\/02\/06\/brazilia-legnepszerubb-autoja-tovabbra-is-a-fiat-strada\/#primaryimage\"},\"datePublished\":\"2025-02-06T08:11:00+00:00\",\"dateModified\":\"2025-02-05T21:17:33+00:00\",\"author\":{\"@id\":\"https:\/\/latinzona.hu\/#\/schema\/person\/de64af94bc35db4973955a05f752bd2d\"},\"description\":\"Braz\\u00edlia legn\\u00e9pszer\\u0171bb aut\\u00f3ja tov\\u00e1bbra is a Fiat Strada, egyszer\\u0171en semmi m\\u00e1s nem \\u00e9r a nyom\\u00e1ba, de ez m\\u00e1r el\\u00e9g r\\u00e9g\\u00f3ta \\u00edgy van.\",\"inLanguage\":\"hu\",\"potentialAction\":[{\"@type\":\"ReadAction\",\"target\":[\"https:\/\/latinzona.hu\/index.php\/2025\/02\/06\/brazilia-legnepszerubb-autoja-tovabbra-is-a-fiat-strada\/\"]}]},{\"@type\":\"Person\",\"@id\":\"https:\/\/latinzona.hu\/#\/schema\/person\/de64af94bc35db4973955a05f752bd2d\",\"name\":\"Chileno\",\"image\":{\"@type\":\"ImageObject\",\"@id\":\"https:\/\/latinzona.hu\/#personlogo\",\"inLanguage\":\"hu\",\"url\":\"https:\/\/secure.gravatar.com\/avatar\/9a5fe6fe999607c0ed4bfce2f8ed2600?s=96&d=mm&r=g\",\"caption\":\"Chileno\"},\"sameAs\":[\"https:\/\/latinzona.hu\"]}]}<\/script>\n<!-- \/ Yoast SEO plugin. -->","_links":{"self":[{"href":"https:\/\/latinzona.hu\/index.php\/wp-json\/wp\/v2\/posts\/1107"}],"collection":[{"href":"https:\/\/latinzona.hu\/index.php\/wp-json\/wp\/v2\/posts"}],"about":[{"href":"https:\/\/latinzona.hu\/index.php\/wp-json\/wp\/v2\/types\/post"}],"author":[{"embeddable":true,"href":"https:\/\/latinzona.hu\/index.php\/wp-json\/wp\/v2\/users\/1"}],"replies":[{"embeddable":true,"href":"https:\/\/latinzona.hu\/index.php\/wp-json\/wp\/v2\/comments?post=1107"}],"version-history":[{"count":1,"href":"https:\/\/latinzona.hu\/index.php\/wp-json\/wp\/v2\/posts\/1107\/revisions"}],"predecessor-version":[{"id":1109,"href":"https:\/\/latinzona.hu\/index.php\/wp-json\/wp\/v2\/posts\/1107\/revisions\/1109"}],"wp:featuredmedia":[{"embeddable":true,"href":"https:\/\/latinzona.hu\/index.php\/wp-json\/wp\/v2\/media\/1108"}],"wp:attachment":[{"href":"https:\/\/latinzona.hu\/index.php\/wp-json\/wp\/v2\/media?parent=1107"}],"wp:term":[{"taxonomy":"category","embeddable":true,"href":"https:\/\/latinzona.hu\/index.php\/wp-json\/wp\/v2\/categories?post=1107"},{"taxonomy":"post_tag","embeddable":true,"href":"https:\/\/latinzona.hu\/index.php\/wp-json\/wp\/v2\/tags?post=1107"}],"curies":[{"name":"wp","href":"https:\/\/api.w.org\/{rel}","templated":true}]}}