{"id":1110,"date":"2025-02-07T08:45:00","date_gmt":"2025-02-07T08:45:00","guid":{"rendered":"https:\/\/latinzona.hu\/?p=1110"},"modified":"2025-02-06T19:51:41","modified_gmt":"2025-02-06T19:51:41","slug":"a-nehany-eve-felfedezett-kolumbiai-barlangrajzok-keletkezese-meg-mindig-rejtely","status":"publish","type":"post","link":"https:\/\/latinzona.hu\/index.php\/2025\/02\/07\/a-nehany-eve-felfedezett-kolumbiai-barlangrajzok-keletkezese-meg-mindig-rejtely\/","title":{"rendered":"Csod\u00e1s kolumbiai barlangrajzok"},"content":{"rendered":"\n<p>Rendk\u00edv\u00fcl \u00e9rdekes barlangrajzokra bukkantak r\u00e9g\u00e9szek Kolumbi\u00e1ban n\u00e9h\u00e1ny \u00e9ve. <strong>A felfedez\u00e9sek eredm\u00e9nyei m\u00e9g sok\u00e1ig vel\u00fcnk lesznek majd. T\u00f6bb t\u00edzezer \u0151skori \u00e1llat- \u00e9s ember\u00e1br\u00e1zol\u00e1st fedeztek fel Kolumbia egy t\u00e1voli ter\u00fclet\u00e9n. <\/strong>N\u00e9h\u00e1ny ma m\u00e1r kihalt \u00e1llatot \u00e1br\u00e1zolnak a rajzok egy r\u00e9sz\u00e9n, ami azt jelenti, hogy az alkot\u00e1sok val\u00f3sz\u00edn\u0171leg t\u00f6bb mint 12500 \u00e9vesek. Ezekt\u0151l a barlangrajzokt\u00f3l el\u00e1ll a l\u00e9legzet\u00fcnk. <\/p>\n\n\n\n<figure class=\"wp-block-image size-large\"><img loading=\"lazy\" width=\"1024\" height=\"546\" src=\"https:\/\/latinzona.hu\/wp-content\/uploads\/2025\/02\/rajz1-1024x546.png\" alt=\"\" class=\"wp-image-1111\" srcset=\"https:\/\/latinzona.hu\/wp-content\/uploads\/2025\/02\/rajz1-1024x546.png 1024w, https:\/\/latinzona.hu\/wp-content\/uploads\/2025\/02\/rajz1-300x160.png 300w, https:\/\/latinzona.hu\/wp-content\/uploads\/2025\/02\/rajz1-768x410.png 768w, https:\/\/latinzona.hu\/wp-content\/uploads\/2025\/02\/rajz1.png 1318w\" sizes=\"(max-width: 1024px) 100vw, 1024px\" \/><\/figure>\n\n\n\n<h2>Az \u00fajonnan felfedezett kolumbiai barlangrajzok<\/h2>\n\n\n\n<p>Csaknem 12 kilom\u00e9ter hossz\u00fa sziklafalra felv\u00e1zolt geometriai form\u00e1k mellett t\u00f6bb t\u00edzezer \u00e1llat- \u00e9s ember\u00e1br\u00e1zol\u00e1s l\u00e1that\u00f3, k\u00f6zt\u00fck halak, tekn\u0151s\u00f6k, gy\u00edkok \u00e9s madarak, t\u00e1ncol\u00f3 vagy egym\u00e1s kez\u00e9t fog\u00f3 emberek, maszkos alakok \u00e9s rengeteg k\u00e9zlenyomat. <\/p>\n\n\n\n<p>Olyan, m\u00e1r r\u00e9gen kihalt \u00e1llatok is szerepelnek, mint az \u00f3ri\u00e1s lajh\u00e1rok, a j\u00e9gkorszaki lovak vagy a paleol\u00e1ma, egy \u0151si tevefajta. M\u00e9g egy k\u00e9p is van az <a href=\"https:\/\/en.wikipedia.org\/wiki\/Mastodon\">amastodonr\u00f3l<\/a>, az elef\u00e1nt egy \u0151skori rokon\u00e1r\u00f3l, amely az elm\u00falt 12 000 \u00e9vben nem lakta D\u00e9l-Amerik\u00e1t. <strong>Ezek a festm\u00e9nyek egy\u00e9rtelm\u0171nek t\u0171nnek, hogy a sziklarajzok t\u00f6bb mint 12500 \u00e9vvel ezel\u0151tt k\u00e9sz\u00fcltek. <\/strong>A r\u00e9g\u00e9szek okkerdarabokat is tal\u00e1ltak, amelyek seg\u00edts\u00e9g\u00e9vel elk\u00e9sz\u00edtett\u00e9k a v\u00f6r\u00f6ses terrakotta sz\u00edn\u0171re festett k\u00e9peket. <\/p>\n\n\n\n<figure class=\"wp-block-image size-large\"><img loading=\"lazy\" width=\"1024\" height=\"513\" src=\"https:\/\/latinzona.hu\/wp-content\/uploads\/2025\/02\/rajz2-1024x513.png\" alt=\"\" class=\"wp-image-1112\" srcset=\"https:\/\/latinzona.hu\/wp-content\/uploads\/2025\/02\/rajz2-1024x513.png 1024w, https:\/\/latinzona.hu\/wp-content\/uploads\/2025\/02\/rajz2-300x150.png 300w, https:\/\/latinzona.hu\/wp-content\/uploads\/2025\/02\/rajz2-768x385.png 768w, https:\/\/latinzona.hu\/wp-content\/uploads\/2025\/02\/rajz2.png 1341w\" sizes=\"(max-width: 1024px) 100vw, 1024px\" \/><\/figure>\n\n\n\n<p>A leny\u0171g\u00f6z\u0151 sziklarajzokat 2017-ben fedezte fel el\u0151sz\u00f6r egy brit-kolumbiai kutat\u00f3csoport, de a szenz\u00e1ci\u00f3s leletet sok\u00e1ig titokban tartott\u00e1k. Nem meglep\u0151, hogy ezek a j\u00e9gkorszaki alkot\u00e1sok ilyen sok\u00e1ig felfedezetlenek maradtak. A lel\u0151hely a Serrania de la Lindosa hegys\u00e9gben tal\u00e1lhat\u00f3, a kolumbiai dzsungel k\u00f6zep\u00e9n. <\/p>\n\n\n\n<p>A lel\u0151hely megk\u00f6zel\u00edt\u00e9s\u00e9t nehez\u00edti, hogy a r\u00e9gi\u00f3t nem is olyan r\u00e9gen m\u00e9g a FARC l\u00e1zad\u00f3i ellen\u0151rizt\u00e9k, \u00edgy a r\u00e9g\u00e9szek sz\u00e1m\u00e1ra teljesen megk\u00f6zel\u00edthetetlen volt. Csak a k\u00f6zelm\u00faltban, miut\u00e1n a FARC gerill\u00e1i \u00e9s a kolumbiai korm\u00e1ny 50 \u00e9v polg\u00e1rh\u00e1bor\u00fa ut\u00e1n v\u00e9gre t\u0171zsz\u00fcnetet k\u00f6t\u00f6ttek, mer\u00e9szkedhettek a r\u00e9g\u00e9szek a t\u00e1voli ter\u00fcletre. Mondjuk a <a href=\"https:\/\/latinzona.hu\/index.php\/2023\/04\/22\/kolumbia-szovetseget-kotott-venezuelaval-az-eln-ellen\/\">helyzet\u00fck most sem egyszer\u0171<\/a>.<\/p>\n\n\n\n<figure class=\"wp-block-image size-large\"><img loading=\"lazy\" width=\"1024\" height=\"539\" src=\"https:\/\/latinzona.hu\/wp-content\/uploads\/2025\/02\/rajz3-1024x539.png\" alt=\"\" class=\"wp-image-1113\" srcset=\"https:\/\/latinzona.hu\/wp-content\/uploads\/2025\/02\/rajz3-1024x539.png 1024w, https:\/\/latinzona.hu\/wp-content\/uploads\/2025\/02\/rajz3-300x158.png 300w, https:\/\/latinzona.hu\/wp-content\/uploads\/2025\/02\/rajz3-768x404.png 768w, https:\/\/latinzona.hu\/wp-content\/uploads\/2025\/02\/rajz3.png 1277w\" sizes=\"(max-width: 1024px) 100vw, 1024px\" \/><\/figure>\n\n\n\n<p><strong>A k\u00e9pek er\u0151sen eml\u00e9keztetnek a szomsz\u00e9dos Chiribiquete Nemzeti Parkban \u00e9vekkel ezel\u0151tt felfedezett t\u00f6bb mint 20000 sziklarajzra.<\/strong> Ezek a rajzok bizony\u00edtj\u00e1k, hogy a ter\u00fcleten m\u00e1r 19000 \u00e9vvel ezel\u0151tt is \u00e9ltek emberek, akik vad\u00e1szati, t\u00e1ncos \u00e9s \u00e9tkez\u00e9si jelenetekkel d\u00edsz\u00edtett\u00e9k a sziklafalakat. Az ember\u00e1br\u00e1zol\u00e1sok mellett j\u00e1vorszarvasok, s\u00fcndiszn\u00f3k, k\u00edgy\u00f3k, madarak, majmok \u00e9s rovarok k\u00e9pei is megtal\u00e1lhat\u00f3k a falakon. <\/p>\n\n\n\n<p>A vil\u00e1g\u00f6r\u00f6ks\u00e9g r\u00e9sz\u00e9t k\u00e9pez\u0151 Chiribiquete Nemzeti Parkban tal\u00e1lhat\u00f3 \u00e1llat- \u00e9s ember\u00e1br\u00e1zol\u00e1sok t\u00f6bbs\u00e9ge azonban kis, nehezen megk\u00f6zel\u00edthet\u0151, magasan fekv\u0151 barlangokban tal\u00e1lhat\u00f3. Az m\u00e1r most l\u00e1tszik, hogy \u00e9vtizedekbe fog telni, am\u00edg a kolumbiai barlangrajzok mindegyik\u00e9t dokument\u00e1lj\u00e1k \u00e9s elemzik.<\/p>\n","protected":false},"excerpt":{"rendered":"<div class=\"mh-excerpt\"><p>Rendk\u00edv\u00fcl \u00e9rdekes barlangrajzokra bukkantak r\u00e9g\u00e9szek Kolumbi\u00e1ban n\u00e9h\u00e1ny \u00e9ve. A felfedez\u00e9sek eredm\u00e9nyei m\u00e9g sok\u00e1ig vel\u00fcnk lesznek majd. T\u00f6bb t\u00edzezer \u0151skori \u00e1llat- \u00e9s ember\u00e1br\u00e1zol\u00e1st fedeztek fel Kolumbia <a class=\"mh-excerpt-more\" href=\"https:\/\/latinzona.hu\/index.php\/2025\/02\/07\/a-nehany-eve-felfedezett-kolumbiai-barlangrajzok-keletkezese-meg-mindig-rejtely\/\" title=\"Csod\u00e1s kolumbiai barlangrajzok\">[&#8230;]<\/a><\/p>\n<\/div>","protected":false},"author":1,"featured_media":1111,"comment_status":"open","ping_status":"open","sticky":false,"template":"","format":"standard","meta":[],"categories":[31],"tags":[32],"yoast_head":"<!-- This site is optimized with the Yoast SEO plugin v15.5 - https:\/\/yoast.com\/wordpress\/plugins\/seo\/ -->\n<title>Csod\u00e1s kolumbiai barlangrajzok - Latin Z\u00f3na<\/title>\n<meta name=\"description\" content=\"A n\u00e9h\u00e1ny \u00e9ve felfedezett kolumbiai barlangrajzok keletkez\u00e9se m\u00e9g mindig rejt\u00e9ly, de az biztos, hogy sz\u00e1mtalan van bel\u0151l\u00fck.\" \/>\n<meta name=\"robots\" content=\"index, follow, max-snippet:-1, max-image-preview:large, max-video-preview:-1\" \/>\n<link rel=\"canonical\" href=\"https:\/\/latinzona.hu\/index.php\/2025\/02\/07\/a-nehany-eve-felfedezett-kolumbiai-barlangrajzok-keletkezese-meg-mindig-rejtely\/\" \/>\n<meta property=\"og:locale\" content=\"hu_HU\" \/>\n<meta property=\"og:type\" content=\"article\" \/>\n<meta property=\"og:title\" content=\"Csod\u00e1s kolumbiai barlangrajzok - Latin Z\u00f3na\" \/>\n<meta property=\"og:description\" content=\"A n\u00e9h\u00e1ny \u00e9ve felfedezett kolumbiai barlangrajzok keletkez\u00e9se m\u00e9g mindig rejt\u00e9ly, de az biztos, hogy sz\u00e1mtalan van bel\u0151l\u00fck.\" \/>\n<meta property=\"og:url\" content=\"https:\/\/latinzona.hu\/index.php\/2025\/02\/07\/a-nehany-eve-felfedezett-kolumbiai-barlangrajzok-keletkezese-meg-mindig-rejtely\/\" \/>\n<meta property=\"og:site_name\" content=\"Latin Z\u00f3na\" \/>\n<meta property=\"article:published_time\" content=\"2025-02-07T08:45:00+00:00\" \/>\n<meta property=\"article:modified_time\" content=\"2025-02-06T19:51:41+00:00\" \/>\n<meta property=\"og:image\" content=\"https:\/\/latinzona.hu\/wp-content\/uploads\/2025\/02\/rajz1.png\" \/>\n\t<meta property=\"og:image:width\" content=\"1318\" \/>\n\t<meta property=\"og:image:height\" content=\"703\" \/>\n<meta name=\"twitter:card\" content=\"summary_large_image\" \/>\n<meta name=\"twitter:label1\" content=\"Becs\u00fclt olvas\u00e1si id\u0151\">\n\t<meta name=\"twitter:data1\" content=\"2 perc\">\n<script type=\"application\/ld+json\" class=\"yoast-schema-graph\">{\"@context\":\"https:\/\/schema.org\",\"@graph\":[{\"@type\":\"WebSite\",\"@id\":\"https:\/\/latinzona.hu\/#website\",\"url\":\"https:\/\/latinzona.hu\/\",\"name\":\"Latin Z\\u00f3na\",\"description\":\"Mi D\\u00e9lre is figyel\\u00fcnk...\",\"potentialAction\":[{\"@type\":\"SearchAction\",\"target\":\"https:\/\/latinzona.hu\/?s={search_term_string}\",\"query-input\":\"required name=search_term_string\"}],\"inLanguage\":\"hu\"},{\"@type\":\"ImageObject\",\"@id\":\"https:\/\/latinzona.hu\/index.php\/2025\/02\/07\/a-nehany-eve-felfedezett-kolumbiai-barlangrajzok-keletkezese-meg-mindig-rejtely\/#primaryimage\",\"inLanguage\":\"hu\",\"url\":\"https:\/\/latinzona.hu\/wp-content\/uploads\/2025\/02\/rajz1.png\",\"width\":1318,\"height\":703},{\"@type\":\"WebPage\",\"@id\":\"https:\/\/latinzona.hu\/index.php\/2025\/02\/07\/a-nehany-eve-felfedezett-kolumbiai-barlangrajzok-keletkezese-meg-mindig-rejtely\/#webpage\",\"url\":\"https:\/\/latinzona.hu\/index.php\/2025\/02\/07\/a-nehany-eve-felfedezett-kolumbiai-barlangrajzok-keletkezese-meg-mindig-rejtely\/\",\"name\":\"Csod\\u00e1s kolumbiai barlangrajzok - Latin Z\\u00f3na\",\"isPartOf\":{\"@id\":\"https:\/\/latinzona.hu\/#website\"},\"primaryImageOfPage\":{\"@id\":\"https:\/\/latinzona.hu\/index.php\/2025\/02\/07\/a-nehany-eve-felfedezett-kolumbiai-barlangrajzok-keletkezese-meg-mindig-rejtely\/#primaryimage\"},\"datePublished\":\"2025-02-07T08:45:00+00:00\",\"dateModified\":\"2025-02-06T19:51:41+00:00\",\"author\":{\"@id\":\"https:\/\/latinzona.hu\/#\/schema\/person\/de64af94bc35db4973955a05f752bd2d\"},\"description\":\"A n\\u00e9h\\u00e1ny \\u00e9ve felfedezett kolumbiai barlangrajzok keletkez\\u00e9se m\\u00e9g mindig rejt\\u00e9ly, de az biztos, hogy sz\\u00e1mtalan van bel\\u0151l\\u00fck.\",\"inLanguage\":\"hu\",\"potentialAction\":[{\"@type\":\"ReadAction\",\"target\":[\"https:\/\/latinzona.hu\/index.php\/2025\/02\/07\/a-nehany-eve-felfedezett-kolumbiai-barlangrajzok-keletkezese-meg-mindig-rejtely\/\"]}]},{\"@type\":\"Person\",\"@id\":\"https:\/\/latinzona.hu\/#\/schema\/person\/de64af94bc35db4973955a05f752bd2d\",\"name\":\"Chileno\",\"image\":{\"@type\":\"ImageObject\",\"@id\":\"https:\/\/latinzona.hu\/#personlogo\",\"inLanguage\":\"hu\",\"url\":\"https:\/\/secure.gravatar.com\/avatar\/9a5fe6fe999607c0ed4bfce2f8ed2600?s=96&d=mm&r=g\",\"caption\":\"Chileno\"},\"sameAs\":[\"https:\/\/latinzona.hu\"]}]}<\/script>\n<!-- \/ Yoast SEO plugin. -->","_links":{"self":[{"href":"https:\/\/latinzona.hu\/index.php\/wp-json\/wp\/v2\/posts\/1110"}],"collection":[{"href":"https:\/\/latinzona.hu\/index.php\/wp-json\/wp\/v2\/posts"}],"about":[{"href":"https:\/\/latinzona.hu\/index.php\/wp-json\/wp\/v2\/types\/post"}],"author":[{"embeddable":true,"href":"https:\/\/latinzona.hu\/index.php\/wp-json\/wp\/v2\/users\/1"}],"replies":[{"embeddable":true,"href":"https:\/\/latinzona.hu\/index.php\/wp-json\/wp\/v2\/comments?post=1110"}],"version-history":[{"count":1,"href":"https:\/\/latinzona.hu\/index.php\/wp-json\/wp\/v2\/posts\/1110\/revisions"}],"predecessor-version":[{"id":1114,"href":"https:\/\/latinzona.hu\/index.php\/wp-json\/wp\/v2\/posts\/1110\/revisions\/1114"}],"wp:featuredmedia":[{"embeddable":true,"href":"https:\/\/latinzona.hu\/index.php\/wp-json\/wp\/v2\/media\/1111"}],"wp:attachment":[{"href":"https:\/\/latinzona.hu\/index.php\/wp-json\/wp\/v2\/media?parent=1110"}],"wp:term":[{"taxonomy":"category","embeddable":true,"href":"https:\/\/latinzona.hu\/index.php\/wp-json\/wp\/v2\/categories?post=1110"},{"taxonomy":"post_tag","embeddable":true,"href":"https:\/\/latinzona.hu\/index.php\/wp-json\/wp\/v2\/tags?post=1110"}],"curies":[{"name":"wp","href":"https:\/\/api.w.org\/{rel}","templated":true}]}}