{"id":1407,"date":"2025-05-23T19:47:46","date_gmt":"2025-05-23T19:47:46","guid":{"rendered":"https:\/\/latinzona.hu\/?p=1407"},"modified":"2025-05-23T19:47:48","modified_gmt":"2025-05-23T19:47:48","slug":"egy-chilei-terulet-kellene-argentinanak-trump-szerint","status":"publish","type":"post","link":"https:\/\/latinzona.hu\/index.php\/2025\/05\/23\/egy-chilei-terulet-kellene-argentinanak-trump-szerint\/","title":{"rendered":"Trump szerint Argent\u00edn\u00e1nak kellene chilei ter\u00fclet"},"content":{"rendered":"\n<p><strong>Mauricio Macri volt argentin eln\u00f6k p\u00e9nteken Madridban felid\u00e9zett egy szokatlan anekdot\u00e1t arr\u00f3l, amit Donald Trump jelenlegi amerikai eln\u00f6k mondott neki \u00e9vekkel ezel\u0151tt,<\/strong> amikor Buenos Airesben j\u00e1rt a G20-ak tal\u00e1lkoz\u00f3j\u00e1n. Macri mondatai a <a href=\"https:\/\/grupolibertadydemocracia.org\/\">Szabads\u00e1g \u00e9s Demokr\u00e1cia Csoport <\/a>nemzetk\u00f6zi szemin\u00e1rium\u00e1n hangoztak el, amely Latin-Amerika liber\u00e1lis vezet\u0151it hozta \u00f6ssze. \u00c9s amelyen a nemr\u00e9g elhunyt perui \u00edr\u00f3 \u00e9s politikus, Mario Vargas Llosa el\u0151tt is tisztelegtek. <\/p>\n\n\n\n<p>Bevezet\u00e9sk\u00e9ppen a volt \u00e1llamf\u0151 arr\u00f3l besz\u00e9lt, hogy v\u00e9gre elj\u00f6tt j\u00f3 bar\u00e1tj\u00e1nak, Donald Trumpnak az ideje. Aki egy\u00e9bk\u00e9nt nagyon j\u00f3 bar\u00e1tja volt Argent\u00edn\u00e1nak, \u00e9s neki szem\u00e9lyesen is j\u00f3 kapcsolata van vele. Ezzel kapcsolatban hozz\u00e1tette, hogy akkor tal\u00e1lkoztak, amikor Macri 24, Trump pedig 38 \u00e9ves volt, de egyb\u0151l bar\u00e1tok lettek. Azt\u00e1n Buenos Airesben fogadta \u0151t a G20-as tal\u00e1lkoz\u00f3n, ahol hivatalos l\u00e1togat\u00e1st tett. <\/p>\n\n\n\n<h2>Egy chilei ter\u00fclet ir\u00e1nti ig\u00e9ny komoly h\u00e1bor\u00faval fenyegetne<\/h2>\n\n\n\n<p>Az akkori eln\u00f6k egy Argent\u00edna-t\u00e9rk\u00e9ppel fogadta, hogy bemutassa orsz\u00e1g\u00e1t \u00e9s a tartom\u00e1nyokat. <strong>Macri szerint azt\u00e1n Trump elkezdte n\u00e9zegetni a t\u00e9rk\u00e9pet, amelyen megl\u00e1tott egy cs\u00edkot a bal oldalon. Megk\u00e9rdezte Macrit\u00f3l, hogy mi az.<\/strong> Az eln\u00f6k azt mondta, hogy Chile \u00e9s chilei ter\u00fclet. Erre Trump ennyivel reag\u00e1lt: &#8220;Meg kellene h\u00f3d\u00edtanod Chil\u00e9t, hogy mindk\u00e9t \u00f3ce\u00e1nhoz hozz\u00e1f\u00e9rj.&#8221; Term\u00e9szetesen egy argentin-chilei h\u00e1bor\u00fa hihetetlen\u00fcl \u00f6sszetett \u00e9s nagyon val\u00f3sz\u00edn\u0171tlen. Argent\u00edna \u00e9s a <a href=\"https:\/\/latinzona.hu\/index.php\/2022\/01\/03\/gabriel-boric-az-uj-chilei-elnok-legnagyobb-kihivasai\/\">Gabriel Boric vezette<\/a> Chile egyar\u00e1nt er\u0151s hader\u0151vel, fejlett fegyverzettel \u00e9s egyed\u00fcl\u00e1ll\u00f3 f\u00f6ldrajzi el\u0151ny\u00f6kkel rendelkezik. <\/p>\n\n\n\n<p>A modern konfliktusok r\u00e1ad\u00e1sul ritk\u00e1n d\u0151lnek el a katonai er\u0151 nagys\u00e1g\u00e1n. A gazdas\u00e1gi stabilit\u00e1s, a nemzetk\u00f6zi sz\u00f6vets\u00e9gek \u00e9s a diplom\u00e1ciai strat\u00e9gi\u00e1k mind d\u00f6nt\u0151 szerepet j\u00e1tszanak. <strong>\u00c9s b\u00e1r lakoss\u00e1gsz\u00e1m\u00e1t tekintve Argent\u00edna nagyobb, mint Chile, katonai er\u0151ben nem lenne Chile teljesen es\u00e9lytelen. <\/strong>Argent\u00edna 108000 akt\u00edv katon\u00e1val b\u00edr tartal\u00e9kosok n\u00e9lk\u00fcl, Chile 80000 akt\u00edv katon\u00e1val b\u00edr, amihez j\u00f6n m\u00e9g 40000 tartal\u00e9kos. Chil\u00e9nek k\u00f6zel \u00f6tsz\u00f6r\u00f6s a v\u00e9delmi k\u00f6lts\u00e9gvet\u00e9se, t\u00f6bb tankja, \u00e9s t\u00f6bb harci rep\u00fcl\u0151g\u00e9pe is van szomsz\u00e9dj\u00e1n\u00e1l. Soha ne ker\u00fclj\u00f6n sor egy ilyen helyzetre.<\/p>\n","protected":false},"excerpt":{"rendered":"<div class=\"mh-excerpt\"><p>Mauricio Macri volt argentin eln\u00f6k p\u00e9nteken Madridban felid\u00e9zett egy szokatlan anekdot\u00e1t arr\u00f3l, amit Donald Trump jelenlegi amerikai eln\u00f6k mondott neki \u00e9vekkel ezel\u0151tt, amikor Buenos Airesben <a class=\"mh-excerpt-more\" href=\"https:\/\/latinzona.hu\/index.php\/2025\/05\/23\/egy-chilei-terulet-kellene-argentinanak-trump-szerint\/\" title=\"Trump szerint Argent\u00edn\u00e1nak kellene chilei ter\u00fclet\">[&#8230;]<\/a><\/p>\n<\/div>","protected":false},"author":1,"featured_media":1408,"comment_status":"open","ping_status":"open","sticky":false,"template":"","format":"standard","meta":[],"categories":[24,27],"tags":[17,28],"yoast_head":"<!-- This site is optimized with the Yoast SEO plugin v15.5 - https:\/\/yoast.com\/wordpress\/plugins\/seo\/ -->\n<title>Trump szerint Argent\u00edn\u00e1nak kellene chilei ter\u00fclet - Latin Z\u00f3na<\/title>\n<meta name=\"description\" content=\"Egy chilei ter\u00fclet kellene Argent\u00edn\u00e1nak Trump szerint, legal\u00e1bbis err\u0151l besz\u00e9lt a kor\u00e1bbi argentin eln\u00f6k egy konferenci\u00e1n.\" \/>\n<meta name=\"robots\" content=\"index, follow, max-snippet:-1, max-image-preview:large, max-video-preview:-1\" \/>\n<link rel=\"canonical\" href=\"https:\/\/latinzona.hu\/index.php\/2025\/05\/23\/egy-chilei-terulet-kellene-argentinanak-trump-szerint\/\" \/>\n<meta property=\"og:locale\" content=\"hu_HU\" \/>\n<meta property=\"og:type\" content=\"article\" \/>\n<meta property=\"og:title\" content=\"Trump szerint Argent\u00edn\u00e1nak kellene chilei ter\u00fclet - Latin Z\u00f3na\" \/>\n<meta property=\"og:description\" content=\"Egy chilei ter\u00fclet kellene Argent\u00edn\u00e1nak Trump szerint, legal\u00e1bbis err\u0151l besz\u00e9lt a kor\u00e1bbi argentin eln\u00f6k egy konferenci\u00e1n.\" \/>\n<meta property=\"og:url\" content=\"https:\/\/latinzona.hu\/index.php\/2025\/05\/23\/egy-chilei-terulet-kellene-argentinanak-trump-szerint\/\" \/>\n<meta property=\"og:site_name\" content=\"Latin Z\u00f3na\" \/>\n<meta property=\"article:published_time\" content=\"2025-05-23T19:47:46+00:00\" \/>\n<meta property=\"article:modified_time\" content=\"2025-05-23T19:47:48+00:00\" \/>\n<meta property=\"og:image\" content=\"https:\/\/latinzona.hu\/wp-content\/uploads\/2025\/05\/macri.jpg\" \/>\n\t<meta property=\"og:image:width\" content=\"1160\" \/>\n\t<meta property=\"og:image:height\" content=\"773\" \/>\n<meta name=\"twitter:card\" content=\"summary_large_image\" \/>\n<meta name=\"twitter:label1\" content=\"Becs\u00fclt olvas\u00e1si id\u0151\">\n\t<meta name=\"twitter:data1\" content=\"2 perc\">\n<script type=\"application\/ld+json\" class=\"yoast-schema-graph\">{\"@context\":\"https:\/\/schema.org\",\"@graph\":[{\"@type\":\"WebSite\",\"@id\":\"https:\/\/latinzona.hu\/#website\",\"url\":\"https:\/\/latinzona.hu\/\",\"name\":\"Latin Z\\u00f3na\",\"description\":\"Mi D\\u00e9lre is figyel\\u00fcnk...\",\"potentialAction\":[{\"@type\":\"SearchAction\",\"target\":\"https:\/\/latinzona.hu\/?s={search_term_string}\",\"query-input\":\"required name=search_term_string\"}],\"inLanguage\":\"hu\"},{\"@type\":\"ImageObject\",\"@id\":\"https:\/\/latinzona.hu\/index.php\/2025\/05\/23\/egy-chilei-terulet-kellene-argentinanak-trump-szerint\/#primaryimage\",\"inLanguage\":\"hu\",\"url\":\"https:\/\/latinzona.hu\/wp-content\/uploads\/2025\/05\/macri.jpg\",\"width\":1160,\"height\":773,\"caption\":\"President Donald Trump with Argentina's President Mauricio Macri during their meeting at Casa Rosada, Friday, Nov. 30, 2018 in Buenos Aires, Argentina. (AP Photo\/Pablo Martinez Monsivais)\"},{\"@type\":\"WebPage\",\"@id\":\"https:\/\/latinzona.hu\/index.php\/2025\/05\/23\/egy-chilei-terulet-kellene-argentinanak-trump-szerint\/#webpage\",\"url\":\"https:\/\/latinzona.hu\/index.php\/2025\/05\/23\/egy-chilei-terulet-kellene-argentinanak-trump-szerint\/\",\"name\":\"Trump szerint Argent\\u00edn\\u00e1nak kellene chilei ter\\u00fclet - Latin Z\\u00f3na\",\"isPartOf\":{\"@id\":\"https:\/\/latinzona.hu\/#website\"},\"primaryImageOfPage\":{\"@id\":\"https:\/\/latinzona.hu\/index.php\/2025\/05\/23\/egy-chilei-terulet-kellene-argentinanak-trump-szerint\/#primaryimage\"},\"datePublished\":\"2025-05-23T19:47:46+00:00\",\"dateModified\":\"2025-05-23T19:47:48+00:00\",\"author\":{\"@id\":\"https:\/\/latinzona.hu\/#\/schema\/person\/de64af94bc35db4973955a05f752bd2d\"},\"description\":\"Egy chilei ter\\u00fclet kellene Argent\\u00edn\\u00e1nak Trump szerint, legal\\u00e1bbis err\\u0151l besz\\u00e9lt a kor\\u00e1bbi argentin eln\\u00f6k egy konferenci\\u00e1n.\",\"inLanguage\":\"hu\",\"potentialAction\":[{\"@type\":\"ReadAction\",\"target\":[\"https:\/\/latinzona.hu\/index.php\/2025\/05\/23\/egy-chilei-terulet-kellene-argentinanak-trump-szerint\/\"]}]},{\"@type\":\"Person\",\"@id\":\"https:\/\/latinzona.hu\/#\/schema\/person\/de64af94bc35db4973955a05f752bd2d\",\"name\":\"Chileno\",\"image\":{\"@type\":\"ImageObject\",\"@id\":\"https:\/\/latinzona.hu\/#personlogo\",\"inLanguage\":\"hu\",\"url\":\"https:\/\/secure.gravatar.com\/avatar\/9a5fe6fe999607c0ed4bfce2f8ed2600?s=96&d=mm&r=g\",\"caption\":\"Chileno\"},\"sameAs\":[\"https:\/\/latinzona.hu\"]}]}<\/script>\n<!-- \/ Yoast SEO plugin. -->","_links":{"self":[{"href":"https:\/\/latinzona.hu\/index.php\/wp-json\/wp\/v2\/posts\/1407"}],"collection":[{"href":"https:\/\/latinzona.hu\/index.php\/wp-json\/wp\/v2\/posts"}],"about":[{"href":"https:\/\/latinzona.hu\/index.php\/wp-json\/wp\/v2\/types\/post"}],"author":[{"embeddable":true,"href":"https:\/\/latinzona.hu\/index.php\/wp-json\/wp\/v2\/users\/1"}],"replies":[{"embeddable":true,"href":"https:\/\/latinzona.hu\/index.php\/wp-json\/wp\/v2\/comments?post=1407"}],"version-history":[{"count":1,"href":"https:\/\/latinzona.hu\/index.php\/wp-json\/wp\/v2\/posts\/1407\/revisions"}],"predecessor-version":[{"id":1409,"href":"https:\/\/latinzona.hu\/index.php\/wp-json\/wp\/v2\/posts\/1407\/revisions\/1409"}],"wp:featuredmedia":[{"embeddable":true,"href":"https:\/\/latinzona.hu\/index.php\/wp-json\/wp\/v2\/media\/1408"}],"wp:attachment":[{"href":"https:\/\/latinzona.hu\/index.php\/wp-json\/wp\/v2\/media?parent=1407"}],"wp:term":[{"taxonomy":"category","embeddable":true,"href":"https:\/\/latinzona.hu\/index.php\/wp-json\/wp\/v2\/categories?post=1407"},{"taxonomy":"post_tag","embeddable":true,"href":"https:\/\/latinzona.hu\/index.php\/wp-json\/wp\/v2\/tags?post=1407"}],"curies":[{"name":"wp","href":"https:\/\/api.w.org\/{rel}","templated":true}]}}