{"id":1411,"date":"2025-05-30T19:46:19","date_gmt":"2025-05-30T19:46:19","guid":{"rendered":"https:\/\/latinzona.hu\/?p=1411"},"modified":"2025-05-30T19:46:19","modified_gmt":"2025-05-30T19:46:19","slug":"az-ese-ejja-nepcsoport-a-kihalas-szelen-all-boliviaban-is","status":"publish","type":"post","link":"https:\/\/latinzona.hu\/index.php\/2025\/05\/30\/az-ese-ejja-nepcsoport-a-kihalas-szelen-all-boliviaban-is\/","title":{"rendered":"A bol\u00edviai Ese Ejja emberek"},"content":{"rendered":"\n<p>A 20. sz\u00e1zad elej\u00e9ig a teljes Ese Ejja <a href=\"https:\/\/www.elararchive.org\/dk0258\/\">n\u00e9pess\u00e9g<\/a> a Peru \u00e9s Bol\u00edvia k\u00f6z\u00f6tti hat\u00e1ron koncentr\u00e1l\u00f3dott. Az els\u0151 kapcsolatok a nyugati vil\u00e1ggal valamikor a XVII. sz\u00e1zadban j\u00f6ttek l\u00e9tre. Ez a fajta limit\u00e1lt kapcsolat eg\u00e9szen a 19. sz\u00e1zadig fennmaradt, de a 20. sz\u00e1zad els\u0151 \u00e9vtized\u00e9ben egyre t\u00f6bb nyugati emberrel l\u00e9ptek kapcsolatba n\u00e9h\u00e1ny term\u00e9szettud\u00f3s \u00e9s katona r\u00e9v\u00e9n, akik a Peru \u00e9s Bol\u00edvia k\u00f6z\u00f6tti amaz\u00f3niai hat\u00e1rt kutatt\u00e1k. <strong>A 20. sz\u00e1zad m\u00e1sodik \u00e9vtized\u00e9nek v\u00e9g\u00e9n ferences papok meggy\u0151zt\u00e9k az Ese Ejja egy csoportj\u00e1t, hogy vegyenek r\u00e9szt az \u00e1ltaluk Puerto Maldonado (Peru) k\u00f6zel\u00e9ben vezetett misszi\u00f3ban. Ezzel a t\u00e9nnyel kezd\u0151dik egy \u00e1lland\u00f3 kapcsolat az Ese Ejja, a nyugati vil\u00e1g \u00e9s a nagy v\u00e1ndorl\u00e1si folyamatok k\u00f6z\u00f6tt.<\/strong> <\/p>\n\n\n\n<p>A feh\u00e9rek \u00e1ltal behurcolt betegs\u00e9gek eg\u00e9sz j\u00e1rv\u00e1nyokat okoznak, amelyek n\u00e9pess\u00e9g\u00fck drasztikus demogr\u00e1fiai cs\u00f6kken\u00e9s\u00e9t eredm\u00e9nyezik. Ennek ellen\u00e9re kult\u00far\u00e1juk \u00e9s t\u00e1rsadalmi szervezet\u00fck jellegzetess\u00e9gei tov\u00e1bbra is megmaradtak, \u00e9s csak az 1950-es \u00e9vek k\u00f6zep\u00e9n, misszion\u00e1riusok hat\u00e1s\u00e1nak k\u00f6sz\u00f6nhet\u0151en kezdett ez v\u00e1ltozni. <\/p>\n\n\n\n<figure class=\"wp-block-image size-large\"><img loading=\"lazy\" width=\"1024\" height=\"683\" src=\"https:\/\/latinzona.hu\/wp-content\/uploads\/2025\/05\/ese-eja-1024x683.jpg\" alt=\"\" class=\"wp-image-1413\" srcset=\"https:\/\/latinzona.hu\/wp-content\/uploads\/2025\/05\/ese-eja-1024x683.jpg 1024w, https:\/\/latinzona.hu\/wp-content\/uploads\/2025\/05\/ese-eja-300x200.jpg 300w, https:\/\/latinzona.hu\/wp-content\/uploads\/2025\/05\/ese-eja-768x512.jpg 768w, https:\/\/latinzona.hu\/wp-content\/uploads\/2025\/05\/ese-eja-1536x1024.jpg 1536w, https:\/\/latinzona.hu\/wp-content\/uploads\/2025\/05\/ese-eja.jpg 1791w\" sizes=\"(max-width: 1024px) 100vw, 1024px\" \/><\/figure>\n\n\n\n<h2>Tudnival\u00f3k az Ese Ejja bol\u00edviai \u00e9let\u00e9r\u0151l<\/h2>\n\n\n\n<p>Az Ese Ejja \u0151slakosok \u00e1ltal elfoglalt ter\u00fcletet a szubtr\u00f3pusi r\u00e9gi\u00f3ra jellemz\u0151 nedves n\u00f6v\u00e9nyzet jellemzi, term\u00e9szetes erd\u0151vel. Amely alkalmas mez\u0151gazdas\u00e1gi, \u00e1llatteny\u00e9szt\u00e9si, erd\u00e9szeti, vad\u00e1szati \u00e9s hal\u00e1szati c\u00e9lokra. A v\u00f6r\u00f6s \u00e9s fekete f\u00f6ldek als\u00f3 r\u00e9sz\u00e9n az Ese Ejja rizst \u00e9s mani\u00f3k\u00e1t vet. De emellett \u00e9desburgony\u00e1t, kukoric\u00e1t, ban\u00e1nt, kaka\u00f3t \u00e9s narancsot is \u00fcltet.<strong>Az Ese Ejja \u00e1ltal megk\u00f6zel\u00edthet\u0151 erd\u0151ter\u00fcletek nagyon kev\u00e9s kiakn\u00e1zhat\u00f3 term\u00e9szeti er\u0151forr\u00e1ssal rendelkeznek. <\/strong><\/p>\n\n\n\n<p>E n\u00e9p kult\u00far\u00e1ja az elm\u00falt \u00e9vtizedekben jelent\u0151s v\u00e1ltoz\u00e1sokon ment kereszt\u00fcl. Ezek k\u00f6z\u00fcl t\u00f6bb a hagyom\u00e1nyosan fenntartott v\u00e1ndorl\u00f3 \u00e9letm\u00f3d fokozatos elhagy\u00e1sa miatt k\u00f6vetkezett be. Ezek a v\u00e1ltoz\u00e1sok legink\u00e1bb Pando k\u00f6z\u00f6ss\u00e9geit \u00e9rintett\u00e9k, \u00e9s kisebb m\u00e9rt\u00e9kben ugyanez t\u00f6rt\u00e9nt a La Pazn\u00e1l tal\u00e1lhat\u00f3 telep\u00fcl\u00e9sekkel is. Vil\u00e1gk\u00e9p\u00fckben n\u00e9gy dimenzi\u00f3ban gondolkodnak. Az els\u0151 dimenzi\u00f3 a f\u00f6ld alatti vil\u00e1gnak felel meg, amelyben ismeretlen emberek \u00e9lnek, a m\u00e1sodik dimenzi\u00f3 pedig a mi vil\u00e1gunknak. A harmadik dimenzi\u00f3ban lakik a j\u00f3 Isten vagy Eyacui\u00f1ajji, ahonnan az Ese Ejja \u0151sei is sz\u00e1rmaznak, \u00e9s v\u00e9g\u00fcl a negyedik dimenzi\u00f3ban vannak az \u00e9gitestek, amelyek szint\u00e9n szellemek, \u00e9s emberi alakot \u00f6lt\u00f6ttek. <\/p>\n\n\n\n<figure class=\"wp-block-image size-large\"><img loading=\"lazy\" width=\"1024\" height=\"533\" src=\"https:\/\/latinzona.hu\/wp-content\/uploads\/2025\/05\/ese-eja-2-1024x533.jpg\" alt=\"\" class=\"wp-image-1414\" srcset=\"https:\/\/latinzona.hu\/wp-content\/uploads\/2025\/05\/ese-eja-2-1024x533.jpg 1024w, https:\/\/latinzona.hu\/wp-content\/uploads\/2025\/05\/ese-eja-2-300x156.jpg 300w, https:\/\/latinzona.hu\/wp-content\/uploads\/2025\/05\/ese-eja-2-768x400.jpg 768w, https:\/\/latinzona.hu\/wp-content\/uploads\/2025\/05\/ese-eja-2-1536x800.jpg 1536w, https:\/\/latinzona.hu\/wp-content\/uploads\/2025\/05\/ese-eja-2.jpg 1711w\" sizes=\"(max-width: 1024px) 100vw, 1024px\" \/><\/figure>\n\n\n\n<p>Jelenleg a katolikus \u00e9s az evang\u00e9likus egyh\u00e1z jelenl\u00e9te befoly\u00e1solja \u00e9let\u00fcket, de az eg\u00e9szs\u00e9g\u00fcgy \u00e9s az oktat\u00e1s ter\u00fclet\u00e9n is egyre ink\u00e1bb bevon\u00f3dnak. Ezen n\u00e9pcsoport gazdas\u00e1ga a vad\u00e1szaton, hal\u00e1szaton \u00e9s gy\u0171jt\u00f6get\u00e9sen alapul.<br>A foly\u00f3k, patakok \u00e9s lag\u00fan\u00e1k fajgazdags\u00e1ga miatt a hal\u00e1szat v\u00e1lt az Ese Ejja n\u00e9p legfontosabb t\u00e1pl\u00e1l\u00e9kforr\u00e1s\u00e1v\u00e1. A sz\u00e1raz \u00e9vszakban a hal\u00e1szatot a patakokban, lag\u00fan\u00e1kban \u00e9s tavakban v\u00e9gzik. Az es\u0151s \u00e9vszakban a foly\u00f3kban, olyan eszk\u00f6z\u00f6kkel, mint a horgok, \u00edjak \u00e9s nyilak, szigonyok. <\/p>\n\n\n\n<p><strong>Bol\u00edvi\u00e1ban a nyelv k\u00e9pvisel\u0151i La Paz, Beni \u00e9s Pando r\u00e9gi\u00f3kban tal\u00e1lhat\u00f3k. Ezenk\u00edv\u00fcl k\u00e9t k\u00fcl\u00f6nb\u00f6z\u0151 csoportra oszlik.<\/strong> Az els\u0151 a Quijati csoport, amely a Riberalta r\u00e9gi\u00f3ban \u00e9s k\u00f6rny\u00e9k\u00e9n \u00e9l. M\u00e1sodszor, a Hepahuatahe csoport, amely a Rurenabaque r\u00e9gi\u00f3ban tal\u00e1lhat\u00f3. M\u00e9g mindig felfedezhet\u00fcnk v\u00e1ltoz\u00e1sokat \u00e9s dialektusokat a nyelven bel\u00fcl, \u00e9s m\u00e9g t\u00f6bbet a perui \u00e9s bol\u00edviai lesz\u00e1rmazottak k\u00f6z\u00f6tt. <a href=\"https:\/\/latinzona.hu\/index.php\/2025\/01\/02\/a-guato-indian-torzset-alig-sikerult-megmenteni\/\">Tal\u00e1n siker\u00fcl \u0151ket is megmenteni, mint a guat\u00f3kat.<\/a><\/p>\n","protected":false},"excerpt":{"rendered":"<div class=\"mh-excerpt\"><p>A 20. sz\u00e1zad elej\u00e9ig a teljes Ese Ejja n\u00e9pess\u00e9g a Peru \u00e9s Bol\u00edvia k\u00f6z\u00f6tti hat\u00e1ron koncentr\u00e1l\u00f3dott. Az els\u0151 kapcsolatok a nyugati vil\u00e1ggal valamikor a XVII. <a class=\"mh-excerpt-more\" href=\"https:\/\/latinzona.hu\/index.php\/2025\/05\/30\/az-ese-ejja-nepcsoport-a-kihalas-szelen-all-boliviaban-is\/\" title=\"A bol\u00edviai Ese Ejja emberek\">[&#8230;]<\/a><\/p>\n<\/div>","protected":false},"author":1,"featured_media":1412,"comment_status":"open","ping_status":"open","sticky":false,"template":"","format":"standard","meta":[],"categories":[38],"tags":[39,91],"yoast_head":"<!-- This site is optimized with the Yoast SEO plugin v15.5 - https:\/\/yoast.com\/wordpress\/plugins\/seo\/ -->\n<title>A bol\u00edviai Ese Ejja emberek - Latin Z\u00f3na<\/title>\n<meta name=\"description\" content=\"Az Ese Ejja n\u00e9pcsoport a kihal\u00e1s sz\u00e9l\u00e9n \u00e1ll Bol\u00edvi\u00e1ban is, legink\u00e1bb az asszimil\u00e1ci\u00f3 \u00e9s n\u00e9pess\u00e9gfogy\u00e1s k\u00f6vetkezm\u00e9nyek\u00e9nt.\" \/>\n<meta name=\"robots\" content=\"index, follow, max-snippet:-1, max-image-preview:large, max-video-preview:-1\" \/>\n<link rel=\"canonical\" href=\"https:\/\/latinzona.hu\/index.php\/2025\/05\/30\/az-ese-ejja-nepcsoport-a-kihalas-szelen-all-boliviaban-is\/\" \/>\n<meta property=\"og:locale\" content=\"hu_HU\" \/>\n<meta property=\"og:type\" content=\"article\" \/>\n<meta property=\"og:title\" content=\"A bol\u00edviai Ese Ejja emberek - Latin Z\u00f3na\" \/>\n<meta property=\"og:description\" content=\"Az Ese Ejja n\u00e9pcsoport a kihal\u00e1s sz\u00e9l\u00e9n \u00e1ll Bol\u00edvi\u00e1ban is, legink\u00e1bb az asszimil\u00e1ci\u00f3 \u00e9s n\u00e9pess\u00e9gfogy\u00e1s k\u00f6vetkezm\u00e9nyek\u00e9nt.\" \/>\n<meta property=\"og:url\" content=\"https:\/\/latinzona.hu\/index.php\/2025\/05\/30\/az-ese-ejja-nepcsoport-a-kihalas-szelen-all-boliviaban-is\/\" \/>\n<meta property=\"og:site_name\" content=\"Latin Z\u00f3na\" \/>\n<meta property=\"article:published_time\" content=\"2025-05-30T19:46:19+00:00\" \/>\n<meta property=\"og:image\" content=\"https:\/\/latinzona.hu\/wp-content\/uploads\/2025\/05\/ese-ejja.jpg\" \/>\n\t<meta property=\"og:image:width\" content=\"780\" \/>\n\t<meta property=\"og:image:height\" content=\"400\" \/>\n<meta name=\"twitter:card\" content=\"summary_large_image\" \/>\n<meta name=\"twitter:label1\" content=\"Becs\u00fclt olvas\u00e1si id\u0151\">\n\t<meta name=\"twitter:data1\" content=\"3 perc\">\n<script type=\"application\/ld+json\" class=\"yoast-schema-graph\">{\"@context\":\"https:\/\/schema.org\",\"@graph\":[{\"@type\":\"WebSite\",\"@id\":\"https:\/\/latinzona.hu\/#website\",\"url\":\"https:\/\/latinzona.hu\/\",\"name\":\"Latin Z\\u00f3na\",\"description\":\"Mi D\\u00e9lre is figyel\\u00fcnk...\",\"potentialAction\":[{\"@type\":\"SearchAction\",\"target\":\"https:\/\/latinzona.hu\/?s={search_term_string}\",\"query-input\":\"required name=search_term_string\"}],\"inLanguage\":\"hu\"},{\"@type\":\"ImageObject\",\"@id\":\"https:\/\/latinzona.hu\/index.php\/2025\/05\/30\/az-ese-ejja-nepcsoport-a-kihalas-szelen-all-boliviaban-is\/#primaryimage\",\"inLanguage\":\"hu\",\"url\":\"https:\/\/latinzona.hu\/wp-content\/uploads\/2025\/05\/ese-ejja.jpg\",\"width\":780,\"height\":400},{\"@type\":\"WebPage\",\"@id\":\"https:\/\/latinzona.hu\/index.php\/2025\/05\/30\/az-ese-ejja-nepcsoport-a-kihalas-szelen-all-boliviaban-is\/#webpage\",\"url\":\"https:\/\/latinzona.hu\/index.php\/2025\/05\/30\/az-ese-ejja-nepcsoport-a-kihalas-szelen-all-boliviaban-is\/\",\"name\":\"A bol\\u00edviai Ese Ejja emberek - Latin Z\\u00f3na\",\"isPartOf\":{\"@id\":\"https:\/\/latinzona.hu\/#website\"},\"primaryImageOfPage\":{\"@id\":\"https:\/\/latinzona.hu\/index.php\/2025\/05\/30\/az-ese-ejja-nepcsoport-a-kihalas-szelen-all-boliviaban-is\/#primaryimage\"},\"datePublished\":\"2025-05-30T19:46:19+00:00\",\"dateModified\":\"2025-05-30T19:46:19+00:00\",\"author\":{\"@id\":\"https:\/\/latinzona.hu\/#\/schema\/person\/de64af94bc35db4973955a05f752bd2d\"},\"description\":\"Az Ese Ejja n\\u00e9pcsoport a kihal\\u00e1s sz\\u00e9l\\u00e9n \\u00e1ll Bol\\u00edvi\\u00e1ban is, legink\\u00e1bb az asszimil\\u00e1ci\\u00f3 \\u00e9s n\\u00e9pess\\u00e9gfogy\\u00e1s k\\u00f6vetkezm\\u00e9nyek\\u00e9nt.\",\"inLanguage\":\"hu\",\"potentialAction\":[{\"@type\":\"ReadAction\",\"target\":[\"https:\/\/latinzona.hu\/index.php\/2025\/05\/30\/az-ese-ejja-nepcsoport-a-kihalas-szelen-all-boliviaban-is\/\"]}]},{\"@type\":\"Person\",\"@id\":\"https:\/\/latinzona.hu\/#\/schema\/person\/de64af94bc35db4973955a05f752bd2d\",\"name\":\"Chileno\",\"image\":{\"@type\":\"ImageObject\",\"@id\":\"https:\/\/latinzona.hu\/#personlogo\",\"inLanguage\":\"hu\",\"url\":\"https:\/\/secure.gravatar.com\/avatar\/9a5fe6fe999607c0ed4bfce2f8ed2600?s=96&d=mm&r=g\",\"caption\":\"Chileno\"},\"sameAs\":[\"https:\/\/latinzona.hu\"]}]}<\/script>\n<!-- \/ Yoast SEO plugin. -->","_links":{"self":[{"href":"https:\/\/latinzona.hu\/index.php\/wp-json\/wp\/v2\/posts\/1411"}],"collection":[{"href":"https:\/\/latinzona.hu\/index.php\/wp-json\/wp\/v2\/posts"}],"about":[{"href":"https:\/\/latinzona.hu\/index.php\/wp-json\/wp\/v2\/types\/post"}],"author":[{"embeddable":true,"href":"https:\/\/latinzona.hu\/index.php\/wp-json\/wp\/v2\/users\/1"}],"replies":[{"embeddable":true,"href":"https:\/\/latinzona.hu\/index.php\/wp-json\/wp\/v2\/comments?post=1411"}],"version-history":[{"count":1,"href":"https:\/\/latinzona.hu\/index.php\/wp-json\/wp\/v2\/posts\/1411\/revisions"}],"predecessor-version":[{"id":1415,"href":"https:\/\/latinzona.hu\/index.php\/wp-json\/wp\/v2\/posts\/1411\/revisions\/1415"}],"wp:featuredmedia":[{"embeddable":true,"href":"https:\/\/latinzona.hu\/index.php\/wp-json\/wp\/v2\/media\/1412"}],"wp:attachment":[{"href":"https:\/\/latinzona.hu\/index.php\/wp-json\/wp\/v2\/media?parent=1411"}],"wp:term":[{"taxonomy":"category","embeddable":true,"href":"https:\/\/latinzona.hu\/index.php\/wp-json\/wp\/v2\/categories?post=1411"},{"taxonomy":"post_tag","embeddable":true,"href":"https:\/\/latinzona.hu\/index.php\/wp-json\/wp\/v2\/tags?post=1411"}],"curies":[{"name":"wp","href":"https:\/\/api.w.org\/{rel}","templated":true}]}}