{"id":1416,"date":"2025-05-31T11:09:59","date_gmt":"2025-05-31T11:09:59","guid":{"rendered":"https:\/\/latinzona.hu\/?p=1416"},"modified":"2025-05-31T11:10:00","modified_gmt":"2025-05-31T11:10:00","slug":"a-machu-picchu-kotelpalya-uj-tavlatokat-nyit-peruban","status":"publish","type":"post","link":"https:\/\/latinzona.hu\/index.php\/2025\/05\/31\/a-machu-picchu-kotelpalya-uj-tavlatokat-nyit-peruban\/","title":{"rendered":"Hamarosan elk\u00e9sz\u00fcl a Machu Picchu k\u00f6t\u00e9lp\u00e1lya"},"content":{"rendered":"\n<p>H\u00e1rom dr\u00f3tk\u00f6t\u00e9lp\u00e1ly\u00e1t \u00e9p\u00edtenek ki Cusco t\u00e9rs\u00e9g\u00e9ben r\u00f6videsen a tervek szerint. Az egyikb\u0151l fantasztikus kil\u00e1t\u00e1s ny\u00edlik majd a Machu Picchura. A Mag\u00e1nbefektet\u00e9seket T\u00e1mogat\u00f3 \u00dcgyn\u00f6ks\u00e9g (<a href=\"https:\/\/www.investinperu.pe\/\">Proinversi\u00f3n<\/a>) \u00e9s a cusc\u00f3i region\u00e1lis korm\u00e1ny megb\u00edz\u00e1si meg\u00e1llapod\u00e1st \u00edrt al\u00e1 h\u00e1rom turisztikai k\u00f6t\u00e9lp\u00e1lya-projekt fejleszt\u00e9s\u00e9r\u0151l az adott ter\u00fcleten. <strong>A Proinversi\u00f3n k\u00f6zlem\u00e9ny\u00e9ben k\u00f6z\u00f6lte, hogy az Urubamba, a Collpani Grande-Machu Picchu \u00e9s a Waqrapukara k\u00f6t\u00e9lp\u00e1ly\u00e1k becs\u00fclt beruh\u00e1z\u00e1si \u00e9rt\u00e9ke 110 milli\u00f3 doll\u00e1r. <\/strong><\/p>\n\n\n\n<p>A meg\u00e1llapod\u00e1ssal a Gazdas\u00e1gi \u00e9s P\u00e9nz\u00fcgyminiszt\u00e9riumhoz tartoz\u00f3 \u00fcgyn\u00f6ks\u00e9g k\u00e9sz\u00edti el a tanulm\u00e1nyokat a projektek oda\u00edt\u00e9l\u00e9s\u00e9ig a k\u00f6z-mag\u00e1n t\u00e1rsul\u00e1si (PPP) m\u00f3dozaton kereszt\u00fcl. M\u00edg a cusc\u00f3i region\u00e1lis korm\u00e1ny finansz\u00edrozza \u00e9s \u00e1tutalja a sz\u00fcks\u00e9ges forr\u00e1sokat a Proinversi\u00f3n sz\u00e1m\u00e1ra a megb\u00edz\u00e1s v\u00e9grehajt\u00e1s\u00e1hoz. <\/p>\n\n\n\n<h2>A Machu Picchu k\u00f6t\u00e9lp\u00e1lya fantasztikus kil\u00e1t\u00e1st biztos\u00edt majd<\/h2>\n\n\n\n<p>Werner Salcedo, Cusco region\u00e1lis korm\u00e1nyz\u00f3ja a maga r\u00e9sz\u00e9r\u0151l azt mondta, hogy Urubamba nem lesz t\u00f6bb\u00e9 csak egy \u00e1tutaz\u00f3hely, hanem val\u00f3di \u00fati c\u00e9lk\u00e9nt fog megszil\u00e1rdulni. Ugyanez fog t\u00f6rt\u00e9nni az olyan telep\u00fcl\u00e9sekkel, mint Collpani Grande \u00e9s Acos, ahov\u00e1 a Waqrapukara k\u00f6t\u00e9lp\u00e1ly\u00e1t telep\u00edtik. <strong>A Proinversi\u00f3n k\u00f6zlem\u00e9ny\u00e9ben arr\u00f3l esett sz\u00f3, hogy a h\u00e1rom dr\u00f3tk\u00f6t\u00e9lp\u00e1lya nemcsak a nagy term\u00e9szeti \u00e9s kultur\u00e1lis \u00e9rt\u00e9kkel b\u00edr\u00f3 ter\u00fcletek megk\u00f6zel\u00edt\u00e9s\u00e9t fogja megk\u00f6nny\u00edteni, hanem k\u00f6zvetlen \u00e9s k\u00f6zvetett munkahelyeket is teremt az infrastrukt\u00fara \u00e9p\u00edt\u00e9se, \u00fczemeltet\u00e9se \u00e9s karbantart\u00e1sa sor\u00e1n.<\/strong> <\/p>\n\n\n\n<p>Emellett \u00f6szt\u00f6n\u00f6zni fogj\u00e1k a kieg\u00e9sz\u00edt\u0151 szolg\u00e1ltat\u00e1sokba, p\u00e9ld\u00e1ul az \u00e9ttermekbe, a sz\u00e1ll\u00e1shelyekbe \u00e9s a helyi kereskedelembe t\u00f6rt\u00e9n\u0151 beruh\u00e1z\u00e1sokat. \u00cdgy rem\u00e9lhet\u0151leg fellend\u00edtve a helyi gazdas\u00e1got \u00e9s jav\u00edtva a lakosok \u00e9letmin\u0151s\u00e9g\u00e9t. A Machu Picchu mell\u00e9 tervezett k\u00f6t\u00e9lp\u00e1lya 3,6 kilom\u00e9ter hossz\u00fa lesz, \u00e9s Collpani Grande k\u00f6z\u00f6ss\u00e9g\u00e9t k\u00f6ti majd \u00f6ssze az inka Viscachani csillagvizsg\u00e1l\u00f3val, amely az inka fellegv\u00e1rra n\u00e9z\u0151 kil\u00e1t\u00f3. A 40 milli\u00f3 doll\u00e1ros beruh\u00e1z\u00e1ssal megval\u00f3sul\u00f3 projekt c\u00e9lja a turisztikai k\u00edn\u00e1lat diverzifik\u00e1l\u00e1sa, az \u00f6sszek\u00f6ttet\u00e9s jav\u00edt\u00e1sa \u00e9s a l\u00e1togat\u00f3i \u00e9lm\u00e9ny gazdag\u00edt\u00e1sa. <\/p>\n\n\n\n<p>A dr\u00f3tk\u00f6t\u00e9lp\u00e1lya a fenntarthat\u00f3s\u00e1got, a meg\u00fajul\u00f3 energi\u00e1kat \u00e9s a biol\u00f3giai sokf\u00e9les\u00e9get helyezi el\u0151t\u00e9rbe. El\u0151seg\u00edtve a turizmust \u00e9s a helyi fejl\u0151d\u00e9st a k\u00f6zlem\u00e9ny szerint. Az Urubamba turisztikai dr\u00f3tk\u00f6t\u00e9lp\u00e1lya is tervben van. Ez mintegy 35 milli\u00f3 doll\u00e1ros beruh\u00e1z\u00e1ssal 3,5 kilom\u00e9ter hosszan, k\u00e9t szakaszon fog k\u00f6zlekedni. <\/p>\n\n\n\n<p>Az els\u0151 szakasz Quespihuanc\u00e1t egy 500 m\u00e9teres magass\u00e1gban l\u00e9v\u0151 k\u00f6zbens\u0151 \u00e1llom\u00e1ssal fogja \u00f6sszek\u00f6tni. M\u00edg a m\u00e1sodik szakasz err\u0151l a k\u00f6zbens\u0151 \u00e1llom\u00e1sr\u00f3l Querocancha r\u00e9g\u00e9szeti lel\u0151hely\u00e9re viszi majd a l\u00e1togat\u00f3kat. A Waqrapukara k\u00f6t\u00e9lp\u00e1lya pedig egy olyan kezdem\u00e9nyez\u00e9s, amely a r\u00e9gi\u00f3 egyik legemblematikusabb r\u00e9g\u00e9szeti lel\u0151hely\u00e9re l\u00e1togat\u00f3k ezreit fogja eljuttatni. Mindezt egy 3,8 kilom\u00e9teres k\u00f6t\u00e9lp\u00e1lyarendszer seg\u00edts\u00e9g\u00e9vel, 35 milli\u00f3 doll\u00e1rra becs\u00fclt beruh\u00e1z\u00e1ssal. Kellenek is a sikeres projektek Peruban, mert vannak <a href=\"https:\/\/latinzona.hu\/index.php\/2025\/04\/28\/egyre-nagyobb-bajban-az-olmos-projekt-muszaj-tenni-valamit\/\">kev\u00e9sb\u00e9 sikeres projektek is.<\/a><\/p>\n","protected":false},"excerpt":{"rendered":"<div class=\"mh-excerpt\"><p>H\u00e1rom dr\u00f3tk\u00f6t\u00e9lp\u00e1ly\u00e1t \u00e9p\u00edtenek ki Cusco t\u00e9rs\u00e9g\u00e9ben r\u00f6videsen a tervek szerint. Az egyikb\u0151l fantasztikus kil\u00e1t\u00e1s ny\u00edlik majd a Machu Picchura. A Mag\u00e1nbefektet\u00e9seket T\u00e1mogat\u00f3 \u00dcgyn\u00f6ks\u00e9g (Proinversi\u00f3n) \u00e9s <a class=\"mh-excerpt-more\" href=\"https:\/\/latinzona.hu\/index.php\/2025\/05\/31\/a-machu-picchu-kotelpalya-uj-tavlatokat-nyit-peruban\/\" title=\"Hamarosan elk\u00e9sz\u00fcl a Machu Picchu k\u00f6t\u00e9lp\u00e1lya\">[&#8230;]<\/a><\/p>\n<\/div>","protected":false},"author":1,"featured_media":1417,"comment_status":"open","ping_status":"open","sticky":false,"template":"","format":"standard","meta":[],"categories":[2],"tags":[3],"yoast_head":"<!-- This site is optimized with the Yoast SEO plugin v15.5 - https:\/\/yoast.com\/wordpress\/plugins\/seo\/ -->\n<title>Hamarosan elk\u00e9sz\u00fcl a Machu Picchu k\u00f6t\u00e9lp\u00e1lya - Latin Z\u00f3na<\/title>\n<meta name=\"description\" content=\"A Machu Picchu k\u00f6t\u00e9lp\u00e1lya \u00faj t\u00e1vlatokat nyit Peruban \u00e9s kiv\u00e9teles kil\u00e1t\u00e1st biztos\u00edt majd az egyik legismertebb turisztikai c\u00e9lpontra.\" \/>\n<meta name=\"robots\" content=\"index, follow, max-snippet:-1, max-image-preview:large, max-video-preview:-1\" \/>\n<link rel=\"canonical\" href=\"https:\/\/latinzona.hu\/index.php\/2025\/05\/31\/a-machu-picchu-kotelpalya-uj-tavlatokat-nyit-peruban\/\" \/>\n<meta property=\"og:locale\" content=\"hu_HU\" \/>\n<meta property=\"og:type\" content=\"article\" \/>\n<meta property=\"og:title\" content=\"Hamarosan elk\u00e9sz\u00fcl a Machu Picchu k\u00f6t\u00e9lp\u00e1lya - Latin Z\u00f3na\" \/>\n<meta property=\"og:description\" content=\"A Machu Picchu k\u00f6t\u00e9lp\u00e1lya \u00faj t\u00e1vlatokat nyit Peruban \u00e9s kiv\u00e9teles kil\u00e1t\u00e1st biztos\u00edt majd az egyik legismertebb turisztikai c\u00e9lpontra.\" \/>\n<meta property=\"og:url\" content=\"https:\/\/latinzona.hu\/index.php\/2025\/05\/31\/a-machu-picchu-kotelpalya-uj-tavlatokat-nyit-peruban\/\" \/>\n<meta property=\"og:site_name\" content=\"Latin Z\u00f3na\" \/>\n<meta property=\"article:published_time\" content=\"2025-05-31T11:09:59+00:00\" \/>\n<meta property=\"article:modified_time\" content=\"2025-05-31T11:10:00+00:00\" \/>\n<meta property=\"og:image\" content=\"https:\/\/latinzona.hu\/wp-content\/uploads\/2025\/05\/ciudadela-inca-machu-picchu-vacio-full.jpg\" \/>\n\t<meta property=\"og:image:width\" content=\"2000\" \/>\n\t<meta property=\"og:image:height\" content=\"1334\" \/>\n<meta name=\"twitter:card\" content=\"summary_large_image\" \/>\n<meta name=\"twitter:label1\" content=\"Becs\u00fclt olvas\u00e1si id\u0151\">\n\t<meta name=\"twitter:data1\" content=\"3 perc\">\n<script type=\"application\/ld+json\" class=\"yoast-schema-graph\">{\"@context\":\"https:\/\/schema.org\",\"@graph\":[{\"@type\":\"WebSite\",\"@id\":\"https:\/\/latinzona.hu\/#website\",\"url\":\"https:\/\/latinzona.hu\/\",\"name\":\"Latin Z\\u00f3na\",\"description\":\"Mi D\\u00e9lre is figyel\\u00fcnk...\",\"potentialAction\":[{\"@type\":\"SearchAction\",\"target\":\"https:\/\/latinzona.hu\/?s={search_term_string}\",\"query-input\":\"required name=search_term_string\"}],\"inLanguage\":\"hu\"},{\"@type\":\"ImageObject\",\"@id\":\"https:\/\/latinzona.hu\/index.php\/2025\/05\/31\/a-machu-picchu-kotelpalya-uj-tavlatokat-nyit-peruban\/#primaryimage\",\"inLanguage\":\"hu\",\"url\":\"https:\/\/latinzona.hu\/wp-content\/uploads\/2025\/05\/ciudadela-inca-machu-picchu-vacio-full.jpg\",\"width\":2000,\"height\":1334},{\"@type\":\"WebPage\",\"@id\":\"https:\/\/latinzona.hu\/index.php\/2025\/05\/31\/a-machu-picchu-kotelpalya-uj-tavlatokat-nyit-peruban\/#webpage\",\"url\":\"https:\/\/latinzona.hu\/index.php\/2025\/05\/31\/a-machu-picchu-kotelpalya-uj-tavlatokat-nyit-peruban\/\",\"name\":\"Hamarosan elk\\u00e9sz\\u00fcl a Machu Picchu k\\u00f6t\\u00e9lp\\u00e1lya - Latin Z\\u00f3na\",\"isPartOf\":{\"@id\":\"https:\/\/latinzona.hu\/#website\"},\"primaryImageOfPage\":{\"@id\":\"https:\/\/latinzona.hu\/index.php\/2025\/05\/31\/a-machu-picchu-kotelpalya-uj-tavlatokat-nyit-peruban\/#primaryimage\"},\"datePublished\":\"2025-05-31T11:09:59+00:00\",\"dateModified\":\"2025-05-31T11:10:00+00:00\",\"author\":{\"@id\":\"https:\/\/latinzona.hu\/#\/schema\/person\/de64af94bc35db4973955a05f752bd2d\"},\"description\":\"A Machu Picchu k\\u00f6t\\u00e9lp\\u00e1lya \\u00faj t\\u00e1vlatokat nyit Peruban \\u00e9s kiv\\u00e9teles kil\\u00e1t\\u00e1st biztos\\u00edt majd az egyik legismertebb turisztikai c\\u00e9lpontra.\",\"inLanguage\":\"hu\",\"potentialAction\":[{\"@type\":\"ReadAction\",\"target\":[\"https:\/\/latinzona.hu\/index.php\/2025\/05\/31\/a-machu-picchu-kotelpalya-uj-tavlatokat-nyit-peruban\/\"]}]},{\"@type\":\"Person\",\"@id\":\"https:\/\/latinzona.hu\/#\/schema\/person\/de64af94bc35db4973955a05f752bd2d\",\"name\":\"Chileno\",\"image\":{\"@type\":\"ImageObject\",\"@id\":\"https:\/\/latinzona.hu\/#personlogo\",\"inLanguage\":\"hu\",\"url\":\"https:\/\/secure.gravatar.com\/avatar\/9a5fe6fe999607c0ed4bfce2f8ed2600?s=96&d=mm&r=g\",\"caption\":\"Chileno\"},\"sameAs\":[\"https:\/\/latinzona.hu\"]}]}<\/script>\n<!-- \/ Yoast SEO plugin. -->","_links":{"self":[{"href":"https:\/\/latinzona.hu\/index.php\/wp-json\/wp\/v2\/posts\/1416"}],"collection":[{"href":"https:\/\/latinzona.hu\/index.php\/wp-json\/wp\/v2\/posts"}],"about":[{"href":"https:\/\/latinzona.hu\/index.php\/wp-json\/wp\/v2\/types\/post"}],"author":[{"embeddable":true,"href":"https:\/\/latinzona.hu\/index.php\/wp-json\/wp\/v2\/users\/1"}],"replies":[{"embeddable":true,"href":"https:\/\/latinzona.hu\/index.php\/wp-json\/wp\/v2\/comments?post=1416"}],"version-history":[{"count":1,"href":"https:\/\/latinzona.hu\/index.php\/wp-json\/wp\/v2\/posts\/1416\/revisions"}],"predecessor-version":[{"id":1418,"href":"https:\/\/latinzona.hu\/index.php\/wp-json\/wp\/v2\/posts\/1416\/revisions\/1418"}],"wp:featuredmedia":[{"embeddable":true,"href":"https:\/\/latinzona.hu\/index.php\/wp-json\/wp\/v2\/media\/1417"}],"wp:attachment":[{"href":"https:\/\/latinzona.hu\/index.php\/wp-json\/wp\/v2\/media?parent=1416"}],"wp:term":[{"taxonomy":"category","embeddable":true,"href":"https:\/\/latinzona.hu\/index.php\/wp-json\/wp\/v2\/categories?post=1416"},{"taxonomy":"post_tag","embeddable":true,"href":"https:\/\/latinzona.hu\/index.php\/wp-json\/wp\/v2\/tags?post=1416"}],"curies":[{"name":"wp","href":"https:\/\/api.w.org\/{rel}","templated":true}]}}