{"id":1419,"date":"2025-06-01T18:26:22","date_gmt":"2025-06-01T18:26:22","guid":{"rendered":"https:\/\/latinzona.hu\/?p=1419"},"modified":"2025-06-01T18:26:23","modified_gmt":"2025-06-01T18:26:23","slug":"visszater-a-decathlon-argentinaba","status":"publish","type":"post","link":"https:\/\/latinzona.hu\/index.php\/2025\/06\/01\/visszater-a-decathlon-argentinaba\/","title":{"rendered":"A Decathlon \u00e9vtizedek ut\u00e1n visszat\u00e9r Argent\u00edn\u00e1ba"},"content":{"rendered":"\n<p>Argent\u00edn\u00e1ban m\u00e1r volt ilyen bolt kor\u00e1bban, de az nem volt egy sikeres t\u00f6rt\u00e9net. A Decathlon, <a href=\"https:\/\/www.decathlon.com\/?srsltid=AfmBOooO06vdCwprXSFOzHRCH0JSznKgvwDUldctbY4-rTuMxO7_JIjg\">a multinacion\u00e1lis sportbolt<\/a> 2000-ben \u00e9rkezett meg az orsz\u00e1gba, \u00e9s a Soleil bev\u00e1s\u00e1rl\u00f3k\u00f6zpontban kezdte meg m\u0171k\u00f6d\u00e9s\u00e9t els\u0151 \u00fczlet\u00e9vel. <strong>Persze egyetlen \u00fczleti terv sem volt k\u00e9pes tervezni egy olyan kegyetlen v\u00e1ls\u00e1ggal, mint amilyen a 2001-es volt. A k\u00f6vetkez\u0151 \u00e9v v\u00e9g\u00e9re az argentin kaland m\u00e1r csak eml\u00e9k volt. <\/strong>T\u00f6bb mint h\u00fasz \u00e9vvel k\u00e9s\u0151bb a Spanyolorsz\u00e1gban er\u0151s jelenl\u00e9ttel rendelkez\u0151 francia csoport visszat\u00e9r az orsz\u00e1gba. <\/p>\n\n\n\n<p>H\u00fasz \u00fczletet nyit, de elvileg kett\u0151 m\u00e1r az \u00e9v v\u00e9ge el\u0151tt m\u0171k\u00f6dni fog. A nem kevesebb mint 79 orsz\u00e1gban jelen l\u00e9v\u0151 csoport tov\u00e1bbra is a terjeszked\u00e9sre \u00f6sszpontos\u00edt. Indi\u00e1ban \u00e9s N\u00e9metorsz\u00e1gban a n\u00f6veked\u00e9s \u00e9rdek\u00e9ben beruh\u00e1z\u00e1sokat hajt v\u00e9gre. De mi\u00e9rt \u00e9s hogyan t\u00f6rt\u00e9nt most a visszat\u00e9r\u00e9s? <\/p>\n\n\n\n<h2>A Decathlon argentin visszat\u00e9r\u00e9s\u00e9nek sztorija<\/h2>\n\n\n\n<p>Egy Grupo One nev\u0171 c\u00e9g van a h\u00e1tt\u00e9rben, amelynek tagja egy ismert argentin \u00fczletember, Manuel Antelo, aki egy ideje Uruguayba vonult vissza. Valamint egy h\u00e1zasp\u00e1r, Sabine Mulliez \u00e9s Pedro Aguirre Saravia. <strong>Mulliez a Decathlon \u00e9s 130 m\u00e1sik v\u00e1llalat tulajdonosa, a Mulliez-kl\u00e1n egyik \u00f6r\u00f6k\u00f6se, Franciaorsz\u00e1g egyik leggazdagabb csal\u00e1dj\u00e1nak tagja<\/strong>. Aguirre Saravia argentin \u00e1llampolg\u00e1r, aki bank\u00e1rk\u00e9nt komoly tapasztalatokkal rendelkezik a befektet\u00e9si alapok vil\u00e1g\u00e1ban. <\/p>\n\n\n\n<p>Antelo, aki t\u00f6bb mint t\u00edz \u00e9ve Uruguayban \u00e9l (<a href=\"https:\/\/latinzona.hu\/index.php\/2024\/12\/16\/egyre-tobb-argentin-koltozik-uruguayba\/\">ahova egyre t\u00f6bb argentin k\u00f6lt\u00f6zik<\/a>), a Renault \u00e9s a Nissan m\u00e1rk\u00e1kat k\u00e9pviseli. \u00d6t \u00e9vvel ezel\u0151tt \u0151 nyitotta meg a CarOne komplexumot Montevideo k\u00fclv\u00e1ros\u00e1ban. 2021-ben az \u0151 kezel\u00e9s\u00e9ben ny\u00edlt meg a jelenleg m\u0171k\u00f6d\u0151 k\u00e9t Decathlon \u00fczlet k\u00f6z\u00fcl az els\u0151. <\/p>\n\n\n\n<p>A Decathlon 1976-ban sz\u00fcletett, amikor Michel Leclercq, G\u00e9rard Mulliez unoka\u00f6ccse megl\u00e1tott egy \u00fczleti lehet\u0151s\u00e9get. Volt egy r\u00e9s, amelyet senki sem haszn\u00e1lt ki. Nem lehetett olyan helyet tal\u00e1lni, ahol mindent meg lehetett volna v\u00e1s\u00e1rolni, ami a k\u00fcl\u00f6nb\u00f6z\u0151 sport\u00e1gak gyakorl\u00e1s\u00e1hoz sz\u00fcks\u00e9ges. <strong>\u00d6sszefogott hat bar\u00e1tj\u00e1val, \u00e9s megalap\u00edtotta az els\u0151 \u00fczletet egy Lille melletti bev\u00e1s\u00e1rl\u00f3k\u00f6zpont parkol\u00f3j\u00e1ban. T\u00edz \u00e9vvel k\u00e9s\u0151bb N\u00e9metorsz\u00e1gban is nyitottak \u00fczleteket, 1992-ben pedig a barcelonai olimpiai j\u00e1t\u00e9kok alkalm\u00e1b\u00f3l Spanyolorsz\u00e1gban nyitott\u00e1k meg els\u0151 \u00fczlet\u00fcket. <\/strong><\/p>\n\n\n\n<p>R\u00e9szv\u00e9nyesi szinten a Leclercq csal\u00e1d a v\u00e1llalat mintegy 40%-\u00e1t birtokolja, m\u00edg a Mulliez csal\u00e1d tov\u00e1bbi 40%-ot ellen\u0151riz, ami tov\u00e1bb er\u0151s\u00edti a v\u00e1llalat csal\u00e1di jelleg\u00e9t. Ma Julien Leclercq a Decathlon csoport eln\u00f6ke, m\u00edg 2022-t\u0151l Javier Lopez a vez\u00e9rigazgat\u00f3. A v\u00e1llalat m\u00e1r Uruguayba \u00e9s Paraguayba is elhozta a m\u00e1rk\u00e1t, de a francia c\u00e9gcsoport a r\u00e9gi\u00f3 m\u00e1s orsz\u00e1gaiban is jelen van, p\u00e9ld\u00e1ul Braz\u00edli\u00e1ban \u00e9s Chil\u00e9ben. A Grupo One elk\u00e9pzel\u00e9se az, hogy Argent\u00edn\u00e1ba hozza a csoport m\u00e1s v\u00e1llalatait, mint p\u00e9ld\u00e1ul a Kiabi francia ruh\u00e1zati m\u00e1rk\u00e1t. Ez m\u00e1r jelen van Uruguayban. <\/p>\n\n\n\n<p>De a tervekben ott van a Naterial is, amely kerti b\u00fatorok \u00e9rt\u00e9kes\u00edt\u00e9s\u00e9vel foglalkozik. Az m\u00e1r ismert, hogy hol fognak m\u0171k\u00f6dni az els\u0151 \u00fczletek. <strong>A Decathlon a Carrefourral k\u00f6t\u00f6tt meg\u00e1llapod\u00e1st. Az els\u0151 nyit\u00e1st okt\u00f3berre tervezik az Al R\u00edo komplexumban, k\u00f6zvetlen\u00fcl a hipermarket mellett, amelyet a l\u00e1nc Vicente L\u00f3pezben \u00fczemeltet.<\/strong> Egy olyan id\u0151szakban, amikor a p\u00e9nz\u00fcgyi vil\u00e1gb\u00f3l sz\u00e1m\u0171z\u00f6tt Argent\u00edn\u00e1ban a befektet\u00e9sek visszaszorul\u00e1sa kezd \u00e1tadni a hely\u00e9t a p\u00e9nzeszk\u00f6z\u00f6k be\u00e1raml\u00e1s\u00e1nak, egy olyan csoport \u00e9rkez\u00e9se, mint a Decathlon j\u00f3 p\u00e9ld\u00e1t mutathat.<\/p>\n","protected":false},"excerpt":{"rendered":"<div class=\"mh-excerpt\"><p>Argent\u00edn\u00e1ban m\u00e1r volt ilyen bolt kor\u00e1bban, de az nem volt egy sikeres t\u00f6rt\u00e9net. A Decathlon, a multinacion\u00e1lis sportbolt 2000-ben \u00e9rkezett meg az orsz\u00e1gba, \u00e9s a <a class=\"mh-excerpt-more\" href=\"https:\/\/latinzona.hu\/index.php\/2025\/06\/01\/visszater-a-decathlon-argentinaba\/\" title=\"A Decathlon \u00e9vtizedek ut\u00e1n visszat\u00e9r Argent\u00edn\u00e1ba\">[&#8230;]<\/a><\/p>\n<\/div>","protected":false},"author":1,"featured_media":1420,"comment_status":"open","ping_status":"open","sticky":false,"template":"","format":"standard","meta":[],"categories":[24],"tags":[17],"yoast_head":"<!-- This site is optimized with the Yoast SEO plugin v15.5 - https:\/\/yoast.com\/wordpress\/plugins\/seo\/ -->\n<title>A Decathlon \u00e9vtizedek ut\u00e1n visszat\u00e9r Argent\u00edn\u00e1ba - Latin Z\u00f3na<\/title>\n<meta name=\"description\" content=\"Visszat\u00e9r a Decathlon Argent\u00edn\u00e1ba, t\u00f6bb mint 20 \u00e9vvel azut\u00e1n, hogy elhagyt\u00e1k az orsz\u00e1got a gazdas\u00e1gi probl\u00e9m\u00e1k miatt.\" \/>\n<meta name=\"robots\" content=\"index, follow, max-snippet:-1, max-image-preview:large, max-video-preview:-1\" \/>\n<link rel=\"canonical\" href=\"https:\/\/latinzona.hu\/index.php\/2025\/06\/01\/visszater-a-decathlon-argentinaba\/\" \/>\n<meta property=\"og:locale\" content=\"hu_HU\" \/>\n<meta property=\"og:type\" content=\"article\" \/>\n<meta property=\"og:title\" content=\"A Decathlon \u00e9vtizedek ut\u00e1n visszat\u00e9r Argent\u00edn\u00e1ba - Latin Z\u00f3na\" \/>\n<meta property=\"og:description\" content=\"Visszat\u00e9r a Decathlon Argent\u00edn\u00e1ba, t\u00f6bb mint 20 \u00e9vvel azut\u00e1n, hogy elhagyt\u00e1k az orsz\u00e1got a gazdas\u00e1gi probl\u00e9m\u00e1k miatt.\" \/>\n<meta property=\"og:url\" content=\"https:\/\/latinzona.hu\/index.php\/2025\/06\/01\/visszater-a-decathlon-argentinaba\/\" \/>\n<meta property=\"og:site_name\" content=\"Latin Z\u00f3na\" \/>\n<meta property=\"article:published_time\" content=\"2025-06-01T18:26:22+00:00\" \/>\n<meta property=\"article:modified_time\" content=\"2025-06-01T18:26:23+00:00\" \/>\n<meta property=\"og:image\" content=\"https:\/\/latinzona.hu\/wp-content\/uploads\/2025\/06\/decathlon.png\" \/>\n\t<meta property=\"og:image:width\" content=\"1122\" \/>\n\t<meta property=\"og:image:height\" content=\"626\" \/>\n<meta name=\"twitter:card\" content=\"summary_large_image\" \/>\n<meta name=\"twitter:label1\" content=\"Becs\u00fclt olvas\u00e1si id\u0151\">\n\t<meta name=\"twitter:data1\" content=\"3 perc\">\n<script type=\"application\/ld+json\" class=\"yoast-schema-graph\">{\"@context\":\"https:\/\/schema.org\",\"@graph\":[{\"@type\":\"WebSite\",\"@id\":\"https:\/\/latinzona.hu\/#website\",\"url\":\"https:\/\/latinzona.hu\/\",\"name\":\"Latin Z\\u00f3na\",\"description\":\"Mi D\\u00e9lre is figyel\\u00fcnk...\",\"potentialAction\":[{\"@type\":\"SearchAction\",\"target\":\"https:\/\/latinzona.hu\/?s={search_term_string}\",\"query-input\":\"required name=search_term_string\"}],\"inLanguage\":\"hu\"},{\"@type\":\"ImageObject\",\"@id\":\"https:\/\/latinzona.hu\/index.php\/2025\/06\/01\/visszater-a-decathlon-argentinaba\/#primaryimage\",\"inLanguage\":\"hu\",\"url\":\"https:\/\/latinzona.hu\/wp-content\/uploads\/2025\/06\/decathlon.png\",\"width\":1122,\"height\":626},{\"@type\":\"WebPage\",\"@id\":\"https:\/\/latinzona.hu\/index.php\/2025\/06\/01\/visszater-a-decathlon-argentinaba\/#webpage\",\"url\":\"https:\/\/latinzona.hu\/index.php\/2025\/06\/01\/visszater-a-decathlon-argentinaba\/\",\"name\":\"A Decathlon \\u00e9vtizedek ut\\u00e1n visszat\\u00e9r Argent\\u00edn\\u00e1ba - Latin Z\\u00f3na\",\"isPartOf\":{\"@id\":\"https:\/\/latinzona.hu\/#website\"},\"primaryImageOfPage\":{\"@id\":\"https:\/\/latinzona.hu\/index.php\/2025\/06\/01\/visszater-a-decathlon-argentinaba\/#primaryimage\"},\"datePublished\":\"2025-06-01T18:26:22+00:00\",\"dateModified\":\"2025-06-01T18:26:23+00:00\",\"author\":{\"@id\":\"https:\/\/latinzona.hu\/#\/schema\/person\/de64af94bc35db4973955a05f752bd2d\"},\"description\":\"Visszat\\u00e9r a Decathlon Argent\\u00edn\\u00e1ba, t\\u00f6bb mint 20 \\u00e9vvel azut\\u00e1n, hogy elhagyt\\u00e1k az orsz\\u00e1got a gazdas\\u00e1gi probl\\u00e9m\\u00e1k miatt.\",\"inLanguage\":\"hu\",\"potentialAction\":[{\"@type\":\"ReadAction\",\"target\":[\"https:\/\/latinzona.hu\/index.php\/2025\/06\/01\/visszater-a-decathlon-argentinaba\/\"]}]},{\"@type\":\"Person\",\"@id\":\"https:\/\/latinzona.hu\/#\/schema\/person\/de64af94bc35db4973955a05f752bd2d\",\"name\":\"Chileno\",\"image\":{\"@type\":\"ImageObject\",\"@id\":\"https:\/\/latinzona.hu\/#personlogo\",\"inLanguage\":\"hu\",\"url\":\"https:\/\/secure.gravatar.com\/avatar\/9a5fe6fe999607c0ed4bfce2f8ed2600?s=96&d=mm&r=g\",\"caption\":\"Chileno\"},\"sameAs\":[\"https:\/\/latinzona.hu\"]}]}<\/script>\n<!-- \/ Yoast SEO plugin. -->","_links":{"self":[{"href":"https:\/\/latinzona.hu\/index.php\/wp-json\/wp\/v2\/posts\/1419"}],"collection":[{"href":"https:\/\/latinzona.hu\/index.php\/wp-json\/wp\/v2\/posts"}],"about":[{"href":"https:\/\/latinzona.hu\/index.php\/wp-json\/wp\/v2\/types\/post"}],"author":[{"embeddable":true,"href":"https:\/\/latinzona.hu\/index.php\/wp-json\/wp\/v2\/users\/1"}],"replies":[{"embeddable":true,"href":"https:\/\/latinzona.hu\/index.php\/wp-json\/wp\/v2\/comments?post=1419"}],"version-history":[{"count":1,"href":"https:\/\/latinzona.hu\/index.php\/wp-json\/wp\/v2\/posts\/1419\/revisions"}],"predecessor-version":[{"id":1421,"href":"https:\/\/latinzona.hu\/index.php\/wp-json\/wp\/v2\/posts\/1419\/revisions\/1421"}],"wp:featuredmedia":[{"embeddable":true,"href":"https:\/\/latinzona.hu\/index.php\/wp-json\/wp\/v2\/media\/1420"}],"wp:attachment":[{"href":"https:\/\/latinzona.hu\/index.php\/wp-json\/wp\/v2\/media?parent=1419"}],"wp:term":[{"taxonomy":"category","embeddable":true,"href":"https:\/\/latinzona.hu\/index.php\/wp-json\/wp\/v2\/categories?post=1419"},{"taxonomy":"post_tag","embeddable":true,"href":"https:\/\/latinzona.hu\/index.php\/wp-json\/wp\/v2\/tags?post=1419"}],"curies":[{"name":"wp","href":"https:\/\/api.w.org\/{rel}","templated":true}]}}