{"id":1422,"date":"2025-06-02T20:25:10","date_gmt":"2025-06-02T20:25:10","guid":{"rendered":"https:\/\/latinzona.hu\/?p=1422"},"modified":"2025-06-02T20:25:11","modified_gmt":"2025-06-02T20:25:11","slug":"romlik-a-betegek-helyzete-kolumbiaban","status":"publish","type":"post","link":"https:\/\/latinzona.hu\/index.php\/2025\/06\/02\/romlik-a-betegek-helyzete-kolumbiaban\/","title":{"rendered":"Egyre rosszabb a betegek helyzete Kolumbi\u00e1ban"},"content":{"rendered":"\n<p>A kolumbiai eg\u00e9szs\u00e9g\u00fcgyi rendszer helyzete tov\u00e1bbra is aggodalomra ad okot. K\u00fcl\u00f6n\u00f6sen azon betegek eset\u00e9ben, akik \u00e9letmin\u0151s\u00e9g\u00fck fenntart\u00e1sa vagy az olyan betegs\u00e9gek, mint p\u00e9ld\u00e1ul a r\u00e1k elleni k\u00fczdelem \u00e9rdek\u00e9ben gy\u00f3gyszerekt\u0151l f\u00fcggenek. A <a href=\"https:\/\/www.fundacionretornovital.org\/en\/home-2\">Fundaci\u00f3n Retorno Vital<\/a> nemr\u00e9giben k\u00f6zz\u00e9tett jelent\u00e9se szerint a betegek riaszt\u00f3 k\u00e9sedelmekkel szembes\u00fclnek az alapvet\u0151 gy\u00f3gyszerek megszerz\u00e9s\u00e9ben \u00e9s az orvosi ell\u00e1t\u00e1sok \u00fctemez\u00e9s\u00e9ben. Ez vesz\u00e9lyezteti kezel\u00e9s\u00fcket \u00e9s \u00e9letmin\u0151s\u00e9g\u00fcket. <\/p>\n\n\n\n<p><strong>A jelent\u00e9s kiemeli, hogy az orvosi elj\u00e1r\u00e1sok enged\u00e9lyez\u00e9se \u00e1tlagosan 64,8 napot vesz ig\u00e9nybe, m\u00edg az orvosi vizitek ak\u00e1r 100,8 napot is ig\u00e9nybe vehetnek.<\/strong> Ezek a jelent\u0151s k\u00e9sedelmek arra k\u00e9nyszer\u00edtik a betegeket, hogy \u00e1lland\u00f3an \u00faton legyenek, \u00e9s a produkt\u00edv idej\u00fck nagy r\u00e9sz\u00e9t az orvosi elj\u00e1r\u00e1sokra ford\u00edts\u00e1k. N\u00f6vekednek a zsebb\u0151l fizetend\u0151 kiad\u00e1sok. A betegnek hossz\u00fa utat kell megtennie, hogy eljusson egy orvosi rendel\u00e9sre, \u00e9s ott elk\u00fcldik. Azt mondj\u00e1k neki, hogy \u00e1t kell \u00fctemezni a kezel\u00e9st. \u00cdgy a produkt\u00edv h\u00e9t \u00f6t napj\u00e1b\u00f3l legal\u00e1bb h\u00e1rmat fel kell haszn\u00e1lnia. <\/p>\n\n\n\n<h2>A betegek helyzete egyre rosszabb\u00e1 fog v\u00e1lni<\/h2>\n\n\n\n<p>A r\u00e1kbetegs\u00e9gre \u00e9s a hal\u00e1loz\u00e1sra vonatkoz\u00f3 adatok sem j\u00f3k. Becsl\u00e9sek szerint 2024-re a r\u00e1k el\u0151fordul\u00e1sa el\u00e9ri a 100000 lakosra jut\u00f3 1163 esetet. R\u00e1ad\u00e1sul 2045-re mind az \u00f6sszes, mind az \u00faj r\u00e1kos megbeteged\u00e9sek sz\u00e1ma v\u00e1rhat\u00f3an megdupl\u00e1z\u00f3dik az orsz\u00e1gban. <strong>Ez\u00e9rt a civil szervezetek szerint orsz\u00e1gnak be kellene tartania a betegek eg\u00e9szs\u00e9g\u00e9t biztos\u00edt\u00f3 t\u00f6rv\u00e9nyeket. <\/strong> Viszont a betegek helyzete biztosan nem fog javulni hosszabb t\u00e1von.<\/p>\n\n\n\n<p>Kolumbi\u00e1ban a vezet\u0151 hal\u00e1loz\u00e1si ok az ischaemi\u00e1s sz\u00edvbetegs\u00e9g, amely 2023-ban a hal\u00e1loz\u00e1sok 17,2%-\u00e1t tette ki. Tov\u00e1bbi f\u0151 okok k\u00f6z\u00e9 tartoznak az agyi \u00e9rrendszeri betegs\u00e9gek, a kr\u00f3nikus betegs\u00e9gek \u00e9s az ember\u00f6l\u00e9sek, <a href=\"https:\/\/latinzona.hu\/index.php\/2025\/03\/03\/san-bernardo-bogota-egyik-legproblemasabb-resze\/\">a drog<\/a>, amelyek jelent\u0151sen hozz\u00e1j\u00e1rultak a hal\u00e1loz\u00e1si ar\u00e1nyhoz. A magas v\u00e9rnyom\u00e1s, a l\u00e9g\u00fati fert\u0151z\u00e9sek \u00e9s az em\u00e9szt\u0151szervek daganatai szint\u00e9n a vezet\u0151 okok k\u00f6z\u00f6tt szerepelnek.<\/p>\n","protected":false},"excerpt":{"rendered":"<div class=\"mh-excerpt\"><p>A kolumbiai eg\u00e9szs\u00e9g\u00fcgyi rendszer helyzete tov\u00e1bbra is aggodalomra ad okot. K\u00fcl\u00f6n\u00f6sen azon betegek eset\u00e9ben, akik \u00e9letmin\u0151s\u00e9g\u00fck fenntart\u00e1sa vagy az olyan betegs\u00e9gek, mint p\u00e9ld\u00e1ul a r\u00e1k <a class=\"mh-excerpt-more\" href=\"https:\/\/latinzona.hu\/index.php\/2025\/06\/02\/romlik-a-betegek-helyzete-kolumbiaban\/\" title=\"Egyre rosszabb a betegek helyzete Kolumbi\u00e1ban\">[&#8230;]<\/a><\/p>\n<\/div>","protected":false},"author":1,"featured_media":1423,"comment_status":"open","ping_status":"open","sticky":false,"template":"","format":"standard","meta":[],"categories":[31],"tags":[32],"yoast_head":"<!-- This site is optimized with the Yoast SEO plugin v15.5 - https:\/\/yoast.com\/wordpress\/plugins\/seo\/ -->\n<title>Egyre rosszabb a betegek helyzete Kolumbi\u00e1ban - Latin Z\u00f3na<\/title>\n<meta name=\"description\" content=\"Romlik a betegek helyzete Kolumbi\u00e1ban, egyre nehezebb a fontos \u00e9s \u00e9letment\u0151 kezel\u00e9sekhez \u00e9s gy\u00f3gyszerekhez hozz\u00e1jutni.\" \/>\n<meta name=\"robots\" content=\"index, follow, max-snippet:-1, max-image-preview:large, max-video-preview:-1\" \/>\n<link rel=\"canonical\" href=\"https:\/\/latinzona.hu\/index.php\/2025\/06\/02\/romlik-a-betegek-helyzete-kolumbiaban\/\" \/>\n<meta property=\"og:locale\" content=\"hu_HU\" \/>\n<meta property=\"og:type\" content=\"article\" \/>\n<meta property=\"og:title\" content=\"Egyre rosszabb a betegek helyzete Kolumbi\u00e1ban - Latin Z\u00f3na\" \/>\n<meta property=\"og:description\" content=\"Romlik a betegek helyzete Kolumbi\u00e1ban, egyre nehezebb a fontos \u00e9s \u00e9letment\u0151 kezel\u00e9sekhez \u00e9s gy\u00f3gyszerekhez hozz\u00e1jutni.\" \/>\n<meta property=\"og:url\" content=\"https:\/\/latinzona.hu\/index.php\/2025\/06\/02\/romlik-a-betegek-helyzete-kolumbiaban\/\" \/>\n<meta property=\"og:site_name\" content=\"Latin Z\u00f3na\" \/>\n<meta property=\"article:published_time\" content=\"2025-06-02T20:25:10+00:00\" \/>\n<meta property=\"article:modified_time\" content=\"2025-06-02T20:25:11+00:00\" \/>\n<meta property=\"og:image\" content=\"https:\/\/latinzona.hu\/wp-content\/uploads\/2025\/06\/ese-instituto.jpg\" \/>\n\t<meta property=\"og:image:width\" content=\"1280\" \/>\n\t<meta property=\"og:image:height\" content=\"720\" \/>\n<meta name=\"twitter:card\" content=\"summary_large_image\" \/>\n<meta name=\"twitter:label1\" content=\"Becs\u00fclt olvas\u00e1si id\u0151\">\n\t<meta name=\"twitter:data1\" content=\"2 perc\">\n<script type=\"application\/ld+json\" class=\"yoast-schema-graph\">{\"@context\":\"https:\/\/schema.org\",\"@graph\":[{\"@type\":\"WebSite\",\"@id\":\"https:\/\/latinzona.hu\/#website\",\"url\":\"https:\/\/latinzona.hu\/\",\"name\":\"Latin Z\\u00f3na\",\"description\":\"Mi D\\u00e9lre is figyel\\u00fcnk...\",\"potentialAction\":[{\"@type\":\"SearchAction\",\"target\":\"https:\/\/latinzona.hu\/?s={search_term_string}\",\"query-input\":\"required name=search_term_string\"}],\"inLanguage\":\"hu\"},{\"@type\":\"ImageObject\",\"@id\":\"https:\/\/latinzona.hu\/index.php\/2025\/06\/02\/romlik-a-betegek-helyzete-kolumbiaban\/#primaryimage\",\"inLanguage\":\"hu\",\"url\":\"https:\/\/latinzona.hu\/wp-content\/uploads\/2025\/06\/ese-instituto.jpg\",\"width\":1280,\"height\":720},{\"@type\":\"WebPage\",\"@id\":\"https:\/\/latinzona.hu\/index.php\/2025\/06\/02\/romlik-a-betegek-helyzete-kolumbiaban\/#webpage\",\"url\":\"https:\/\/latinzona.hu\/index.php\/2025\/06\/02\/romlik-a-betegek-helyzete-kolumbiaban\/\",\"name\":\"Egyre rosszabb a betegek helyzete Kolumbi\\u00e1ban - Latin Z\\u00f3na\",\"isPartOf\":{\"@id\":\"https:\/\/latinzona.hu\/#website\"},\"primaryImageOfPage\":{\"@id\":\"https:\/\/latinzona.hu\/index.php\/2025\/06\/02\/romlik-a-betegek-helyzete-kolumbiaban\/#primaryimage\"},\"datePublished\":\"2025-06-02T20:25:10+00:00\",\"dateModified\":\"2025-06-02T20:25:11+00:00\",\"author\":{\"@id\":\"https:\/\/latinzona.hu\/#\/schema\/person\/de64af94bc35db4973955a05f752bd2d\"},\"description\":\"Romlik a betegek helyzete Kolumbi\\u00e1ban, egyre nehezebb a fontos \\u00e9s \\u00e9letment\\u0151 kezel\\u00e9sekhez \\u00e9s gy\\u00f3gyszerekhez hozz\\u00e1jutni.\",\"inLanguage\":\"hu\",\"potentialAction\":[{\"@type\":\"ReadAction\",\"target\":[\"https:\/\/latinzona.hu\/index.php\/2025\/06\/02\/romlik-a-betegek-helyzete-kolumbiaban\/\"]}]},{\"@type\":\"Person\",\"@id\":\"https:\/\/latinzona.hu\/#\/schema\/person\/de64af94bc35db4973955a05f752bd2d\",\"name\":\"Chileno\",\"image\":{\"@type\":\"ImageObject\",\"@id\":\"https:\/\/latinzona.hu\/#personlogo\",\"inLanguage\":\"hu\",\"url\":\"https:\/\/secure.gravatar.com\/avatar\/9a5fe6fe999607c0ed4bfce2f8ed2600?s=96&d=mm&r=g\",\"caption\":\"Chileno\"},\"sameAs\":[\"https:\/\/latinzona.hu\"]}]}<\/script>\n<!-- \/ Yoast SEO plugin. -->","_links":{"self":[{"href":"https:\/\/latinzona.hu\/index.php\/wp-json\/wp\/v2\/posts\/1422"}],"collection":[{"href":"https:\/\/latinzona.hu\/index.php\/wp-json\/wp\/v2\/posts"}],"about":[{"href":"https:\/\/latinzona.hu\/index.php\/wp-json\/wp\/v2\/types\/post"}],"author":[{"embeddable":true,"href":"https:\/\/latinzona.hu\/index.php\/wp-json\/wp\/v2\/users\/1"}],"replies":[{"embeddable":true,"href":"https:\/\/latinzona.hu\/index.php\/wp-json\/wp\/v2\/comments?post=1422"}],"version-history":[{"count":1,"href":"https:\/\/latinzona.hu\/index.php\/wp-json\/wp\/v2\/posts\/1422\/revisions"}],"predecessor-version":[{"id":1424,"href":"https:\/\/latinzona.hu\/index.php\/wp-json\/wp\/v2\/posts\/1422\/revisions\/1424"}],"wp:featuredmedia":[{"embeddable":true,"href":"https:\/\/latinzona.hu\/index.php\/wp-json\/wp\/v2\/media\/1423"}],"wp:attachment":[{"href":"https:\/\/latinzona.hu\/index.php\/wp-json\/wp\/v2\/media?parent=1422"}],"wp:term":[{"taxonomy":"category","embeddable":true,"href":"https:\/\/latinzona.hu\/index.php\/wp-json\/wp\/v2\/categories?post=1422"},{"taxonomy":"post_tag","embeddable":true,"href":"https:\/\/latinzona.hu\/index.php\/wp-json\/wp\/v2\/tags?post=1422"}],"curies":[{"name":"wp","href":"https:\/\/api.w.org\/{rel}","templated":true}]}}