{"id":1622,"date":"2025-09-04T20:07:02","date_gmt":"2025-09-04T20:07:02","guid":{"rendered":"https:\/\/latinzona.hu\/?p=1622"},"modified":"2025-09-04T20:07:04","modified_gmt":"2025-09-04T20:07:04","slug":"4-noveny-ami-jelen-van-del-amerikaban-es-magyarorszagon-is","status":"publish","type":"post","link":"https:\/\/latinzona.hu\/index.php\/2025\/09\/04\/4-noveny-ami-jelen-van-del-amerikaban-es-magyarorszagon-is\/","title":{"rendered":"4 n\u00f6v\u00e9ny Magyarorsz\u00e1gon \u00e9s D\u00e9l-Amerik\u00e1ban"},"content":{"rendered":"\n<p>Glob\u00e1lis vil\u00e1gunkban m\u00e1r eg\u00e9szen k\u00f6nnyed\u00e9n eljuthatnak d\u00e9l-amerikai gy\u00fcm\u00f6lcs\u00f6k Magyarorsz\u00e1gra \u00e9s magyar borok D\u00e9l-Amerik\u00e1ba. <strong>Viszont olyan olyan n\u00f6v\u00e9nyt tal\u00e1lni, amely Magyarorsz\u00e1gon \u00e9s D\u00e9l-Amerik\u00e1ban egyar\u00e1nt \u0151shonos, olyan, mintha jagu\u00e1rt akarn\u00e1nk megpillantani a K\u00e1rp\u00e1tokban.<\/strong> Ez a k\u00e9t r\u00e9gi\u00f3 \u00f6kol\u00f3giai szempontb\u00f3l is hihetetlen t\u00e1vols\u00e1gra van egym\u00e1st\u00f3l: Magyarorsz\u00e1gon m\u00e9rs\u00e9kelt kontinent\u00e1lis \u00e9ghajlat uralkodik, m\u00edg D\u00e9l-Amerik\u00e1ban tr\u00f3pusi es\u0151erd\u0151k, magas hegyvid\u00e9kek \u00e9s sz\u00e1raz \u00f6vezetek tal\u00e1lhat\u00f3k. <\/p>\n\n\n\n<p>Emellett jelent\u0151s a biogeogr\u00e1fiai elszigetelts\u00e9g, Magyarorsz\u00e1g a palearktikus r\u00e9gi\u00f3hoz tartozik, m\u00edg D\u00e9l-Amerika a neotropikus r\u00e9gi\u00f3hoz. A n\u00f6v\u00e9nyfajok a f\u00f6ldrajzi elszigetelts\u00e9g miatt k\u00fcl\u00f6n-k\u00fcl\u00f6n fejl\u0151dtek. Vannak teh\u00e1t jelent\u0151s \u00e9ghajlati k\u00fcl\u00f6nbs\u00e9gek is, Magyarorsz\u00e1g \u00e9vszakai \u00e9s talajt\u00edpusai jelent\u0151sen elt\u00e9rnek D\u00e9l-Amerika tr\u00f3pusi \u00e9s szubtr\u00f3pusi \u00f6vezeteit\u0151l. B\u00e1r nincs mindk\u00e9t r\u00e9gi\u00f3ban \u0151shonos fa- vagy n\u00f6v\u00e9nyfaj, n\u00e9h\u00e1ny faj mindk\u00e9t r\u00e9gi\u00f3ban meghonosodott, vagy sz\u00e9les k\u00f6rben termesztik \u0151ket. J\u00f6jj\u00f6n 4 n\u00f6v\u00e9ny!<\/p>\n\n\n\n<h2>4 n\u00f6v\u00e9ny, ami haz\u00e1nkban \u00e9s D\u00e9l-Amerik\u00e1ban is l\u00e9tezik<\/h2>\n\n\n\n<p>A <strong>pipacs<\/strong> tipikusan ilyen. Argent\u00edna \u00e9s Chile egyes r\u00e9szein honos\u00edtott, m\u00edg Magyarorsz\u00e1gon \u0151shonos vadvir\u00e1g. A <strong>b\u00fazavir\u00e1g<\/strong> szint\u00e9n \u0151shonos Magyarorsz\u00e1gon, D\u00e9l-Amerik\u00e1ban pedig alkalmank\u00e9nt megjelenik. Mint a gabona gyomn\u00f6v\u00e9nye, megm\u0171velt ter\u00fcleteken fordul el\u0151, k\u00fcl\u00f6n\u00f6sen a b\u00faza- \u00e9s rozsvet\u00e9sekben. D\u00e9l-Eur\u00f3pai sz\u00e1rmaz\u00e1s\u00fa n\u00f6v\u00e9ny, ma m\u00e1r csaknem az eg\u00e9sz f\u00f6ldkereks\u00e9gen elterjedt. <a href=\"https:\/\/zoldszeresz.hu\/buzavirag-gyogyhatasa\/\">Forr\u00e1zat\u00e1t k\u00fcls\u0151leg szemgyullad\u00e1s borogat\u00e1s\u00e1ra<\/a>, torok\u00f6bl\u00f6get\u00e9sre haszn\u00e1lj\u00e1k. Te\u00e1j\u00e1t mag\u00e1ban nem fogyasztj\u00e1k, adal\u00e9kk\u00e9nt a drogj\u00e1t \u00e9tv\u00e1gyjav\u00edt\u00f3, g\u00f6rcsold\u00f3, er\u0151s\u00edt\u0151 teakever\u00e9kekhez adj\u00e1k. Egyre kevesebb van bel\u0151le a <a href=\"https:\/\/latinzona.hu\/index.php\/2025\/08\/28\/kulonleges-mutragya-segit-a-szarazsag-elleni-harcban\/\">sok vegyszernek<\/a> k\u00f6sz\u00f6nhet\u0151en.<\/p>\n\n\n\n<p>A <strong>k\u00f6z\u00f6ns\u00e9ges f\u00fcge<\/strong> Magyarorsz\u00e1gon \u00e9s D\u00e9l-Amerik\u00e1ban sem \u0151shonos, de mindk\u00e9t helyen el\u00e9g nagy mennyis\u00e9gben termesztik. \u00c9s negyedikk\u00e9nt egy meglep\u0151 n\u00f6v\u00e9nyt kell megeml\u00edteni: a <strong>pitypang avagy gyermekl\u00e1ncf\u0171. <\/strong>Magyarorsz\u00e1gon ez \u0151shonos, viszont ma m\u00e1r D\u00e9l-Amerika eg\u00e9sz ter\u00fclet\u00e9n elterjedt. \u00dagyhogy \u00f6sszess\u00e9g\u00e9ben elmondhat\u00f3, hogy ezek a n\u00f6v\u00e9nyek nem \u0151shonosak mindk\u00e9t helyen, de a mez\u0151gazdas\u00e1g, a d\u00edszn\u00f6v\u00e9nyk\u00e9nt val\u00f3 felhaszn\u00e1l\u00e1s vagy egyszer\u0171en csak alkalmazkod\u00f3k\u00e9pess\u00e9g\u00fcknek k\u00f6sz\u00f6nhet\u0151en vil\u00e1gszerte elterjedtek.<\/p>\n","protected":false},"excerpt":{"rendered":"<div class=\"mh-excerpt\"><p>Glob\u00e1lis vil\u00e1gunkban m\u00e1r eg\u00e9szen k\u00f6nnyed\u00e9n eljuthatnak d\u00e9l-amerikai gy\u00fcm\u00f6lcs\u00f6k Magyarorsz\u00e1gra \u00e9s magyar borok D\u00e9l-Amerik\u00e1ba. Viszont olyan olyan n\u00f6v\u00e9nyt tal\u00e1lni, amely Magyarorsz\u00e1gon \u00e9s D\u00e9l-Amerik\u00e1ban egyar\u00e1nt \u0151shonos, olyan, <a class=\"mh-excerpt-more\" href=\"https:\/\/latinzona.hu\/index.php\/2025\/09\/04\/4-noveny-ami-jelen-van-del-amerikaban-es-magyarorszagon-is\/\" title=\"4 n\u00f6v\u00e9ny Magyarorsz\u00e1gon \u00e9s D\u00e9l-Amerik\u00e1ban\">[&#8230;]<\/a><\/p>\n<\/div>","protected":false},"author":1,"featured_media":1623,"comment_status":"open","ping_status":"open","sticky":false,"template":"","format":"standard","meta":[],"categories":[95],"tags":[141],"yoast_head":"<!-- This site is optimized with the Yoast SEO plugin v15.5 - https:\/\/yoast.com\/wordpress\/plugins\/seo\/ -->\n<title>4 n\u00f6v\u00e9ny Magyarorsz\u00e1gon \u00e9s D\u00e9l-Amerik\u00e1ban - Latin Z\u00f3na<\/title>\n<meta name=\"description\" content=\"Nem igaz\u00e1n van \u0151shonos faj, ami Magyarorsz\u00e1gon \u00e9s D\u00e9l-Amerik\u00e1ban is az lenne, de van 4 n\u00f6v\u00e9ny, ami mindenhol elterjedt.\" \/>\n<meta name=\"robots\" content=\"index, follow, max-snippet:-1, max-image-preview:large, max-video-preview:-1\" \/>\n<link rel=\"canonical\" href=\"https:\/\/latinzona.hu\/index.php\/2025\/09\/04\/4-noveny-ami-jelen-van-del-amerikaban-es-magyarorszagon-is\/\" \/>\n<meta property=\"og:locale\" content=\"hu_HU\" \/>\n<meta property=\"og:type\" content=\"article\" \/>\n<meta property=\"og:title\" content=\"4 n\u00f6v\u00e9ny Magyarorsz\u00e1gon \u00e9s D\u00e9l-Amerik\u00e1ban - Latin Z\u00f3na\" \/>\n<meta property=\"og:description\" content=\"Nem igaz\u00e1n van \u0151shonos faj, ami Magyarorsz\u00e1gon \u00e9s D\u00e9l-Amerik\u00e1ban is az lenne, de van 4 n\u00f6v\u00e9ny, ami mindenhol elterjedt.\" \/>\n<meta property=\"og:url\" content=\"https:\/\/latinzona.hu\/index.php\/2025\/09\/04\/4-noveny-ami-jelen-van-del-amerikaban-es-magyarorszagon-is\/\" \/>\n<meta property=\"og:site_name\" content=\"Latin Z\u00f3na\" \/>\n<meta property=\"article:published_time\" content=\"2025-09-04T20:07:02+00:00\" \/>\n<meta property=\"article:modified_time\" content=\"2025-09-04T20:07:04+00:00\" \/>\n<meta property=\"og:image\" content=\"https:\/\/latinzona.hu\/wp-content\/uploads\/2025\/09\/buzavirag.jpg\" \/>\n\t<meta property=\"og:image:width\" content=\"600\" \/>\n\t<meta property=\"og:image:height\" content=\"415\" \/>\n<meta name=\"twitter:card\" content=\"summary_large_image\" \/>\n<meta name=\"twitter:label1\" content=\"Becs\u00fclt olvas\u00e1si id\u0151\">\n\t<meta name=\"twitter:data1\" content=\"2 perc\">\n<script type=\"application\/ld+json\" class=\"yoast-schema-graph\">{\"@context\":\"https:\/\/schema.org\",\"@graph\":[{\"@type\":\"WebSite\",\"@id\":\"https:\/\/latinzona.hu\/#website\",\"url\":\"https:\/\/latinzona.hu\/\",\"name\":\"Latin Z\\u00f3na\",\"description\":\"Mi D\\u00e9lre is figyel\\u00fcnk...\",\"potentialAction\":[{\"@type\":\"SearchAction\",\"target\":\"https:\/\/latinzona.hu\/?s={search_term_string}\",\"query-input\":\"required name=search_term_string\"}],\"inLanguage\":\"hu\"},{\"@type\":\"ImageObject\",\"@id\":\"https:\/\/latinzona.hu\/index.php\/2025\/09\/04\/4-noveny-ami-jelen-van-del-amerikaban-es-magyarorszagon-is\/#primaryimage\",\"inLanguage\":\"hu\",\"url\":\"https:\/\/latinzona.hu\/wp-content\/uploads\/2025\/09\/buzavirag.jpg\",\"width\":600,\"height\":415},{\"@type\":\"WebPage\",\"@id\":\"https:\/\/latinzona.hu\/index.php\/2025\/09\/04\/4-noveny-ami-jelen-van-del-amerikaban-es-magyarorszagon-is\/#webpage\",\"url\":\"https:\/\/latinzona.hu\/index.php\/2025\/09\/04\/4-noveny-ami-jelen-van-del-amerikaban-es-magyarorszagon-is\/\",\"name\":\"4 n\\u00f6v\\u00e9ny Magyarorsz\\u00e1gon \\u00e9s D\\u00e9l-Amerik\\u00e1ban - Latin Z\\u00f3na\",\"isPartOf\":{\"@id\":\"https:\/\/latinzona.hu\/#website\"},\"primaryImageOfPage\":{\"@id\":\"https:\/\/latinzona.hu\/index.php\/2025\/09\/04\/4-noveny-ami-jelen-van-del-amerikaban-es-magyarorszagon-is\/#primaryimage\"},\"datePublished\":\"2025-09-04T20:07:02+00:00\",\"dateModified\":\"2025-09-04T20:07:04+00:00\",\"author\":{\"@id\":\"https:\/\/latinzona.hu\/#\/schema\/person\/de64af94bc35db4973955a05f752bd2d\"},\"description\":\"Nem igaz\\u00e1n van \\u0151shonos faj, ami Magyarorsz\\u00e1gon \\u00e9s D\\u00e9l-Amerik\\u00e1ban is az lenne, de van 4 n\\u00f6v\\u00e9ny, ami mindenhol elterjedt.\",\"inLanguage\":\"hu\",\"potentialAction\":[{\"@type\":\"ReadAction\",\"target\":[\"https:\/\/latinzona.hu\/index.php\/2025\/09\/04\/4-noveny-ami-jelen-van-del-amerikaban-es-magyarorszagon-is\/\"]}]},{\"@type\":\"Person\",\"@id\":\"https:\/\/latinzona.hu\/#\/schema\/person\/de64af94bc35db4973955a05f752bd2d\",\"name\":\"Chileno\",\"image\":{\"@type\":\"ImageObject\",\"@id\":\"https:\/\/latinzona.hu\/#personlogo\",\"inLanguage\":\"hu\",\"url\":\"https:\/\/secure.gravatar.com\/avatar\/9a5fe6fe999607c0ed4bfce2f8ed2600?s=96&d=mm&r=g\",\"caption\":\"Chileno\"},\"sameAs\":[\"https:\/\/latinzona.hu\"]}]}<\/script>\n<!-- \/ Yoast SEO plugin. -->","_links":{"self":[{"href":"https:\/\/latinzona.hu\/index.php\/wp-json\/wp\/v2\/posts\/1622"}],"collection":[{"href":"https:\/\/latinzona.hu\/index.php\/wp-json\/wp\/v2\/posts"}],"about":[{"href":"https:\/\/latinzona.hu\/index.php\/wp-json\/wp\/v2\/types\/post"}],"author":[{"embeddable":true,"href":"https:\/\/latinzona.hu\/index.php\/wp-json\/wp\/v2\/users\/1"}],"replies":[{"embeddable":true,"href":"https:\/\/latinzona.hu\/index.php\/wp-json\/wp\/v2\/comments?post=1622"}],"version-history":[{"count":1,"href":"https:\/\/latinzona.hu\/index.php\/wp-json\/wp\/v2\/posts\/1622\/revisions"}],"predecessor-version":[{"id":1624,"href":"https:\/\/latinzona.hu\/index.php\/wp-json\/wp\/v2\/posts\/1622\/revisions\/1624"}],"wp:featuredmedia":[{"embeddable":true,"href":"https:\/\/latinzona.hu\/index.php\/wp-json\/wp\/v2\/media\/1623"}],"wp:attachment":[{"href":"https:\/\/latinzona.hu\/index.php\/wp-json\/wp\/v2\/media?parent=1622"}],"wp:term":[{"taxonomy":"category","embeddable":true,"href":"https:\/\/latinzona.hu\/index.php\/wp-json\/wp\/v2\/categories?post=1622"},{"taxonomy":"post_tag","embeddable":true,"href":"https:\/\/latinzona.hu\/index.php\/wp-json\/wp\/v2\/tags?post=1622"}],"curies":[{"name":"wp","href":"https:\/\/api.w.org\/{rel}","templated":true}]}}