{"id":1631,"date":"2025-09-07T10:43:23","date_gmt":"2025-09-07T10:43:23","guid":{"rendered":"https:\/\/latinzona.hu\/?p=1631"},"modified":"2025-09-07T10:43:25","modified_gmt":"2025-09-07T10:43:25","slug":"a-martim-vaz-sziklain-nagyon-kuzdelmes-az-elet","status":"publish","type":"post","link":"https:\/\/latinzona.hu\/index.php\/2025\/09\/07\/a-martim-vaz-sziklain-nagyon-kuzdelmes-az-elet\/","title":{"rendered":"Martim Vaz &#8211; egy mindent\u0151l t\u00e1voli, kegyetlen hely"},"content":{"rendered":"\n<p>A gy\u00f6ny\u00f6r\u0171s\u00e9ges Trindade \u00e9s Martim Vaz egy szigetcsoport az Atlanti-\u00f3ce\u00e1n d\u00e9li r\u00e9sz\u00e9n, k\u00f6r\u00fclbel\u00fcl 1100 kilom\u00e9terre keletre a braz\u00edliai Esp\u00edrito Santo \u00e1llam partjait\u00f3l, amelynek r\u00e9sze. A szigetcsoport teljes ter\u00fclete 10,4 n\u00e9gyzetkilom\u00e9ter, \u00e9s <a href=\"https:\/\/web.archive.org\/web\/20140817101150\/https:\/\/www.com1dn.mar.mil.br\/index.php?page=poit#\">egy haditenger\u00e9szet \u00e1ltal t\u00e1mogatott<\/a>, legfeljebb 8 f\u0151 befogad\u00e1s\u00e1ra alkalmas kutat\u00f3\u00e1llom\u00e1s tal\u00e1lhat\u00f3 rajta. <strong>A szigetcsoport \u00f6t szigetb\u0151l \u00e9s t\u00f6bb szikl\u00e1b\u00f3l \u00e9s sziklaszirtekb\u0151l \u00e1ll; Trindade a legnagyobb sziget, ter\u00fclete 10,1 n\u00e9gyzetkilom\u00e9ter; k\u00f6r\u00fclbel\u00fcl 49 kilom\u00e9terre (30 m\u00e9rf\u00f6ldre) keletre t\u0151le tal\u00e1lhat\u00f3ak t\u0151le a kis Martim Vaz-szigetek, \u00f6sszesen 0,3 n\u00e9gyzetkilom\u00e9ter (70 hekt\u00e1r) ter\u00fclettel.<\/strong> <\/p>\n\n\n\n<figure class=\"wp-block-image size-large\"><img loading=\"lazy\" width=\"640\" height=\"422\" src=\"https:\/\/latinzona.hu\/wp-content\/uploads\/2025\/09\/martim-vaz2.jpg\" alt=\"\" class=\"wp-image-1633\" srcset=\"https:\/\/latinzona.hu\/wp-content\/uploads\/2025\/09\/martim-vaz2.jpg 640w, https:\/\/latinzona.hu\/wp-content\/uploads\/2025\/09\/martim-vaz2-300x198.jpg 300w\" sizes=\"(max-width: 640px) 100vw, 640px\" \/><\/figure>\n\n\n\n<p>Ez ut\u00f3bbiak a Trindade\u2013Martim Vaz-szigetek tr\u00f3pusi erd\u0151 \u00f6kor\u00e9gi\u00f3j\u00e1nak r\u00e9szei, \u00e9s elszigetelts\u00e9g\u00fck miatt kritikus fontoss\u00e1g\u00fa szaporod\u00e1si helyek a tengeri madarak sz\u00e1m\u00e1ra, k\u00fcl\u00f6n\u00f6sen azok sz\u00e1m\u00e1ra, amelyek m\u00e1shol ragadoz\u00f3k c\u00e9lpontjai. Meglep\u0151 m\u00f3don ezen a <a href=\"https:\/\/latinzona.hu\/index.php\/2024\/11\/16\/isla-carrera-egy-elavult-de-meg-mindig-mukodo-bortonsziget\/\">mindent\u0151l t\u00e1voli<\/a>, elhagyatottnak t\u0171n\u0151 szikl\u00e1kon komoly \u00e9let zajlik. <\/p>\n\n\n\n<h2>Martim Vaz leggyakoribb madara \u00e9s az \u00e9letbenmarad\u00e1s es\u00e9lyei<\/h2>\n\n\n\n<p>Ez az egyik legfontosabb \u00e9l\u0151helyen a Trindade-viharmad\u00e1rnak (Pterodroma arminjoniana) is. Ez a ritka tengeri mad\u00e1r Martim Vazon \u00e9s a k\u00f6zeli szigeteken f\u00e9szkel. Kifinomult l\u00e9gi udvarl\u00e1si ritu\u00e1l\u00e9j\u00e1r\u00f3l ismert, a szigetcsoport egyik legjellegzetesebb faja. A mad\u00e1r m\u00e9rete 35\u201339 cm k\u00f6r\u00fcl mozog. A viharmad\u00e1rnak k\u00fcl\u00f6nb\u00f6z\u0151 sz\u00ednv\u00e1ltozatai vannak: s\u00f6t\u00e9t \u00e9s vil\u00e1gos, valamint a kett\u0151 k\u00f6z\u00f6tti \u00e1tmenetek. Kor\u00e1bban k\u00e9t k\u00fcl\u00f6n\u00e1ll\u00f3 popul\u00e1ci\u00f3t tekintettek egy fajhoz tartoz\u00f3k\u00e9nt, az egyiket a Csendes-\u00f3ce\u00e1n d\u00e9li r\u00e9sz\u00e9n, n\u00e9ha Hawaiin is megfigyelt\u00e9k, a m\u00e1sikat az Atlanti-\u00f3ce\u00e1n d\u00e9li r\u00e9sz\u00e9n, Braz\u00edlia partjain\u00e1l. A folyamatos \u00e9l\u0151helyveszt\u00e9s \u00e9s a kis szaporod\u00e1si ter\u00fclet miatt ez a faj az IUCN vesz\u00e9lyeztetett fajok v\u00f6r\u00f6s list\u00e1j\u00e1n sebezhet\u0151nek min\u0151s\u00fcl. <\/p>\n\n\n\n<figure class=\"wp-block-image size-large\"><img loading=\"lazy\" width=\"1024\" height=\"683\" src=\"https:\/\/latinzona.hu\/wp-content\/uploads\/2025\/09\/martim-vaz3-1024x683.jpg\" alt=\"\" class=\"wp-image-1634\" srcset=\"https:\/\/latinzona.hu\/wp-content\/uploads\/2025\/09\/martim-vaz3-1024x683.jpg 1024w, https:\/\/latinzona.hu\/wp-content\/uploads\/2025\/09\/martim-vaz3-300x200.jpg 300w, https:\/\/latinzona.hu\/wp-content\/uploads\/2025\/09\/martim-vaz3-768x512.jpg 768w, https:\/\/latinzona.hu\/wp-content\/uploads\/2025\/09\/martim-vaz3-1536x1024.jpg 1536w, https:\/\/latinzona.hu\/wp-content\/uploads\/2025\/09\/martim-vaz3.jpg 1600w\" sizes=\"(max-width: 1024px) 100vw, 1024px\" \/><\/figure>\n\n\n\n<p>A faj neve Vittorio Arminjonr\u00f3l, a haj\u00f3 kapit\u00e1ny\u00e1r\u00f3l kapta, aki az exped\u00edci\u00f3 sor\u00e1n gy\u0171jt\u00f6tte be a p\u00e9ld\u00e1nyt. <strong>Geol\u00f3giai \u00e9s \u00f6kol\u00f3giai tanulm\u00e1nyok alapj\u00e1n nagyon val\u00f3sz\u00edn\u0171tlen, hogy jelent\u0151s \u00e9desv\u00edzforr\u00e1ssal rendelkeznek ezek a kis szikl\u00e1k. \u00cdgy azok, akik esetleg itt szenvedn\u00e9nek haj\u00f3t\u00f6r\u00e9st, nagyon komoly szenved\u00e9ssel n\u00e9zn\u00e9nek szembe az \u00e9letbenmarad\u00e1s\u00e9rt<\/strong>. <\/p>\n\n\n\n<figure class=\"wp-block-image size-large\"><img loading=\"lazy\" width=\"1024\" height=\"675\" src=\"https:\/\/latinzona.hu\/wp-content\/uploads\/2025\/09\/martim-vaz4-1024x675.jpeg\" alt=\"\" class=\"wp-image-1635\" srcset=\"https:\/\/latinzona.hu\/wp-content\/uploads\/2025\/09\/martim-vaz4-1024x675.jpeg 1024w, https:\/\/latinzona.hu\/wp-content\/uploads\/2025\/09\/martim-vaz4-300x198.jpeg 300w, https:\/\/latinzona.hu\/wp-content\/uploads\/2025\/09\/martim-vaz4-768x506.jpeg 768w, https:\/\/latinzona.hu\/wp-content\/uploads\/2025\/09\/martim-vaz4.jpeg 1030w\" sizes=\"(max-width: 1024px) 100vw, 1024px\" \/><\/figure>\n\n\n\n<p>Az itt \u00e9l\u0151 kev\u00e9s n\u00f6v\u00e9ny \u00e9s \u00e1llat \u2013 f\u0151k\u00e9nt tengeri madarak \u00e9s sz\u00edv\u00f3s cserj\u00e9k \u2013 alkalmazkodtak a k\u00f6r\u00fclm\u00e9nyekhez. Vagy \u00e1lland\u00f3 \u00e9desv\u00edz n\u00e9lk\u00fcl k\u00e9pesek l\u00e9tezni, vagy az es\u0151b\u0151l illetve v\u00edzpermetb\u0151l szereznek v\u00edzet. Ha ott rekedn\u00e9nk, akkor az es\u0151v\u00edz gy\u0171jt\u00e9s\u00e9re vagy s\u00f3talan\u00edt\u00e1s\u00e1ra kellene t\u00e1maszkodnunk \u2013 felt\u00e9ve, hogy egy\u00e1ltal\u00e1n partra tudn\u00e1nk jutni.<\/p>\n","protected":false},"excerpt":{"rendered":"<div class=\"mh-excerpt\"><p>A gy\u00f6ny\u00f6r\u0171s\u00e9ges Trindade \u00e9s Martim Vaz egy szigetcsoport az Atlanti-\u00f3ce\u00e1n d\u00e9li r\u00e9sz\u00e9n, k\u00f6r\u00fclbel\u00fcl 1100 kilom\u00e9terre keletre a braz\u00edliai Esp\u00edrito Santo \u00e1llam partjait\u00f3l, amelynek r\u00e9sze. A <a class=\"mh-excerpt-more\" href=\"https:\/\/latinzona.hu\/index.php\/2025\/09\/07\/a-martim-vaz-sziklain-nagyon-kuzdelmes-az-elet\/\" title=\"Martim Vaz &#8211; egy mindent\u0151l t\u00e1voli, kegyetlen hely\">[&#8230;]<\/a><\/p>\n<\/div>","protected":false},"author":1,"featured_media":1632,"comment_status":"open","ping_status":"open","sticky":false,"template":"","format":"standard","meta":[],"categories":[42],"tags":[43],"yoast_head":"<!-- This site is optimized with the Yoast SEO plugin v15.5 - https:\/\/yoast.com\/wordpress\/plugins\/seo\/ -->\n<title>Martim Vaz - egy mindent\u0151l t\u00e1voli, kegyetlen hely - Latin Z\u00f3na<\/title>\n<meta name=\"description\" content=\"A Martim Vaz szikl\u00e1in nagyon k\u00fczdelmes az \u00e9let, de m\u00e9gis van itt egy-k\u00e9t nagyon gyakori vend\u00e9g, akik szeretnek itt lenni.\" \/>\n<meta name=\"robots\" content=\"index, follow, max-snippet:-1, max-image-preview:large, max-video-preview:-1\" \/>\n<link rel=\"canonical\" href=\"https:\/\/latinzona.hu\/index.php\/2025\/09\/07\/a-martim-vaz-sziklain-nagyon-kuzdelmes-az-elet\/\" \/>\n<meta property=\"og:locale\" content=\"hu_HU\" \/>\n<meta property=\"og:type\" content=\"article\" \/>\n<meta property=\"og:title\" content=\"Martim Vaz - egy mindent\u0151l t\u00e1voli, kegyetlen hely - Latin Z\u00f3na\" \/>\n<meta property=\"og:description\" content=\"A Martim Vaz szikl\u00e1in nagyon k\u00fczdelmes az \u00e9let, de m\u00e9gis van itt egy-k\u00e9t nagyon gyakori vend\u00e9g, akik szeretnek itt lenni.\" \/>\n<meta property=\"og:url\" content=\"https:\/\/latinzona.hu\/index.php\/2025\/09\/07\/a-martim-vaz-sziklain-nagyon-kuzdelmes-az-elet\/\" \/>\n<meta property=\"og:site_name\" content=\"Latin Z\u00f3na\" \/>\n<meta property=\"article:published_time\" content=\"2025-09-07T10:43:23+00:00\" \/>\n<meta property=\"article:modified_time\" content=\"2025-09-07T10:43:25+00:00\" \/>\n<meta property=\"og:image\" content=\"https:\/\/latinzona.hu\/wp-content\/uploads\/2025\/09\/martim-vaz1.jpg\" \/>\n\t<meta property=\"og:image:width\" content=\"600\" \/>\n\t<meta property=\"og:image:height\" content=\"450\" \/>\n<meta name=\"twitter:card\" content=\"summary_large_image\" \/>\n<meta name=\"twitter:label1\" content=\"Becs\u00fclt olvas\u00e1si id\u0151\">\n\t<meta name=\"twitter:data1\" content=\"2 perc\">\n<script type=\"application\/ld+json\" class=\"yoast-schema-graph\">{\"@context\":\"https:\/\/schema.org\",\"@graph\":[{\"@type\":\"WebSite\",\"@id\":\"https:\/\/latinzona.hu\/#website\",\"url\":\"https:\/\/latinzona.hu\/\",\"name\":\"Latin Z\\u00f3na\",\"description\":\"Mi D\\u00e9lre is figyel\\u00fcnk...\",\"potentialAction\":[{\"@type\":\"SearchAction\",\"target\":\"https:\/\/latinzona.hu\/?s={search_term_string}\",\"query-input\":\"required name=search_term_string\"}],\"inLanguage\":\"hu\"},{\"@type\":\"ImageObject\",\"@id\":\"https:\/\/latinzona.hu\/index.php\/2025\/09\/07\/a-martim-vaz-sziklain-nagyon-kuzdelmes-az-elet\/#primaryimage\",\"inLanguage\":\"hu\",\"url\":\"https:\/\/latinzona.hu\/wp-content\/uploads\/2025\/09\/martim-vaz1.jpg\",\"width\":600,\"height\":450},{\"@type\":\"WebPage\",\"@id\":\"https:\/\/latinzona.hu\/index.php\/2025\/09\/07\/a-martim-vaz-sziklain-nagyon-kuzdelmes-az-elet\/#webpage\",\"url\":\"https:\/\/latinzona.hu\/index.php\/2025\/09\/07\/a-martim-vaz-sziklain-nagyon-kuzdelmes-az-elet\/\",\"name\":\"Martim Vaz - egy mindent\\u0151l t\\u00e1voli, kegyetlen hely - Latin Z\\u00f3na\",\"isPartOf\":{\"@id\":\"https:\/\/latinzona.hu\/#website\"},\"primaryImageOfPage\":{\"@id\":\"https:\/\/latinzona.hu\/index.php\/2025\/09\/07\/a-martim-vaz-sziklain-nagyon-kuzdelmes-az-elet\/#primaryimage\"},\"datePublished\":\"2025-09-07T10:43:23+00:00\",\"dateModified\":\"2025-09-07T10:43:25+00:00\",\"author\":{\"@id\":\"https:\/\/latinzona.hu\/#\/schema\/person\/de64af94bc35db4973955a05f752bd2d\"},\"description\":\"A Martim Vaz szikl\\u00e1in nagyon k\\u00fczdelmes az \\u00e9let, de m\\u00e9gis van itt egy-k\\u00e9t nagyon gyakori vend\\u00e9g, akik szeretnek itt lenni.\",\"inLanguage\":\"hu\",\"potentialAction\":[{\"@type\":\"ReadAction\",\"target\":[\"https:\/\/latinzona.hu\/index.php\/2025\/09\/07\/a-martim-vaz-sziklain-nagyon-kuzdelmes-az-elet\/\"]}]},{\"@type\":\"Person\",\"@id\":\"https:\/\/latinzona.hu\/#\/schema\/person\/de64af94bc35db4973955a05f752bd2d\",\"name\":\"Chileno\",\"image\":{\"@type\":\"ImageObject\",\"@id\":\"https:\/\/latinzona.hu\/#personlogo\",\"inLanguage\":\"hu\",\"url\":\"https:\/\/secure.gravatar.com\/avatar\/9a5fe6fe999607c0ed4bfce2f8ed2600?s=96&d=mm&r=g\",\"caption\":\"Chileno\"},\"sameAs\":[\"https:\/\/latinzona.hu\"]}]}<\/script>\n<!-- \/ Yoast SEO plugin. -->","_links":{"self":[{"href":"https:\/\/latinzona.hu\/index.php\/wp-json\/wp\/v2\/posts\/1631"}],"collection":[{"href":"https:\/\/latinzona.hu\/index.php\/wp-json\/wp\/v2\/posts"}],"about":[{"href":"https:\/\/latinzona.hu\/index.php\/wp-json\/wp\/v2\/types\/post"}],"author":[{"embeddable":true,"href":"https:\/\/latinzona.hu\/index.php\/wp-json\/wp\/v2\/users\/1"}],"replies":[{"embeddable":true,"href":"https:\/\/latinzona.hu\/index.php\/wp-json\/wp\/v2\/comments?post=1631"}],"version-history":[{"count":1,"href":"https:\/\/latinzona.hu\/index.php\/wp-json\/wp\/v2\/posts\/1631\/revisions"}],"predecessor-version":[{"id":1636,"href":"https:\/\/latinzona.hu\/index.php\/wp-json\/wp\/v2\/posts\/1631\/revisions\/1636"}],"wp:featuredmedia":[{"embeddable":true,"href":"https:\/\/latinzona.hu\/index.php\/wp-json\/wp\/v2\/media\/1632"}],"wp:attachment":[{"href":"https:\/\/latinzona.hu\/index.php\/wp-json\/wp\/v2\/media?parent=1631"}],"wp:term":[{"taxonomy":"category","embeddable":true,"href":"https:\/\/latinzona.hu\/index.php\/wp-json\/wp\/v2\/categories?post=1631"},{"taxonomy":"post_tag","embeddable":true,"href":"https:\/\/latinzona.hu\/index.php\/wp-json\/wp\/v2\/tags?post=1631"}],"curies":[{"name":"wp","href":"https:\/\/api.w.org\/{rel}","templated":true}]}}