{"id":1638,"date":"2025-09-08T20:01:44","date_gmt":"2025-09-08T20:01:44","guid":{"rendered":"https:\/\/latinzona.hu\/?p=1638"},"modified":"2025-09-08T20:01:46","modified_gmt":"2025-09-08T20:01:46","slug":"az-ecuadori-munkaeropiac-komoly-valaszut-elott-all","status":"publish","type":"post","link":"https:\/\/latinzona.hu\/index.php\/2025\/09\/08\/az-ecuadori-munkaeropiac-komoly-valaszut-elott-all\/","title":{"rendered":"Az ecuadori munkaer\u0151piac m\u00e9lyponton"},"content":{"rendered":"\n<p>Az ecuadori munkaer\u0151piac most egy fontos keresztez\u0151d\u00e9sn\u00e9l \u00e1ll. Noha Latin-Amerika eg\u00e9sz\u00e9ben cs\u00f6kkent a munkan\u00e9lk\u00fclis\u00e9g a vil\u00e1gj\u00e1rv\u00e1ny ut\u00e1n, \u00e9s az elm\u00falt \u00e9vtizedben t\u00f6bb milli\u00f3 \u00faj munkahely j\u00f6tt l\u00e9tre, Ecuador elmaradt a legfontosabb mutat\u00f3k tekintet\u00e9ben. Ez az egyik k\u00f6vetkeztet\u00e9s a <a href=\"https:\/\/www.worldbank.org\/en\/news\/video\/2025\/07\/24\/como-ha-evolucionado-el-empleo-en-america-latina-y-caribe\">Vil\u00e1gbank leg\u00fajabb, a r\u00e9gi\u00f3 munkaer\u0151piac\u00e1r\u00f3l sz\u00f3l\u00f3 jelent\u00e9s\u00e9b\u0151l<\/a>. <strong>Az orsz\u00e1gban magas az inform\u00e1lis foglalkoztat\u00e1s ar\u00e1nya, alacsonyak a j\u00f6vedelmek, elmarad a form\u00e1lis munkahelyteremt\u00e9s<\/strong>, \u00e9s egyre n\u00f6vekszik az oktat\u00e1sb\u00f3l \u00e9s a munkaer\u0151piacr\u00f3l kiz\u00e1rt fiatalok sz\u00e1ma. <\/p>\n\n\n\n<p>Az egyik legnagyobb kih\u00edv\u00e1s a fiatalok helyzete. Ecuadorban a 15 \u00e9s 24 \u00e9v k\u00f6z\u00f6tti fiatalok t\u00f6bb mint 19%-a &#8220;ninis&#8221; (none-in-ones), vagyis nem tanulnak \u00e9s nem is dolgoznak. Ez az ar\u00e1ny meghaladja a region\u00e1lis \u00e1tlagot (16%) \u00e9s k\u00e9tszerese a legmagasabb j\u00f6vedelm\u0171 orsz\u00e1gok\u00e9nak (10%). Ez azt jelenti, hogy az ecuadori fiatalok k\u00f6zel egy\u00f6t\u00f6de nem r\u00e9szes\u00fcl k\u00e9pz\u00e9sben \u00e9s nem \u00e1ll munkaviszonyban, ami nemcsak egy\u00e9ni fejl\u0151d\u00e9s\u00fcket, hanem az orsz\u00e1g termel\u00e9kenys\u00e9gi \u00e9s innov\u00e1ci\u00f3s potenci\u00e1lj\u00e1t is vesz\u00e9lyezteti. <\/p>\n\n\n\n<h2>Egyszer\u0171en nincs form\u00e1lis munkalehet\u0151s\u00e9g &#8211;  az ecuadori munkaer\u0151piac m\u00e9lypontra ker\u00fclt<\/h2>\n\n\n\n<p>Ecuadorban rengeteg fiatal <a href=\"https:\/\/latinzona.hu\/index.php\/2024\/12\/04\/energiaellatasi-problema-ele-nez-ecuador-2025-ben\/\">\u00e9l val\u00f3di munkalehet\u0151s\u00e9g \u00e9s oktat\u00e1si lehet\u0151s\u00e9g n\u00e9lk\u00fcl.<\/a> <strong>Ez k\u00f6zvetlen\u00fcl hat\u00e1ssal van a gazdas\u00e1gi n\u00f6veked\u00e9sre, n\u00f6veli a bizonytalans\u00e1got, \u00e9s hozz\u00e1j\u00e1rul ahhoz, hogy az orsz\u00e1g a r\u00e9gi\u00f3 egyik legkev\u00e9sb\u00e9 termel\u00e9keny orsz\u00e1ga legyen.<\/strong> A m\u00e1sik struktur\u00e1lis probl\u00e9ma az inform\u00e1lis foglalkoztat\u00e1s . M\u00edg Latin-Amerika az elm\u00falt \u00e9vekben cs\u00f6kkentette a foglalkoztat\u00e1s terheit, Ecuadorban a munkav\u00e1llal\u00f3k t\u00f6bb mint 53%-a az inform\u00e1lis szektorban dolgozik. Ez Bol\u00edvia \u00e9s Peru mellett az orsz\u00e1got a legmagasabb ilyen t\u00edpus\u00fa foglalkoztat\u00e1si szinttel rendelkez\u0151 orsz\u00e1gok k\u00f6z\u00e9 sorolja. <strong>Ezek a munkav\u00e1llal\u00f3k t\u00f6bbs\u00e9g\u00fckben nem rendelkeznek t\u00e1rsadalombiztos\u00edt\u00e1ssal, nyugd\u00edjjal, munkahelyi biztons\u00e1ggal, s\u0151t m\u00e9g a megtakar\u00edt\u00e1shoz sz\u00fcks\u00e9ges alapvet\u0151 felt\u00e9telekkel sem.<\/strong> <\/p>\n\n\n\n<p>Nemhogy befektet\u00e9sre lenne lehet\u0151s\u00e9g\u00fck, ami tov\u00e1bb s\u00falyosb\u00edtja a t\u00falzott elad\u00f3sodotts\u00e1g probl\u00e9m\u00e1j\u00e1t. A form\u00e1lis munkahelyteremt\u00e9s tekintet\u00e9ben is nyilv\u00e1nval\u00f3 a k\u00fcl\u00f6nbs\u00e9g. Ecuador \u00e9vente csak 100000\u2013130000 form\u00e1lis munkahelyet teremt, mik\u00f6zben a Vil\u00e1gbank tanulm\u00e1nya szerint legal\u00e1bb ennek a dupl\u00e1j\u00e1t kellene l\u00e9trehoznia, hogy felsz\u00edvja a gazdas\u00e1gilag akt\u00edv n\u00e9pess\u00e9g n\u00f6veked\u00e9s\u00e9t. <strong>Az olyan orsz\u00e1gok, mint Argent\u00edna \u00e9s Bol\u00edvia az elm\u00falt \u00e9vekben k\u00f6zel 4%-os \u00e9ves foglalkoztat\u00e1sn\u00f6veked\u00e9si r\u00e1t\u00e1t \u00e9rtek el, m\u00edg Ecuador a region\u00e1lis \u00e1tlag al\u00e1, k\u00f6r\u00fclbel\u00fcl 2%-ra esett vissza.<\/strong> A Vil\u00e1gbank szerint Ecuadorban a 20. percentilisbe tartoz\u00f3 munkav\u00e1llal\u00f3k \u2013 azaz a legalacsonyabb j\u00f6vedelm\u0171ek \u2013 alig a region\u00e1lis \u00e1tlag harmad\u00e1t keresik. Ez t\u00fckr\u00f6zi az alacsony termel\u00e9kenys\u00e9get, a t\u00f6bbnyire \u00f6nell\u00e1t\u00e1sra \u00e9p\u00fcl\u0151 v\u00e1llalkoz\u00e1sokat \u00e9s a norm\u00e1l esetben \u00e9vi 2% alatti gazdas\u00e1gi n\u00f6veked\u00e9st. <\/p>\n\n\n\n<p>A jelent\u00e9s arra is figyelmeztet, hogy Ecuadorra a glob\u00e1lis gazdas\u00e1gi lassul\u00e1s nagyobb hat\u00e1ssal volt, mint a r\u00e9gi\u00f3 t\u00f6bbi orsz\u00e1g\u00e1ra. Ez r\u00e9szben magyar\u00e1zza a form\u00e1lis foglalkoztat\u00e1s lass\u00fa helyre\u00e1ll\u00e1s\u00e1t \u00e9s a munkahelyek bizonytalans\u00e1g\u00e1nak fennmarad\u00e1s\u00e1t. A Nemzeti Statisztikai \u00e9s N\u00e9psz\u00e1ml\u00e1l\u00e1si Int\u00e9zet (INEC) foglalkoztat\u00e1si jelent\u00e9s\u00e9nek \u00e1ttekint\u00e9se azonban azt mutatja, hogy 2025. j\u00falius 31-\u00e9n a megfelel\u0151 foglalkoztat\u00e1s ar\u00e1ny\u00e1nak 34,9%-r\u00f3l 38,6%-ra t\u00f6rt\u00e9n\u0151 emelked\u00e9se \u201estatisztikailag jelent\u00e9ktelen. Vagyis ez a felm\u00e9r\u00e9s hib\u00e1j\u00e1nak tudhat\u00f3 be, \u00e9s nem a form\u00e1lis munkahelyek t\u00e9nyleges n\u00f6veked\u00e9s\u00e9nek.<\/p>\n","protected":false},"excerpt":{"rendered":"<div class=\"mh-excerpt\"><p>Az ecuadori munkaer\u0151piac most egy fontos keresztez\u0151d\u00e9sn\u00e9l \u00e1ll. Noha Latin-Amerika eg\u00e9sz\u00e9ben cs\u00f6kkent a munkan\u00e9lk\u00fclis\u00e9g a vil\u00e1gj\u00e1rv\u00e1ny ut\u00e1n, \u00e9s az elm\u00falt \u00e9vtizedben t\u00f6bb milli\u00f3 \u00faj munkahely <a class=\"mh-excerpt-more\" href=\"https:\/\/latinzona.hu\/index.php\/2025\/09\/08\/az-ecuadori-munkaeropiac-komoly-valaszut-elott-all\/\" title=\"Az ecuadori munkaer\u0151piac m\u00e9lyponton\">[&#8230;]<\/a><\/p>\n<\/div>","protected":false},"author":1,"featured_media":1639,"comment_status":"open","ping_status":"open","sticky":false,"template":"","format":"standard","meta":[],"categories":[7],"tags":[8],"yoast_head":"<!-- This site is optimized with the Yoast SEO plugin v15.5 - https:\/\/yoast.com\/wordpress\/plugins\/seo\/ -->\n<title>Az ecuadori munkaer\u0151piac m\u00e9lyponton - Latin Z\u00f3na<\/title>\n<meta name=\"description\" content=\"V\u00e1lasz\u00fat el\u0151tt az ecuadori munkaer\u0151piac - munkahelyet kell teremteni, minden \u00e1ron, k\u00fcl\u00f6nben az orsz\u00e1g v\u00e9gleg lemarad.\" \/>\n<meta name=\"robots\" content=\"index, follow, max-snippet:-1, max-image-preview:large, max-video-preview:-1\" \/>\n<link rel=\"canonical\" href=\"https:\/\/latinzona.hu\/index.php\/2025\/09\/08\/az-ecuadori-munkaeropiac-komoly-valaszut-elott-all\/\" \/>\n<meta property=\"og:locale\" content=\"hu_HU\" \/>\n<meta property=\"og:type\" content=\"article\" \/>\n<meta property=\"og:title\" content=\"Az ecuadori munkaer\u0151piac m\u00e9lyponton - Latin Z\u00f3na\" \/>\n<meta property=\"og:description\" content=\"V\u00e1lasz\u00fat el\u0151tt az ecuadori munkaer\u0151piac - munkahelyet kell teremteni, minden \u00e1ron, k\u00fcl\u00f6nben az orsz\u00e1g v\u00e9gleg lemarad.\" \/>\n<meta property=\"og:url\" content=\"https:\/\/latinzona.hu\/index.php\/2025\/09\/08\/az-ecuadori-munkaeropiac-komoly-valaszut-elott-all\/\" \/>\n<meta property=\"og:site_name\" content=\"Latin Z\u00f3na\" \/>\n<meta property=\"article:published_time\" content=\"2025-09-08T20:01:44+00:00\" \/>\n<meta property=\"article:modified_time\" content=\"2025-09-08T20:01:46+00:00\" \/>\n<meta property=\"og:image\" content=\"https:\/\/latinzona.hu\/wp-content\/uploads\/2025\/09\/Free-Time-Market-in-Ecuador.jpg\" \/>\n\t<meta property=\"og:image:width\" content=\"540\" \/>\n\t<meta property=\"og:image:height\" content=\"320\" \/>\n<meta name=\"twitter:card\" content=\"summary_large_image\" \/>\n<meta name=\"twitter:label1\" content=\"Becs\u00fclt olvas\u00e1si id\u0151\">\n\t<meta name=\"twitter:data1\" content=\"3 perc\">\n<script type=\"application\/ld+json\" class=\"yoast-schema-graph\">{\"@context\":\"https:\/\/schema.org\",\"@graph\":[{\"@type\":\"WebSite\",\"@id\":\"https:\/\/latinzona.hu\/#website\",\"url\":\"https:\/\/latinzona.hu\/\",\"name\":\"Latin Z\\u00f3na\",\"description\":\"Mi D\\u00e9lre is figyel\\u00fcnk...\",\"potentialAction\":[{\"@type\":\"SearchAction\",\"target\":\"https:\/\/latinzona.hu\/?s={search_term_string}\",\"query-input\":\"required name=search_term_string\"}],\"inLanguage\":\"hu\"},{\"@type\":\"ImageObject\",\"@id\":\"https:\/\/latinzona.hu\/index.php\/2025\/09\/08\/az-ecuadori-munkaeropiac-komoly-valaszut-elott-all\/#primaryimage\",\"inLanguage\":\"hu\",\"url\":\"https:\/\/latinzona.hu\/wp-content\/uploads\/2025\/09\/Free-Time-Market-in-Ecuador.jpg\",\"width\":540,\"height\":320},{\"@type\":\"WebPage\",\"@id\":\"https:\/\/latinzona.hu\/index.php\/2025\/09\/08\/az-ecuadori-munkaeropiac-komoly-valaszut-elott-all\/#webpage\",\"url\":\"https:\/\/latinzona.hu\/index.php\/2025\/09\/08\/az-ecuadori-munkaeropiac-komoly-valaszut-elott-all\/\",\"name\":\"Az ecuadori munkaer\\u0151piac m\\u00e9lyponton - Latin Z\\u00f3na\",\"isPartOf\":{\"@id\":\"https:\/\/latinzona.hu\/#website\"},\"primaryImageOfPage\":{\"@id\":\"https:\/\/latinzona.hu\/index.php\/2025\/09\/08\/az-ecuadori-munkaeropiac-komoly-valaszut-elott-all\/#primaryimage\"},\"datePublished\":\"2025-09-08T20:01:44+00:00\",\"dateModified\":\"2025-09-08T20:01:46+00:00\",\"author\":{\"@id\":\"https:\/\/latinzona.hu\/#\/schema\/person\/de64af94bc35db4973955a05f752bd2d\"},\"description\":\"V\\u00e1lasz\\u00fat el\\u0151tt az ecuadori munkaer\\u0151piac - munkahelyet kell teremteni, minden \\u00e1ron, k\\u00fcl\\u00f6nben az orsz\\u00e1g v\\u00e9gleg lemarad.\",\"inLanguage\":\"hu\",\"potentialAction\":[{\"@type\":\"ReadAction\",\"target\":[\"https:\/\/latinzona.hu\/index.php\/2025\/09\/08\/az-ecuadori-munkaeropiac-komoly-valaszut-elott-all\/\"]}]},{\"@type\":\"Person\",\"@id\":\"https:\/\/latinzona.hu\/#\/schema\/person\/de64af94bc35db4973955a05f752bd2d\",\"name\":\"Chileno\",\"image\":{\"@type\":\"ImageObject\",\"@id\":\"https:\/\/latinzona.hu\/#personlogo\",\"inLanguage\":\"hu\",\"url\":\"https:\/\/secure.gravatar.com\/avatar\/9a5fe6fe999607c0ed4bfce2f8ed2600?s=96&d=mm&r=g\",\"caption\":\"Chileno\"},\"sameAs\":[\"https:\/\/latinzona.hu\"]}]}<\/script>\n<!-- \/ Yoast SEO plugin. -->","_links":{"self":[{"href":"https:\/\/latinzona.hu\/index.php\/wp-json\/wp\/v2\/posts\/1638"}],"collection":[{"href":"https:\/\/latinzona.hu\/index.php\/wp-json\/wp\/v2\/posts"}],"about":[{"href":"https:\/\/latinzona.hu\/index.php\/wp-json\/wp\/v2\/types\/post"}],"author":[{"embeddable":true,"href":"https:\/\/latinzona.hu\/index.php\/wp-json\/wp\/v2\/users\/1"}],"replies":[{"embeddable":true,"href":"https:\/\/latinzona.hu\/index.php\/wp-json\/wp\/v2\/comments?post=1638"}],"version-history":[{"count":1,"href":"https:\/\/latinzona.hu\/index.php\/wp-json\/wp\/v2\/posts\/1638\/revisions"}],"predecessor-version":[{"id":1640,"href":"https:\/\/latinzona.hu\/index.php\/wp-json\/wp\/v2\/posts\/1638\/revisions\/1640"}],"wp:featuredmedia":[{"embeddable":true,"href":"https:\/\/latinzona.hu\/index.php\/wp-json\/wp\/v2\/media\/1639"}],"wp:attachment":[{"href":"https:\/\/latinzona.hu\/index.php\/wp-json\/wp\/v2\/media?parent=1638"}],"wp:term":[{"taxonomy":"category","embeddable":true,"href":"https:\/\/latinzona.hu\/index.php\/wp-json\/wp\/v2\/categories?post=1638"},{"taxonomy":"post_tag","embeddable":true,"href":"https:\/\/latinzona.hu\/index.php\/wp-json\/wp\/v2\/tags?post=1638"}],"curies":[{"name":"wp","href":"https:\/\/api.w.org\/{rel}","templated":true}]}}