{"id":1645,"date":"2025-09-10T18:09:58","date_gmt":"2025-09-10T18:09:58","guid":{"rendered":"https:\/\/latinzona.hu\/?p=1645"},"modified":"2025-09-10T18:09:59","modified_gmt":"2025-09-10T18:09:59","slug":"rafael-correa-maduro-tamogatasara-erkezett-venezuelaba","status":"publish","type":"post","link":"https:\/\/latinzona.hu\/index.php\/2025\/09\/10\/rafael-correa-maduro-tamogatasara-erkezett-venezuelaba\/","title":{"rendered":"Rafael Correa \u00e9rdekes szerepben jelent meg Venezuel\u00e1ban"},"content":{"rendered":"\n<p>2025 szeptember\u00e9nek elej\u00e9n Rafael Correa, Ecuador volt eln\u00f6ke nagy <a href=\"https:\/\/www.telesurtv.net\/nicolas-maduro-habla-en-entrevista-con-correa\/\">figyelmet kelt\u0151 l\u00e1togat\u00e1st tett<\/a> Venezuel\u00e1ban, <strong>ahol \u00fajra felbukkant az orosz \u00e1llami m\u00e9diaorg\u00e1num, az RT riporterek\u00e9nt. L\u00e1togat\u00e1sa egybeesett a Venezuela \u00e9s az Egyes\u00fclt \u00c1llamok k\u00f6z\u00f6tti fesz\u00fclts\u00e9gek fokoz\u00f3d\u00e1s\u00e1val, <\/strong>amelynek f\u0151 oka az amerikai haditenger\u00e9szet flott\u00e1j\u00e1nak jelenl\u00e9te a Karib-tengeren, Venezuela vizeinek k\u00f6zel\u00e9ben. <\/p>\n\n\n\n<p>A l\u00e1togat\u00e1s sor\u00e1n Correa interj\u00fat k\u00e9sz\u00edtett Nicol\u00e1s Maduro venezuelai eln\u00f6kkel az RT Conversando con Correa c\u00edm\u0171 m\u0171sor\u00e1ban. A besz\u00e9lget\u00e9s k\u00f6z\u00e9ppontj\u00e1ban a vitatott &#8220;Cartel de los Soles&#8221; t\u00e9ma \u00e1llt, egy kifejez\u00e9s, amelyet a kritikusok gyakran haszn\u00e1lnak a venezuelai katonas\u00e1g tagjait \u00e9rint\u0151 \u00e1ll\u00edt\u00f3lagos k\u00e1b\u00edt\u00f3szer-kereskedelmi h\u00e1l\u00f3zat le\u00edr\u00e1s\u00e1ra. <\/p>\n\n\n\n<h2>Rafael Correa Maduro t\u00e1mogat\u00e1s\u00e1ra \u00e9rkezett Venezuel\u00e1ba<\/h2>\n\n\n\n<p>Correa k\u00f6zvetlen\u00fcl Madurohoz int\u00e9zte a k\u00e9rd\u00e9st, aki a kartell l\u00e9tez\u00e9s\u00e9t az amerikai imperializmus kital\u00e1ci\u00f3j\u00e1nak min\u0151s\u00edtette. Maduro szerint a glob\u00e1lis k\u00e1b\u00edt\u00f3szer-kereskedelem val\u00f3di epicentruma maga az Egyes\u00fclt \u00c1llamok, amelyet &#8220;Cartel del Norte&#8221;-nak nevezett. <strong>Azzal v\u00e1dolta az USA-t, hogy az amerikai bankok \u00e9vente t\u00f6bb mint 500 milli\u00e1rd doll\u00e1rt mosnak tiszt\u00e1ra. Maduro az interj\u00faban el\u00edt\u00e9lte az Egyes\u00fclt \u00c1llamok agressz\u00edv katonai magatart\u00e1s\u00e1t is<\/strong>, azt \u00e1ll\u00edtva, hogy Washington 1200 rak\u00e9t\u00e1t \u00e9s egy atom-tengeralattj\u00e1r\u00f3t telep\u00edtett Venezuela k\u00f6zel\u00e9be. <\/p>\n\n\n\n<p>Ezeket a l\u00e9p\u00e9seket egy sz\u00e9lesebb strat\u00e9gia r\u00e9szek\u00e9nt \u00e9rtelmezte, amelynek c\u00e9lja Venezuela term\u00e9szeti er\u0151forr\u00e1sainak, k\u00f6zt\u00fck az olajnak, az aranynak \u00e9s a v\u00edznek megszerz\u00e9se. Az interj\u00fa mellett Correa megl\u00e1togatta Hugo Ch\u00e1vez, a n\u00e9hai venezuelai vezet\u0151 \u00e9s a boliv\u00e1ri forradalom alap\u00edt\u00f3j\u00e1nak s\u00edrj\u00e1t. Ez a szimbolikus gesztus al\u00e1h\u00fazta Correa r\u00e9g\u00f3ta fenn\u00e1ll\u00f3 ideol\u00f3giai \u00f6sszhangj\u00e1t a <a href=\"https:\/\/latinzona.hu\/index.php\/2021\/02\/04\/februar-4-e-apropojara-chavez-nagy-napja\/\">chavizmussal<\/a> \u00e9s Maduro korm\u00e1ny\u00e1nak t\u00e1mogat\u00e1s\u00e1val. Correa l\u00e1togat\u00e1s\u00e1nak id\u0151z\u00edt\u00e9se politikailag is jelent\u0151s\u00e9gteljesnek t\u0171nik. <\/p>\n\n\n\n<p>R\u00f6viddel azut\u00e1n t\u00f6rt\u00e9nt, hogy Marco Rubio amerikai k\u00fcl\u00fcgyminiszter Ecuadorba l\u00e1togatott, \u00e9s megism\u00e9telte Correa k\u00e1b\u00edt\u00f3szer-kereskedelemmel kapcsolatos v\u00e1djait. Ek\u00f6zben Ecuador Nemzeti K\u00f6zgy\u0171l\u00e9se nemr\u00e9g terrorista szervezetnek nyilv\u00e1n\u00edtotta a Cartel de los Soles kartellt. <strong>\u00d6sszess\u00e9g\u00e9ben Correa venezuelai jelenl\u00e9te \u00e9s Maduro nyilv\u00e1nos v\u00e9delme az Egyes\u00fclt \u00c1llamok elleni narrat\u00edv\u00e1k meger\u0151s\u00edt\u00e9s\u00e9t szolg\u00e1lta. <\/strong>Plusz a baloldali vezet\u0151k k\u00f6z\u00f6tti region\u00e1lis szolidarit\u00e1s seg\u00edti a n\u00f6vekv\u0151 geopolitikai fesz\u00fclts\u00e9gek k\u00f6zepette.<\/p>\n","protected":false},"excerpt":{"rendered":"<div class=\"mh-excerpt\"><p>2025 szeptember\u00e9nek elej\u00e9n Rafael Correa, Ecuador volt eln\u00f6ke nagy figyelmet kelt\u0151 l\u00e1togat\u00e1st tett Venezuel\u00e1ban, ahol \u00fajra felbukkant az orosz \u00e1llami m\u00e9diaorg\u00e1num, az RT riporterek\u00e9nt. L\u00e1togat\u00e1sa <a class=\"mh-excerpt-more\" href=\"https:\/\/latinzona.hu\/index.php\/2025\/09\/10\/rafael-correa-maduro-tamogatasara-erkezett-venezuelaba\/\" title=\"Rafael Correa \u00e9rdekes szerepben jelent meg Venezuel\u00e1ban\">[&#8230;]<\/a><\/p>\n<\/div>","protected":false},"author":1,"featured_media":1647,"comment_status":"open","ping_status":"open","sticky":false,"template":"","format":"standard","meta":[],"categories":[67],"tags":[68],"yoast_head":"<!-- This site is optimized with the Yoast SEO plugin v15.5 - https:\/\/yoast.com\/wordpress\/plugins\/seo\/ -->\n<title>Rafael Correa \u00e9rdekes szerepben jelent meg Venezuel\u00e1ban - Latin Z\u00f3na<\/title>\n<meta name=\"description\" content=\"Venezuel\u00e1ba \u00e9rkezett Rafael Correa, hogy \u00edgy is t\u00e1mogat\u00e1s\u00e1r\u00f3l biztos\u00edtsa Nicol\u00e1s Maduro venezuelai eln\u00f6k\u00f6t.\" \/>\n<meta name=\"robots\" content=\"index, follow, max-snippet:-1, max-image-preview:large, max-video-preview:-1\" \/>\n<link rel=\"canonical\" href=\"https:\/\/latinzona.hu\/index.php\/2025\/09\/10\/rafael-correa-maduro-tamogatasara-erkezett-venezuelaba\/\" \/>\n<meta property=\"og:locale\" content=\"hu_HU\" \/>\n<meta property=\"og:type\" content=\"article\" \/>\n<meta property=\"og:title\" content=\"Rafael Correa \u00e9rdekes szerepben jelent meg Venezuel\u00e1ban - Latin Z\u00f3na\" \/>\n<meta property=\"og:description\" content=\"Venezuel\u00e1ba \u00e9rkezett Rafael Correa, hogy \u00edgy is t\u00e1mogat\u00e1s\u00e1r\u00f3l biztos\u00edtsa Nicol\u00e1s Maduro venezuelai eln\u00f6k\u00f6t.\" \/>\n<meta property=\"og:url\" content=\"https:\/\/latinzona.hu\/index.php\/2025\/09\/10\/rafael-correa-maduro-tamogatasara-erkezett-venezuelaba\/\" \/>\n<meta property=\"og:site_name\" content=\"Latin Z\u00f3na\" \/>\n<meta property=\"article:published_time\" content=\"2025-09-10T18:09:58+00:00\" \/>\n<meta property=\"article:modified_time\" content=\"2025-09-10T18:09:59+00:00\" \/>\n<meta property=\"og:image\" content=\"https:\/\/latinzona.hu\/wp-content\/uploads\/2025\/09\/Screenshot-2025-09-10-200924.png\" \/>\n\t<meta property=\"og:image:width\" content=\"965\" \/>\n\t<meta property=\"og:image:height\" content=\"645\" \/>\n<meta name=\"twitter:card\" content=\"summary_large_image\" \/>\n<meta name=\"twitter:label1\" content=\"Becs\u00fclt olvas\u00e1si id\u0151\">\n\t<meta name=\"twitter:data1\" content=\"2 perc\">\n<script type=\"application\/ld+json\" class=\"yoast-schema-graph\">{\"@context\":\"https:\/\/schema.org\",\"@graph\":[{\"@type\":\"WebSite\",\"@id\":\"https:\/\/latinzona.hu\/#website\",\"url\":\"https:\/\/latinzona.hu\/\",\"name\":\"Latin Z\\u00f3na\",\"description\":\"Mi D\\u00e9lre is figyel\\u00fcnk...\",\"potentialAction\":[{\"@type\":\"SearchAction\",\"target\":\"https:\/\/latinzona.hu\/?s={search_term_string}\",\"query-input\":\"required name=search_term_string\"}],\"inLanguage\":\"hu\"},{\"@type\":\"ImageObject\",\"@id\":\"https:\/\/latinzona.hu\/index.php\/2025\/09\/10\/rafael-correa-maduro-tamogatasara-erkezett-venezuelaba\/#primaryimage\",\"inLanguage\":\"hu\",\"url\":\"https:\/\/latinzona.hu\/wp-content\/uploads\/2025\/09\/Screenshot-2025-09-10-200924.png\",\"width\":965,\"height\":645},{\"@type\":\"WebPage\",\"@id\":\"https:\/\/latinzona.hu\/index.php\/2025\/09\/10\/rafael-correa-maduro-tamogatasara-erkezett-venezuelaba\/#webpage\",\"url\":\"https:\/\/latinzona.hu\/index.php\/2025\/09\/10\/rafael-correa-maduro-tamogatasara-erkezett-venezuelaba\/\",\"name\":\"Rafael Correa \\u00e9rdekes szerepben jelent meg Venezuel\\u00e1ban - Latin Z\\u00f3na\",\"isPartOf\":{\"@id\":\"https:\/\/latinzona.hu\/#website\"},\"primaryImageOfPage\":{\"@id\":\"https:\/\/latinzona.hu\/index.php\/2025\/09\/10\/rafael-correa-maduro-tamogatasara-erkezett-venezuelaba\/#primaryimage\"},\"datePublished\":\"2025-09-10T18:09:58+00:00\",\"dateModified\":\"2025-09-10T18:09:59+00:00\",\"author\":{\"@id\":\"https:\/\/latinzona.hu\/#\/schema\/person\/de64af94bc35db4973955a05f752bd2d\"},\"description\":\"Venezuel\\u00e1ba \\u00e9rkezett Rafael Correa, hogy \\u00edgy is t\\u00e1mogat\\u00e1s\\u00e1r\\u00f3l biztos\\u00edtsa Nicol\\u00e1s Maduro venezuelai eln\\u00f6k\\u00f6t.\",\"inLanguage\":\"hu\",\"potentialAction\":[{\"@type\":\"ReadAction\",\"target\":[\"https:\/\/latinzona.hu\/index.php\/2025\/09\/10\/rafael-correa-maduro-tamogatasara-erkezett-venezuelaba\/\"]}]},{\"@type\":\"Person\",\"@id\":\"https:\/\/latinzona.hu\/#\/schema\/person\/de64af94bc35db4973955a05f752bd2d\",\"name\":\"Chileno\",\"image\":{\"@type\":\"ImageObject\",\"@id\":\"https:\/\/latinzona.hu\/#personlogo\",\"inLanguage\":\"hu\",\"url\":\"https:\/\/secure.gravatar.com\/avatar\/9a5fe6fe999607c0ed4bfce2f8ed2600?s=96&d=mm&r=g\",\"caption\":\"Chileno\"},\"sameAs\":[\"https:\/\/latinzona.hu\"]}]}<\/script>\n<!-- \/ Yoast SEO plugin. -->","_links":{"self":[{"href":"https:\/\/latinzona.hu\/index.php\/wp-json\/wp\/v2\/posts\/1645"}],"collection":[{"href":"https:\/\/latinzona.hu\/index.php\/wp-json\/wp\/v2\/posts"}],"about":[{"href":"https:\/\/latinzona.hu\/index.php\/wp-json\/wp\/v2\/types\/post"}],"author":[{"embeddable":true,"href":"https:\/\/latinzona.hu\/index.php\/wp-json\/wp\/v2\/users\/1"}],"replies":[{"embeddable":true,"href":"https:\/\/latinzona.hu\/index.php\/wp-json\/wp\/v2\/comments?post=1645"}],"version-history":[{"count":1,"href":"https:\/\/latinzona.hu\/index.php\/wp-json\/wp\/v2\/posts\/1645\/revisions"}],"predecessor-version":[{"id":1646,"href":"https:\/\/latinzona.hu\/index.php\/wp-json\/wp\/v2\/posts\/1645\/revisions\/1646"}],"wp:featuredmedia":[{"embeddable":true,"href":"https:\/\/latinzona.hu\/index.php\/wp-json\/wp\/v2\/media\/1647"}],"wp:attachment":[{"href":"https:\/\/latinzona.hu\/index.php\/wp-json\/wp\/v2\/media?parent=1645"}],"wp:term":[{"taxonomy":"category","embeddable":true,"href":"https:\/\/latinzona.hu\/index.php\/wp-json\/wp\/v2\/categories?post=1645"},{"taxonomy":"post_tag","embeddable":true,"href":"https:\/\/latinzona.hu\/index.php\/wp-json\/wp\/v2\/tags?post=1645"}],"curies":[{"name":"wp","href":"https:\/\/api.w.org\/{rel}","templated":true}]}}