{"id":1648,"date":"2025-09-11T10:28:54","date_gmt":"2025-09-11T10:28:54","guid":{"rendered":"https:\/\/latinzona.hu\/?p=1648"},"modified":"2025-09-11T10:28:56","modified_gmt":"2025-09-11T10:28:56","slug":"ujabb-teljeskoru-aramszunet-kubaban","status":"publish","type":"post","link":"https:\/\/latinzona.hu\/index.php\/2025\/09\/11\/ujabb-teljeskoru-aramszunet-kubaban\/","title":{"rendered":"\u00dajabb tot\u00e1lis \u00e1ramsz\u00fcnet Kub\u00e1ban &#8211; egy \u00e9v alatt az \u00f6t\u00f6dik"},"content":{"rendered":"\n<p>Kuba szeptember 10-\u00e9n, szerd\u00e1n \u00fajabb teljes \u00e1ramsz\u00fcnetet szenvedett el, az \u00f6t\u00f6diket kevesebb mint egy \u00e9v alatt. A kubai Energia- \u00e9s B\u00e1ny\u00e1szati Miniszt\u00e9rium <a href=\"https:\/\/x.com\/energiaminascub\">X-fi\u00f3kj\u00e1n posztolta<\/a>, hogy a teljes nemzeti villamosenergia-rendszer le\u00e1llt. <strong>A hat\u00f3s\u00e1gok szerint a helyi id\u0151 szerint reggel 9:15 k\u00f6r\u00fcl bek\u00f6vetkezett \u00e1ramsz\u00fcnet oka egy t\u00e9ves t\u00falmeleged\u00e9si jel volt az Antonio Guiteras h\u0151er\u0151m\u0171 kaz\u00e1nj\u00e1ban, a sziget k\u00f6zep\u00e9n. <\/strong>A t\u00e9ves riaszt\u00e1s miatt az orsz\u00e1g legnagyobb termoelektromos er\u0151m\u0171ve le\u00e1llt, \u00e9s a nemzeti rendszer \u00f6sszeomlott. <\/p>\n\n\n\n<figure class=\"wp-block-image size-large\"><img loading=\"lazy\" width=\"740\" height=\"410\" src=\"https:\/\/latinzona.hu\/wp-content\/uploads\/2025\/09\/Screenshot-2025-09-11-122521.png\" alt=\"\" class=\"wp-image-1649\" srcset=\"https:\/\/latinzona.hu\/wp-content\/uploads\/2025\/09\/Screenshot-2025-09-11-122521.png 740w, https:\/\/latinzona.hu\/wp-content\/uploads\/2025\/09\/Screenshot-2025-09-11-122521-300x166.png 300w\" sizes=\"(max-width: 740px) 100vw, 740px\" \/><\/figure>\n\n\n\n<p>Manuel Marrero Cruz minisztereln\u00f6k X-fi\u00f3kj\u00e1n k\u00f6z\u00f6lte, hogy az orsz\u00e1gnak j\u00f3l meghat\u00e1rozott strat\u00e9gi\u00e1ja van a rendszer lehet\u0151 legr\u00f6videbb id\u0151n bel\u00fcli helyre\u00e1ll\u00edt\u00e1s\u00e1ra. De a friss posztok szerint m\u00e9g mindig tart az \u00e1ramsz\u00fcnet Kub\u00e1ban.<\/p>\n\n\n\n<h2>Teljes \u00e1ramsz\u00fcnet Kub\u00e1ban most m\u00e1r \u00f6t\u00f6dsz\u00f6r egy \u00e9v alatt<\/h2>\n\n\n\n<p>N\u00e9h\u00e1ny, nemr\u00e9g napelemekkel felszerelt k\u00f6zleked\u00e9si l\u00e1mpa m\u0171k\u00f6d\u00f6tt a f\u0151v\u00e1ros utc\u00e1in, m\u00edg sokan megpr\u00f3b\u00e1ltak hazat\u00e9rni, hogy felk\u00e9sz\u00fcljenek a v\u00e9szhelyzetre, amely a m\u00faltban t\u00f6bb napig is eltartott. <strong>Ez az \u00f6t\u00f6dik sz\u00e9les k\u00f6r\u0171 \u00e1ramsz\u00fcnet 2024 okt\u00f3bere \u00f3ta a 9,7 milli\u00f3 lakos\u00fa szigeten. Kuba t\u00f6bb mint egy \u00e9ve s\u00falyos energiav\u00e1ls\u00e1ggal k\u00fczd az elektromos infrastrukt\u00fara rossz \u00e1llapota miatt. <\/strong>A szolg\u00e1ltat\u00e1s nyolc elavult termoelektromos er\u0151m\u0171t\u0151l \u00e9s gener\u00e1tort\u00f3l f\u00fcgg, amelyek a sziget eg\u00e9sz ter\u00fclet\u00e9n tal\u00e1lhat\u00f3k, \u00e9s m\u0171k\u00f6d\u00e9s\u00fckh\u00f6z az orsz\u00e1g sz\u0171k\u00f6s \u00fczemanyagk\u00e9szleteire van sz\u00fcks\u00e9g, r\u00e1ad\u00e1sul a h\u00e1l\u00f3zat is elavult. <\/p>\n\n\n\n<figure class=\"wp-block-image size-large\"><img loading=\"lazy\" width=\"770\" height=\"434\" src=\"https:\/\/latinzona.hu\/wp-content\/uploads\/2025\/09\/habana-apagon-cuba.jpg\" alt=\"\" class=\"wp-image-1651\" srcset=\"https:\/\/latinzona.hu\/wp-content\/uploads\/2025\/09\/habana-apagon-cuba.jpg 770w, https:\/\/latinzona.hu\/wp-content\/uploads\/2025\/09\/habana-apagon-cuba-300x169.jpg 300w, https:\/\/latinzona.hu\/wp-content\/uploads\/2025\/09\/habana-apagon-cuba-768x433.jpg 768w, https:\/\/latinzona.hu\/wp-content\/uploads\/2025\/09\/habana-apagon-cuba-678x381.jpg 678w\" sizes=\"(max-width: 770px) 100vw, 770px\" \/><\/figure>\n\n\n\n<p>A K\u00edn\u00e1val egy\u00fcttm\u0171k\u00f6d\u00e9sben megval\u00f3sult 30 fotovoltaikus park telep\u00edt\u00e9se az id\u00e9n tervezett 52-b\u0151l nem seg\u00edtett cs\u00f6kkenteni az \u00e1ramkimarad\u00e1sokat. Ezen a ny\u00e1ron, amikor a magas h\u0151m\u00e9rs\u00e9klet miatt magasabb a fogyaszt\u00e1s, a tervezett \u00e1ramsz\u00fcneteket meghosszabb\u00edtott\u00e1k, m\u00e9g Havann\u00e1ban is, ahol kor\u00e1bban r\u00f6videbbek voltak. <strong>A <a href=\"https:\/\/latinzona.hu\/index.php\/2021\/04\/19\/raul-castro-valoszinu-utodja-miguel-diaz-canel\/\">hat\u00f3s\u00e1gok<\/a> szerint a tervezett \u00e1ramsz\u00fcnetek augusztusban \u00e1tlagosan napi 15 \u00f3r\u00e1ig, j\u00faliusban pedig 16 \u00f3r\u00e1ig tartottak az orsz\u00e1g eg\u00e9sz ter\u00fclet\u00e9n. <\/strong>Vas\u00e1rnap az orsz\u00e1g 15 tartom\u00e1ny\u00e1b\u00f3l \u00f6tben nem volt \u00e1ram egy \u00e1ramvezet\u00e9k meghib\u00e1sod\u00e1sa miatt.<\/p>\n","protected":false},"excerpt":{"rendered":"<div class=\"mh-excerpt\"><p>Kuba szeptember 10-\u00e9n, szerd\u00e1n \u00fajabb teljes \u00e1ramsz\u00fcnetet szenvedett el, az \u00f6t\u00f6diket kevesebb mint egy \u00e9v alatt. A kubai Energia- \u00e9s B\u00e1ny\u00e1szati Miniszt\u00e9rium X-fi\u00f3kj\u00e1n posztolta, hogy <a class=\"mh-excerpt-more\" href=\"https:\/\/latinzona.hu\/index.php\/2025\/09\/11\/ujabb-teljeskoru-aramszunet-kubaban\/\" title=\"\u00dajabb tot\u00e1lis \u00e1ramsz\u00fcnet Kub\u00e1ban &#8211; egy \u00e9v alatt az \u00f6t\u00f6dik\">[&#8230;]<\/a><\/p>\n<\/div>","protected":false},"author":1,"featured_media":1650,"comment_status":"open","ping_status":"open","sticky":false,"template":"","format":"standard","meta":[],"categories":[125],"tags":[126],"yoast_head":"<!-- This site is optimized with the Yoast SEO plugin v15.5 - https:\/\/yoast.com\/wordpress\/plugins\/seo\/ -->\n<title>\u00dajabb tot\u00e1lis \u00e1ramsz\u00fcnet Kub\u00e1ban - egy \u00e9v alatt az \u00f6t\u00f6dik - Latin Z\u00f3na<\/title>\n<meta name=\"description\" content=\"Tot\u00e1lis \u00e1ramsz\u00fcnet Kub\u00e1ban most m\u00e1r \u00f6t\u00f6dsz\u00f6r egy \u00e9v alatt - az ok az elavult h\u00e1l\u00f3zat, ami fejleszt\u00e9sre szorul.\" \/>\n<meta name=\"robots\" content=\"index, follow, max-snippet:-1, max-image-preview:large, max-video-preview:-1\" \/>\n<link rel=\"canonical\" href=\"https:\/\/latinzona.hu\/index.php\/2025\/09\/11\/ujabb-teljeskoru-aramszunet-kubaban\/\" \/>\n<meta property=\"og:locale\" content=\"hu_HU\" \/>\n<meta property=\"og:type\" content=\"article\" \/>\n<meta property=\"og:title\" content=\"\u00dajabb tot\u00e1lis \u00e1ramsz\u00fcnet Kub\u00e1ban - egy \u00e9v alatt az \u00f6t\u00f6dik - Latin Z\u00f3na\" \/>\n<meta property=\"og:description\" content=\"Tot\u00e1lis \u00e1ramsz\u00fcnet Kub\u00e1ban most m\u00e1r \u00f6t\u00f6dsz\u00f6r egy \u00e9v alatt - az ok az elavult h\u00e1l\u00f3zat, ami fejleszt\u00e9sre szorul.\" \/>\n<meta property=\"og:url\" content=\"https:\/\/latinzona.hu\/index.php\/2025\/09\/11\/ujabb-teljeskoru-aramszunet-kubaban\/\" \/>\n<meta property=\"og:site_name\" content=\"Latin Z\u00f3na\" \/>\n<meta property=\"article:published_time\" content=\"2025-09-11T10:28:54+00:00\" \/>\n<meta property=\"article:modified_time\" content=\"2025-09-11T10:28:56+00:00\" \/>\n<meta property=\"og:image\" content=\"https:\/\/latinzona.hu\/wp-content\/uploads\/2025\/09\/blackout.jpg\" \/>\n\t<meta property=\"og:image:width\" content=\"1200\" \/>\n\t<meta property=\"og:image:height\" content=\"630\" \/>\n<meta name=\"twitter:card\" content=\"summary_large_image\" \/>\n<meta name=\"twitter:label1\" content=\"Becs\u00fclt olvas\u00e1si id\u0151\">\n\t<meta name=\"twitter:data1\" content=\"2 perc\">\n<script type=\"application\/ld+json\" class=\"yoast-schema-graph\">{\"@context\":\"https:\/\/schema.org\",\"@graph\":[{\"@type\":\"WebSite\",\"@id\":\"https:\/\/latinzona.hu\/#website\",\"url\":\"https:\/\/latinzona.hu\/\",\"name\":\"Latin Z\\u00f3na\",\"description\":\"Mi D\\u00e9lre is figyel\\u00fcnk...\",\"potentialAction\":[{\"@type\":\"SearchAction\",\"target\":\"https:\/\/latinzona.hu\/?s={search_term_string}\",\"query-input\":\"required name=search_term_string\"}],\"inLanguage\":\"hu\"},{\"@type\":\"ImageObject\",\"@id\":\"https:\/\/latinzona.hu\/index.php\/2025\/09\/11\/ujabb-teljeskoru-aramszunet-kubaban\/#primaryimage\",\"inLanguage\":\"hu\",\"url\":\"https:\/\/latinzona.hu\/wp-content\/uploads\/2025\/09\/blackout.jpg\",\"width\":1200,\"height\":630},{\"@type\":\"WebPage\",\"@id\":\"https:\/\/latinzona.hu\/index.php\/2025\/09\/11\/ujabb-teljeskoru-aramszunet-kubaban\/#webpage\",\"url\":\"https:\/\/latinzona.hu\/index.php\/2025\/09\/11\/ujabb-teljeskoru-aramszunet-kubaban\/\",\"name\":\"\\u00dajabb tot\\u00e1lis \\u00e1ramsz\\u00fcnet Kub\\u00e1ban - egy \\u00e9v alatt az \\u00f6t\\u00f6dik - Latin Z\\u00f3na\",\"isPartOf\":{\"@id\":\"https:\/\/latinzona.hu\/#website\"},\"primaryImageOfPage\":{\"@id\":\"https:\/\/latinzona.hu\/index.php\/2025\/09\/11\/ujabb-teljeskoru-aramszunet-kubaban\/#primaryimage\"},\"datePublished\":\"2025-09-11T10:28:54+00:00\",\"dateModified\":\"2025-09-11T10:28:56+00:00\",\"author\":{\"@id\":\"https:\/\/latinzona.hu\/#\/schema\/person\/de64af94bc35db4973955a05f752bd2d\"},\"description\":\"Tot\\u00e1lis \\u00e1ramsz\\u00fcnet Kub\\u00e1ban most m\\u00e1r \\u00f6t\\u00f6dsz\\u00f6r egy \\u00e9v alatt - az ok az elavult h\\u00e1l\\u00f3zat, ami fejleszt\\u00e9sre szorul.\",\"inLanguage\":\"hu\",\"potentialAction\":[{\"@type\":\"ReadAction\",\"target\":[\"https:\/\/latinzona.hu\/index.php\/2025\/09\/11\/ujabb-teljeskoru-aramszunet-kubaban\/\"]}]},{\"@type\":\"Person\",\"@id\":\"https:\/\/latinzona.hu\/#\/schema\/person\/de64af94bc35db4973955a05f752bd2d\",\"name\":\"Chileno\",\"image\":{\"@type\":\"ImageObject\",\"@id\":\"https:\/\/latinzona.hu\/#personlogo\",\"inLanguage\":\"hu\",\"url\":\"https:\/\/secure.gravatar.com\/avatar\/9a5fe6fe999607c0ed4bfce2f8ed2600?s=96&d=mm&r=g\",\"caption\":\"Chileno\"},\"sameAs\":[\"https:\/\/latinzona.hu\"]}]}<\/script>\n<!-- \/ Yoast SEO plugin. -->","_links":{"self":[{"href":"https:\/\/latinzona.hu\/index.php\/wp-json\/wp\/v2\/posts\/1648"}],"collection":[{"href":"https:\/\/latinzona.hu\/index.php\/wp-json\/wp\/v2\/posts"}],"about":[{"href":"https:\/\/latinzona.hu\/index.php\/wp-json\/wp\/v2\/types\/post"}],"author":[{"embeddable":true,"href":"https:\/\/latinzona.hu\/index.php\/wp-json\/wp\/v2\/users\/1"}],"replies":[{"embeddable":true,"href":"https:\/\/latinzona.hu\/index.php\/wp-json\/wp\/v2\/comments?post=1648"}],"version-history":[{"count":1,"href":"https:\/\/latinzona.hu\/index.php\/wp-json\/wp\/v2\/posts\/1648\/revisions"}],"predecessor-version":[{"id":1652,"href":"https:\/\/latinzona.hu\/index.php\/wp-json\/wp\/v2\/posts\/1648\/revisions\/1652"}],"wp:featuredmedia":[{"embeddable":true,"href":"https:\/\/latinzona.hu\/index.php\/wp-json\/wp\/v2\/media\/1650"}],"wp:attachment":[{"href":"https:\/\/latinzona.hu\/index.php\/wp-json\/wp\/v2\/media?parent=1648"}],"wp:term":[{"taxonomy":"category","embeddable":true,"href":"https:\/\/latinzona.hu\/index.php\/wp-json\/wp\/v2\/categories?post=1648"},{"taxonomy":"post_tag","embeddable":true,"href":"https:\/\/latinzona.hu\/index.php\/wp-json\/wp\/v2\/tags?post=1648"}],"curies":[{"name":"wp","href":"https:\/\/api.w.org\/{rel}","templated":true}]}}