{"id":1653,"date":"2025-09-12T19:10:39","date_gmt":"2025-09-12T19:10:39","guid":{"rendered":"https:\/\/latinzona.hu\/?p=1653"},"modified":"2025-09-12T19:10:40","modified_gmt":"2025-09-12T19:10:40","slug":"michimalonko-tamadasa-egy-masik-szeptember-11-tortenete","status":"publish","type":"post","link":"https:\/\/latinzona.hu\/index.php\/2025\/09\/12\/michimalonko-tamadasa-egy-masik-szeptember-11-tortenete\/","title":{"rendered":"A v\u00e1ros, amely porr\u00e1 lett: Michimalonko ostroma"},"content":{"rendered":"\n<p>Nyolc h\u00f3nappal Chile els\u0151 v\u00e1ros\u00e1nak megalap\u00edt\u00e1sa ut\u00e1n a Michimalonko vezette \u0151slakos felkel\u00e9s teljesen elpuszt\u00edtotta azt. A l\u00e1zad\u00f3k c\u00e9lja az volt, hogy v\u00e9gleg ki\u0171zz\u00e9k a spanyolokat. B\u00e1r a spanyolok b\u00e1tran v\u00e9dekeztek, nem tudt\u00e1k elh\u00e1r\u00edtani a katasztr\u00f3f\u00e1t.<\/p>\n\n\n\n<p>Gonzalo de los R\u00edos, s\u00falyosan megsebes\u00fclve, alig \u00e1llt a l\u00e1b\u00e1n, amikor meg\u00e9rkezett Santiago del Nuevo-ba. M\u00e9gis eljutott Pedro de Valdivia korm\u00e1nyz\u00f3 h\u00e1z\u00e1hoz, ahol k\u00f6z\u00f6lte a sz\u00f6rny\u0171 h\u00edrt: \u201eAz indi\u00e1nok fell\u00e1zadtak!\u201d <strong>A felkel\u00e9sben r\u00e9szt vev\u0151 picunchek kor\u00e1bban k\u00e9nyszermunk\u00e1t v\u00e9geztek a Marga Marga aranyb\u00e1ny\u00e1iban, illetve egy \u00fajonnan \u00e9p\u00fclt haj\u00f3gy\u00e1rban az Aconcagua foly\u00f3 torkolat\u00e1n\u00e1l, ahol egy brigg \u00e9p\u00edt\u00e9s\u00e9n dolgoztak.<\/strong> A rossz b\u00e1n\u00e1sm\u00f3d miatt fell\u00e1zadtak, \u00e9s t\u00e1mad\u00e1st ind\u00edtottak a spanyolok ellen. A v\u00e9rengz\u00e9s ut\u00e1n csak De los R\u00edos \u00e9s egy fekete rabszolga maradt \u00e9letben.<\/p>\n\n\n\n<p>Valdivia tov\u00e1bbi inform\u00e1ci\u00f3kat gy\u0171jtve megtudta, hogy a l\u00e1zad\u00e1s \u00e1tterjedt a Mapocho-v\u00f6lgyre, s\u0151t a d\u00e9li r\u00e9gi\u00f3kra is. \u00c1ltal\u00e1nos felkel\u00e9s bontakozott ki. Az <a href=\"https:\/\/latinzona.hu\/index.php\/2025\/01\/26\/a-yahgan-indianok-kulonleges-eletet-eltek\/\">\u0151slakosok<\/a>, akiket az Aconcagua-v\u00f6lgy egyik vezet\u0151je, Michimalonko ir\u00e1ny\u00edtott, elhat\u00e1rozt\u00e1k, hogy v\u00e9gleg ki\u0171zik a kaszt\u00edliaiakat.<\/p>\n\n\n\n<p>Valdivia, aki hat\u00e1rozott \u00e9s cselekv\u0151 vezet\u0151 volt, azonnali int\u00e9zked\u00e9seket hozott. <strong>Meger\u0151s\u00edtette a v\u00e1ros v\u00e9delm\u00e9t, \u00e9s elrendelte, hogy z\u00e1rj\u00e1k el az \u00e9lelmiszerk\u00e9szleteket, amelyeket a k\u00f6rnyez\u0151 t\u00f6rzsekt\u0151l lehetett beszerezni. <\/strong>Emellett utas\u00edt\u00e1st adott arra, hogy minden helyi t\u00f6rzsf\u0151n\u00f6k\u00f6t hozzanak be a v\u00e1rosba, abban a rem\u00e9nyben, hogy biztos\u00edtani tudja semlegess\u00e9g\u00fcket vagy lefegyverz\u00e9s\u00fcket.<\/p>\n\n\n\n<figure class=\"wp-block-image size-large\"><img loading=\"lazy\" width=\"923\" height=\"566\" src=\"https:\/\/latinzona.hu\/wp-content\/uploads\/2025\/09\/michimalonko.png\" alt=\"\" class=\"wp-image-1655\" srcset=\"https:\/\/latinzona.hu\/wp-content\/uploads\/2025\/09\/michimalonko.png 923w, https:\/\/latinzona.hu\/wp-content\/uploads\/2025\/09\/michimalonko-300x184.png 300w, https:\/\/latinzona.hu\/wp-content\/uploads\/2025\/09\/michimalonko-768x471.png 768w\" sizes=\"(max-width: 923px) 100vw, 923px\" \/><\/figure>\n\n\n\n<p>A v\u00e1rost <a href=\"https:\/\/es.wikipedia.org\/wiki\/Pedro_de_Valdivia\">Pedro de Valdivia<\/a> \u00e9s t\u00e1rsai 1541. febru\u00e1r 12-\u00e9n alap\u00edtott\u00e1k, de hamarosan konfliktusba ker\u00fcltek a helyi \u0151slakosokkal. Miut\u00e1n Valdivia megismerte a l\u00e1zad\u00e1s r\u00e9szleteit, \u00e9s n\u00e9h\u00e1ny t\u00f6rzsf\u0151n\u00f6k\u00f6t fogva tartott Santiag\u00f3ban, r\u00e1j\u00f6tt, hogy a felkel\u00e9s komoly m\u00e9reteket \u00f6lt\u00f6tt. Vesz\u00e9lyben \u00e9rezte mag\u00e1t, \u00e9s katonai tapasztalat\u00e1ra t\u00e1maszkodva \u00fagy d\u00f6nt\u00f6tt, hogy t\u00e1mad\u00e1sba lend\u00fcl. Kilencven f\u0151s csapatot gy\u0171jt\u00f6tt \u00f6ssze, \u00e9s d\u00e9l fel\u00e9, a Cachapoal-v\u00f6lgybe indult, hogy sz\u00e9tverje a l\u00e1zad\u00f3 csoportokat.<\/p>\n\n\n\n<p><strong>A v\u00e1ros v\u00e9delm\u00e9t Alonso de Monroyra b\u00edzta, aki mind\u00f6ssze h\u00fasz gyalogossal \u00e9s harminc lovassal rendelkezett.<\/strong> B\u00e1r a k\u00f6r\u00fcltekint\u00e9s azt dikt\u00e1lta volna, hogy ne ossza meg az am\u00fagy is csek\u00e9ly er\u0151ket, Valdivia meg\u00e9rz\u00e9se helyesnek bizonyult: a bennsz\u00fcl\u00f6ttek val\u00f3ban k\u00e9sz\u00fcltek a t\u00e1mad\u00e1sra. Az Aconcagua uradalom lak\u00f3ihoz csatlakoztak a Mapocho-v\u00f6lgyb\u0151l \u00e9rkez\u0151k is. Michimalonko \u00e9s Quilicantao f\u0151n\u00f6k h\u00edv\u00e1s\u00e1ra t\u00edzezer indi\u00e1n gy\u0171lt \u00f6ssze az Aconcagua-v\u00f6lgyben \u00e9s a k\u00f6rnyez\u0151 ter\u00fcleteken.<\/p>\n\n\n\n<h2>Michimalonko t\u00e1mad\u00e1sa<\/h2>\n\n\n\n<figure class=\"wp-block-image size-large\"><img loading=\"lazy\" width=\"921\" height=\"630\" src=\"https:\/\/latinzona.hu\/wp-content\/uploads\/2025\/09\/michi2.png\" alt=\"\" class=\"wp-image-1656\" srcset=\"https:\/\/latinzona.hu\/wp-content\/uploads\/2025\/09\/michi2.png 921w, https:\/\/latinzona.hu\/wp-content\/uploads\/2025\/09\/michi2-300x205.png 300w, https:\/\/latinzona.hu\/wp-content\/uploads\/2025\/09\/michi2-768x525.png 768w\" sizes=\"(max-width: 921px) 100vw, 921px\" \/><\/figure>\n\n\n\n<p>Monroy nem vesztegette az id\u0151t: tudva, hogy kev\u00e9s katon\u00e1ja van, meger\u0151s\u00edtette a v\u00e1ros v\u00e9delm\u00e9t, \u00e9s \u00e1lland\u00f3 \u0151rs\u00e9get rendelt el. 1541. szeptember 11-\u00e9n, vas\u00e1rnap hajnal el\u0151tt egy \u0151r riad\u00f3t f\u00fajt. A kaszt\u00edliaiak fegyvert ragadtak, \u00e9s felk\u00e9sz\u00fcltek a csat\u00e1ra. <strong>A Michimalonko vezette picunchesek a s\u00f6t\u00e9ts\u00e9g leple alatt heves t\u00e1mad\u00e1st ind\u00edtottak. A harcok minden oldalr\u00f3l zajlottak, <\/strong>a bennsz\u00fcl\u00f6ttek gyorsan felgy\u00fajtott\u00e1k a pal\u00e1nkokat \u00e9s a f\u00e1b\u00f3l, szalm\u00e1b\u00f3l \u00e9p\u00edtett spanyol h\u00e1zakat, majd bet\u00f6rtek Santiag\u00f3ba.<\/p>\n\n\n\n<p>Diego de Rosales jezsuita pap h\u00edres m\u0171v\u00e9ben, a Historia general del Reyno de Chile: Flandes indiano-ban r\u00e9szletesen le\u00edrja a t\u00e1mad\u00e1s esem\u00e9nyeit. Rosales szerint az \u0151slakosok egy ponton elfogt\u00e1k In\u00e9s de Su\u00e1rezt, Valdivia t\u00e1rs\u00e1t, aki az egyetlen spanyol n\u0151 volt a helysz\u00ednen. K\u00e9s\u0151bb a spanyolok kiszabad\u00edtott\u00e1k \u0151t.<\/p>\n\n\n\n<p>Ezut\u00e1n k\u00f6vetkezett egy m\u00e1ig vitatott \u00e9s legend\u00e1ss\u00e1 v\u00e1lt epiz\u00f3d. Amikor a spanyolok \u00e9szrevett\u00e9k, hogy a t\u00e1mad\u00f3k megpr\u00f3b\u00e1lj\u00e1k kiszabad\u00edtani a fogva tartott t\u00f6rzsf\u0151n\u00f6k\u00f6ket, \u00fagy d\u00f6nt\u00f6ttek, hogy kiv\u00e9gzik \u0151ket. Barros Arana szerint az \u00f6tlet In\u00e9s de Su\u00e1rezt\u0151l sz\u00e1rmazott, m\u00edg Rosales szerint Monroy adta ki a parancsot. Mivel a spanyolok a v\u00e1ros v\u00e9delm\u00e9vel voltak elfoglalva, nem hajtott\u00e1k v\u00e9gre a kiv\u00e9gz\u00e9st. Ekkor In\u00e9s de Su\u00e1rez kardot ragadott, \u00e9s rendk\u00edv\u00fcli b\u00e1tors\u00e1ggal, f\u00e9rfias elsz\u00e1nts\u00e1ggal egyenk\u00e9nt lesz\u00farta a t\u00f6rzsf\u0151n\u00f6k\u00f6ket, majd lev\u00e1gatta a fejeiket. Ezut\u00e1n a lev\u00e1gott fejeket a t\u00e1mad\u00f3k fel\u00e9 dobta.<\/p>\n\n\n\n<p>A spanyol v\u00e9d\u0151k kihaszn\u00e1lt\u00e1k a pillanatot, \u00e9s lovas rohammal sz\u00e9tkergett\u00e9k az indi\u00e1nokat. B\u00e1r a v\u00e1rost lerombolt\u00e1k \u00e9s fel\u00e9gett\u00e9k, Monroy k\u00e9t k\u00f6vete hamarosan eljutott Valdivi\u00e1hoz, hogy k\u00f6z\u00f6lje vele a katasztr\u00f3fa h\u00edr\u00e9t. A kapit\u00e1ny visszat\u00e9rt Santiag\u00f3ba, \u00e9s azonnal elrendelte az \u00fajj\u00e1\u00e9p\u00edt\u00e9st.<\/p>\n\n\n\n<p>Barros Arana szerint azon a v\u00e9gzetes szeptember 11-\u00e9n mind\u00f6ssze n\u00e9gy spanyol vesztette \u00e9let\u00e9t, de szinte mindenki megsebes\u00fclt. A csata sor\u00e1n k\u00f6r\u00fclbel\u00fcl h\u00fasz lovat is elvesztettek, ami jelent\u0151sen cs\u00f6kkentette harci k\u00e9pess\u00e9geiket. A v\u00e1ros le\u00e9g\u00e9se miatt minden\u00fck odaveszett \u2013 m\u00e9g a v\u00e1rosi tan\u00e1cs jegyz\u0151k\u00f6nyveit tartalmaz\u00f3 k\u00f6nyvek is megsemmis\u00fcltek. Csak n\u00e9h\u00e1ny h\u00e1zi\u00e1llat \u00e9lte t\u00fal a t\u00e1mad\u00e1st.<\/p>\n\n\n\n<p>A k\u00f6vetkez\u0151 napokban Valdivia szem\u00e9lyesen vezette az \u00fajj\u00e1\u00e9p\u00edt\u00e9st, \u00e9s Alonso de Monroyt Peruba k\u00fcldte seg\u00edts\u00e9g\u00e9rt \u00e9s er\u0151forr\u00e1sok\u00e9rt. A k\u00f6vetkez\u0151 h\u00f3napokat szigor\u00fa takar\u00e9koss\u00e1g jellemezte.<\/p>\n","protected":false},"excerpt":{"rendered":"<div class=\"mh-excerpt\"><p>Nyolc h\u00f3nappal Chile els\u0151 v\u00e1ros\u00e1nak megalap\u00edt\u00e1sa ut\u00e1n a Michimalonko vezette \u0151slakos felkel\u00e9s teljesen elpuszt\u00edtotta azt. A l\u00e1zad\u00f3k c\u00e9lja az volt, hogy v\u00e9gleg ki\u0171zz\u00e9k a spanyolokat. <a class=\"mh-excerpt-more\" href=\"https:\/\/latinzona.hu\/index.php\/2025\/09\/12\/michimalonko-tamadasa-egy-masik-szeptember-11-tortenete\/\" title=\"A v\u00e1ros, amely porr\u00e1 lett: Michimalonko ostroma\">[&#8230;]<\/a><\/p>\n<\/div>","protected":false},"author":1,"featured_media":1654,"comment_status":"open","ping_status":"open","sticky":false,"template":"","format":"standard","meta":[],"categories":[27],"tags":[28],"yoast_head":"<!-- This site is optimized with the Yoast SEO plugin v15.5 - https:\/\/yoast.com\/wordpress\/plugins\/seo\/ -->\n<title>A v\u00e1ros, amely porr\u00e1 lett: Michimalonko ostroma - Latin Z\u00f3na<\/title>\n<meta name=\"description\" content=\"A Michimalonko vezette t\u00e1mad\u00e1s teljesen elpusz\u00edtotta a chilei f\u0151v\u00e1rost sok sz\u00e1z \u00e9vvel ezel\u0151tt, pontosan szeptember 11-\u00e9n.\" \/>\n<meta name=\"robots\" content=\"index, follow, max-snippet:-1, max-image-preview:large, max-video-preview:-1\" \/>\n<link rel=\"canonical\" href=\"https:\/\/latinzona.hu\/index.php\/2025\/09\/12\/michimalonko-tamadasa-egy-masik-szeptember-11-tortenete\/\" \/>\n<meta property=\"og:locale\" content=\"hu_HU\" \/>\n<meta property=\"og:type\" content=\"article\" \/>\n<meta property=\"og:title\" content=\"A v\u00e1ros, amely porr\u00e1 lett: Michimalonko ostroma - Latin Z\u00f3na\" \/>\n<meta property=\"og:description\" content=\"A Michimalonko vezette t\u00e1mad\u00e1s teljesen elpusz\u00edtotta a chilei f\u0151v\u00e1rost sok sz\u00e1z \u00e9vvel ezel\u0151tt, pontosan szeptember 11-\u00e9n.\" \/>\n<meta property=\"og:url\" content=\"https:\/\/latinzona.hu\/index.php\/2025\/09\/12\/michimalonko-tamadasa-egy-masik-szeptember-11-tortenete\/\" \/>\n<meta property=\"og:site_name\" content=\"Latin Z\u00f3na\" \/>\n<meta property=\"article:published_time\" content=\"2025-09-12T19:10:39+00:00\" \/>\n<meta property=\"article:modified_time\" content=\"2025-09-12T19:10:40+00:00\" \/>\n<meta property=\"og:image\" content=\"https:\/\/latinzona.hu\/wp-content\/uploads\/2025\/09\/Screenshot-2025-09-12-210618.png\" \/>\n\t<meta property=\"og:image:width\" content=\"926\" \/>\n\t<meta property=\"og:image:height\" content=\"512\" \/>\n<meta name=\"twitter:card\" content=\"summary_large_image\" \/>\n<meta name=\"twitter:label1\" content=\"Becs\u00fclt olvas\u00e1si id\u0151\">\n\t<meta name=\"twitter:data1\" content=\"4 perc\">\n<script type=\"application\/ld+json\" class=\"yoast-schema-graph\">{\"@context\":\"https:\/\/schema.org\",\"@graph\":[{\"@type\":\"WebSite\",\"@id\":\"https:\/\/latinzona.hu\/#website\",\"url\":\"https:\/\/latinzona.hu\/\",\"name\":\"Latin Z\\u00f3na\",\"description\":\"Mi D\\u00e9lre is figyel\\u00fcnk...\",\"potentialAction\":[{\"@type\":\"SearchAction\",\"target\":\"https:\/\/latinzona.hu\/?s={search_term_string}\",\"query-input\":\"required name=search_term_string\"}],\"inLanguage\":\"hu\"},{\"@type\":\"ImageObject\",\"@id\":\"https:\/\/latinzona.hu\/index.php\/2025\/09\/12\/michimalonko-tamadasa-egy-masik-szeptember-11-tortenete\/#primaryimage\",\"inLanguage\":\"hu\",\"url\":\"https:\/\/latinzona.hu\/wp-content\/uploads\/2025\/09\/Screenshot-2025-09-12-210618.png\",\"width\":926,\"height\":512},{\"@type\":\"WebPage\",\"@id\":\"https:\/\/latinzona.hu\/index.php\/2025\/09\/12\/michimalonko-tamadasa-egy-masik-szeptember-11-tortenete\/#webpage\",\"url\":\"https:\/\/latinzona.hu\/index.php\/2025\/09\/12\/michimalonko-tamadasa-egy-masik-szeptember-11-tortenete\/\",\"name\":\"A v\\u00e1ros, amely porr\\u00e1 lett: Michimalonko ostroma - Latin Z\\u00f3na\",\"isPartOf\":{\"@id\":\"https:\/\/latinzona.hu\/#website\"},\"primaryImageOfPage\":{\"@id\":\"https:\/\/latinzona.hu\/index.php\/2025\/09\/12\/michimalonko-tamadasa-egy-masik-szeptember-11-tortenete\/#primaryimage\"},\"datePublished\":\"2025-09-12T19:10:39+00:00\",\"dateModified\":\"2025-09-12T19:10:40+00:00\",\"author\":{\"@id\":\"https:\/\/latinzona.hu\/#\/schema\/person\/de64af94bc35db4973955a05f752bd2d\"},\"description\":\"A Michimalonko vezette t\\u00e1mad\\u00e1s teljesen elpusz\\u00edtotta a chilei f\\u0151v\\u00e1rost sok sz\\u00e1z \\u00e9vvel ezel\\u0151tt, pontosan szeptember 11-\\u00e9n.\",\"inLanguage\":\"hu\",\"potentialAction\":[{\"@type\":\"ReadAction\",\"target\":[\"https:\/\/latinzona.hu\/index.php\/2025\/09\/12\/michimalonko-tamadasa-egy-masik-szeptember-11-tortenete\/\"]}]},{\"@type\":\"Person\",\"@id\":\"https:\/\/latinzona.hu\/#\/schema\/person\/de64af94bc35db4973955a05f752bd2d\",\"name\":\"Chileno\",\"image\":{\"@type\":\"ImageObject\",\"@id\":\"https:\/\/latinzona.hu\/#personlogo\",\"inLanguage\":\"hu\",\"url\":\"https:\/\/secure.gravatar.com\/avatar\/9a5fe6fe999607c0ed4bfce2f8ed2600?s=96&d=mm&r=g\",\"caption\":\"Chileno\"},\"sameAs\":[\"https:\/\/latinzona.hu\"]}]}<\/script>\n<!-- \/ Yoast SEO plugin. -->","_links":{"self":[{"href":"https:\/\/latinzona.hu\/index.php\/wp-json\/wp\/v2\/posts\/1653"}],"collection":[{"href":"https:\/\/latinzona.hu\/index.php\/wp-json\/wp\/v2\/posts"}],"about":[{"href":"https:\/\/latinzona.hu\/index.php\/wp-json\/wp\/v2\/types\/post"}],"author":[{"embeddable":true,"href":"https:\/\/latinzona.hu\/index.php\/wp-json\/wp\/v2\/users\/1"}],"replies":[{"embeddable":true,"href":"https:\/\/latinzona.hu\/index.php\/wp-json\/wp\/v2\/comments?post=1653"}],"version-history":[{"count":1,"href":"https:\/\/latinzona.hu\/index.php\/wp-json\/wp\/v2\/posts\/1653\/revisions"}],"predecessor-version":[{"id":1657,"href":"https:\/\/latinzona.hu\/index.php\/wp-json\/wp\/v2\/posts\/1653\/revisions\/1657"}],"wp:featuredmedia":[{"embeddable":true,"href":"https:\/\/latinzona.hu\/index.php\/wp-json\/wp\/v2\/media\/1654"}],"wp:attachment":[{"href":"https:\/\/latinzona.hu\/index.php\/wp-json\/wp\/v2\/media?parent=1653"}],"wp:term":[{"taxonomy":"category","embeddable":true,"href":"https:\/\/latinzona.hu\/index.php\/wp-json\/wp\/v2\/categories?post=1653"},{"taxonomy":"post_tag","embeddable":true,"href":"https:\/\/latinzona.hu\/index.php\/wp-json\/wp\/v2\/tags?post=1653"}],"curies":[{"name":"wp","href":"https:\/\/api.w.org\/{rel}","templated":true}]}}