{"id":1658,"date":"2025-09-13T06:28:23","date_gmt":"2025-09-13T06:28:23","guid":{"rendered":"https:\/\/latinzona.hu\/?p=1658"},"modified":"2025-09-13T06:28:25","modified_gmt":"2025-09-13T06:28:25","slug":"husvet-sziget-borton-itt-a-cel-a-szabad-rehabilitacio","status":"publish","type":"post","link":"https:\/\/latinzona.hu\/index.php\/2025\/09\/13\/husvet-sziget-borton-itt-a-cel-a-szabad-rehabilitacio\/","title":{"rendered":"H\u00fasv\u00e9t-sziget b\u00f6rt\u00f6n: ink\u00e1bb szanat\u00f3rium, mint fegyint\u00e9zet"},"content":{"rendered":"\n<p>Rapa Nui, m\u00e1s n\u00e9ven H\u00fasv\u00e9t-sziget, egy <a href=\"https:\/\/latinzona.hu\/index.php\/2025\/08\/29\/megpecsetelodott-rapa-nui-jovoje\/\">neh\u00e9z helyzetben l\u00e9v\u0151<\/a>, t\u00e1voli vulkanikus sziget a Csendes-\u00f3ce\u00e1n d\u00e9lkeleti r\u00e9sz\u00e9n, amely <a href=\"https:\/\/www.chile.travel\/en\/where-to-go\/macrozone\/rapa-nui\/\">Chil\u00e9hez tartozik<\/a>. Ter\u00fclete k\u00f6r\u00fclbel\u00fcl 163,6 n\u00e9gyzetkilom\u00e9ter. Elszigetelts\u00e9g\u00e9nek ellen\u00e9re a szigeten k\u00f6r\u00fclbel\u00fcl 7750 ember \u00e9l a 2017-es chilei n\u00e9psz\u00e1ml\u00e1l\u00e1s szerint. A lakosok k\u00f6zel fele Rapa Nui-nak, azaz a szigetet \u00e9vsz\u00e1zadok \u00f3ta lak\u00f3 \u0151slakos polin\u00e9z n\u00e9pnek tartja mag\u00e1t. \u00c9rdekes m\u00f3don a szigeten van egy b\u00f6rt\u00f6n is. <\/p>\n\n\n\n<p><strong>Ez egy kis l\u00e9tes\u00edtm\u00e9ny, amely ink\u00e1bb rehabilit\u00e1ci\u00f3s k\u00f6zpontnak, mint hagyom\u00e1nyos szigor\u00edtott b\u00f6rt\u00f6nnek lett kialak\u00edtva<\/strong>. A b\u00f6rt\u00f6n ter\u00fclete 60 x 80 m\u00e9ter, \u00e9s k\u00fcl\u00f6n r\u00e9szlegei vannak a f\u00e9rfiaknak \u00e9s a n\u0151knek. A fogvatartottakat arra \u00f6szt\u00f6nzik, hogy vegyenek r\u00e9szt m\u0171helymunk\u00e1ban, ahol fa- \u00e9s k\u0151term\u00e9keket k\u00e9sz\u00edtenek, amelyeket egy erre a c\u00e9lra kialak\u00edtott elad\u00f3t\u00e9rben \u00e9rt\u00e9kes\u00edthetnek. Emellett z\u00f6lds\u00e9geskertet is gondoznak, \u00e9s lehet\u0151s\u00e9g\u00fck van a szabadban aludni, ami nyitottabb \u00e9s k\u00f6z\u00f6ss\u00e9gk\u00f6zpont\u00fabb k\u00f6rnyezetet teremt. <\/p>\n\n\n\n<figure class=\"wp-block-image size-large\"><img loading=\"lazy\" width=\"936\" height=\"582\" src=\"https:\/\/latinzona.hu\/wp-content\/uploads\/2025\/09\/gift.png\" alt=\"\" class=\"wp-image-1661\" srcset=\"https:\/\/latinzona.hu\/wp-content\/uploads\/2025\/09\/gift.png 936w, https:\/\/latinzona.hu\/wp-content\/uploads\/2025\/09\/gift-300x187.png 300w, https:\/\/latinzona.hu\/wp-content\/uploads\/2025\/09\/gift-768x478.png 768w\" sizes=\"(max-width: 936px) 100vw, 936px\" \/><\/figure>\n\n\n\n<h2>Nem t\u00falzs\u00fafolt a H\u00fasv\u00e9t-sziget b\u00f6rt\u00f6n, ritk\u00e1k a b\u0171ncselekm\u00e9nyek<\/h2>\n\n\n\n<p>A l\u00e9tes\u00edtm\u00e9nyben 15 k\u00f6ztisztvisel\u0151 \u00e9s 5 szakember dolgozik, k\u00f6zt\u00fck szoci\u00e1lis munk\u00e1sok \u00e9s pszichol\u00f3gusok, akik mind a reintegr\u00e1ci\u00f3t \u00e9s a szem\u00e9lyes fejl\u0151d\u00e9st t\u00e1mogatj\u00e1k. Rapa Nui egyedi jogi st\u00e1tusza \u00e9s t\u00e1voli elhelyezked\u00e9se miatt a sziget lak\u00f3i \u00e1ltal elk\u00f6vetett b\u0171ncselekm\u00e9nyek\u00e9rt kiszabott b\u00fcntet\u00e9sek a chilei sz\u00e1razf\u00f6ldh\u00f6z k\u00e9pest enyh\u00e9bbek lehetnek. <strong>Ez egy olyan hely, ahol az igazs\u00e1gszolg\u00e1ltat\u00e1si rendszer ink\u00e1bb a rehabilit\u00e1ci\u00f3ra, mint a b\u00fcntet\u00e9sre helyezi a hangs\u00falyt. A legfrissebb rendelkez\u00e9sre \u00e1ll\u00f3 adatok szerint Rapa Nui b\u00f6rt\u00f6n\u00e9ben 7 el\u00edt\u00e9lt fogvatartott van, akiknek t\u00e1rgyal\u00e1sa lez\u00e1rult \u00e9s \u00edt\u00e9letet hoztak az \u00fcgy\u00fckben.<\/strong> Ezen fel\u00fcl 13 szem\u00e9ly vesz r\u00e9szt egy nyitott rendszerben, amely alternat\u00edv b\u00fcntet\u00e9seket tartalmaz, mint p\u00e9ld\u00e1ul a fel\u00fcgyelt felt\u00e9teles szabadl\u00e1bra helyez\u00e9s \u00e9s a k\u00f6zmunka.<\/p>\n\n\n\n<figure class=\"wp-block-image size-large\"><img loading=\"lazy\" width=\"928\" height=\"600\" src=\"https:\/\/latinzona.hu\/wp-content\/uploads\/2025\/09\/yard.png\" alt=\"\" class=\"wp-image-1660\" srcset=\"https:\/\/latinzona.hu\/wp-content\/uploads\/2025\/09\/yard.png 928w, https:\/\/latinzona.hu\/wp-content\/uploads\/2025\/09\/yard-300x194.png 300w, https:\/\/latinzona.hu\/wp-content\/uploads\/2025\/09\/yard-768x497.png 768w\" sizes=\"(max-width: 928px) 100vw, 928px\" \/><\/figure>\n\n\n\n<p> Az \u00f6sszes jelenlegi fogvatartott f\u00e9rfi, \u00e9s a szigeten a b\u0171n\u00f6z\u00e9s els\u0151sorban f\u00e9rfiak probl\u00e9m\u00e1j\u00e1nak tekinthet\u0151. Az elk\u00f6vetett b\u0171ncselekm\u00e9nyek k\u00f6z\u00f6tt szerepel gyilkoss\u00e1g, csal\u00e1don bel\u00fcli er\u0151szak \u00e9s gyermektart\u00e1s elmulaszt\u00e1sa. <strong>Egy figyelemre m\u00e9lt\u00f3 eset egy f\u00e9rfi volt, akit gyilkoss\u00e1g\u00e9rt \u00edt\u00e9ltek el, miut\u00e1n egy \u00fcveggel hal\u00e1lra \u00fct\u00f6tt egy m\u00e1sik szem\u00e9lyt. Ezt megel\u0151z\u0151en csal\u00e1don bel\u00fcli er\u0151szak \u00e9s gyermektart\u00e1s elmulaszt\u00e1sa miatt emeltek v\u00e1dat ellene.<\/strong> Az \u00e1ltal\u00e1nos b\u0171n\u00f6z\u00e9s tekintet\u00e9ben Rapa Nui alacsony b\u0171n\u00f6z\u00e9si r\u00e1t\u00e1val rendelkezik a chilei sz\u00e1razf\u00f6ld v\u00e1rosi ter\u00fcleteihez k\u00e9pest. <\/p>\n\n\n\n<p>Er\u0151szakos b\u0171ncselekm\u00e9nyek el\u0151fordulnak, de ezek viszonylag ritk\u00e1k \u00e9s ink\u00e1bb elszigetelt esetek, mint sz\u00e9lesebb k\u00f6r\u0171 jelens\u00e9g. A sziget kis n\u00e9pess\u00e9ge \u00e9s szoros k\u00f6z\u00f6ss\u00e9ge hozz\u00e1j\u00e1rul az \u00e1ltal\u00e1ban b\u00e9k\u00e9s k\u00f6rnyezethez, b\u00e1r id\u0151nk\u00e9nt felmer\u00fclnek olyan t\u00e1rsadalmi probl\u00e9m\u00e1k, mint a csal\u00e1don bel\u00fcli er\u0151szak \u00e9s az alkohollal kapcsolatos vit\u00e1k.<\/p>\n","protected":false},"excerpt":{"rendered":"<div class=\"mh-excerpt\"><p>Rapa Nui, m\u00e1s n\u00e9ven H\u00fasv\u00e9t-sziget, egy neh\u00e9z helyzetben l\u00e9v\u0151, t\u00e1voli vulkanikus sziget a Csendes-\u00f3ce\u00e1n d\u00e9lkeleti r\u00e9sz\u00e9n, amely Chil\u00e9hez tartozik. Ter\u00fclete k\u00f6r\u00fclbel\u00fcl 163,6 n\u00e9gyzetkilom\u00e9ter. Elszigetelts\u00e9g\u00e9nek ellen\u00e9re <a class=\"mh-excerpt-more\" href=\"https:\/\/latinzona.hu\/index.php\/2025\/09\/13\/husvet-sziget-borton-itt-a-cel-a-szabad-rehabilitacio\/\" title=\"H\u00fasv\u00e9t-sziget b\u00f6rt\u00f6n: ink\u00e1bb szanat\u00f3rium, mint fegyint\u00e9zet\">[&#8230;]<\/a><\/p>\n<\/div>","protected":false},"author":1,"featured_media":1659,"comment_status":"open","ping_status":"open","sticky":false,"template":"","format":"standard","meta":[],"categories":[27],"tags":[28],"yoast_head":"<!-- This site is optimized with the Yoast SEO plugin v15.5 - https:\/\/yoast.com\/wordpress\/plugins\/seo\/ -->\n<title>H\u00fasv\u00e9t-sziget b\u00f6rt\u00f6n: ink\u00e1bb szanat\u00f3rium, mint fegyint\u00e9zet - Latin Z\u00f3na<\/title>\n<meta name=\"description\" content=\"H\u00fasv\u00e9t-sziget b\u00f6rt\u00f6n nem egy t\u00falzs\u00fafolt hely, itt a rabok szabadon tev\u00e9kenykednek \u00e9s t\u00e1rgyakat k\u00e9sz\u00edtenek elad\u00e1sra.\" \/>\n<meta name=\"robots\" content=\"index, follow, max-snippet:-1, max-image-preview:large, max-video-preview:-1\" \/>\n<link rel=\"canonical\" href=\"https:\/\/latinzona.hu\/index.php\/2025\/09\/13\/husvet-sziget-borton-itt-a-cel-a-szabad-rehabilitacio\/\" \/>\n<meta property=\"og:locale\" content=\"hu_HU\" \/>\n<meta property=\"og:type\" content=\"article\" \/>\n<meta property=\"og:title\" content=\"H\u00fasv\u00e9t-sziget b\u00f6rt\u00f6n: ink\u00e1bb szanat\u00f3rium, mint fegyint\u00e9zet - Latin Z\u00f3na\" \/>\n<meta property=\"og:description\" content=\"H\u00fasv\u00e9t-sziget b\u00f6rt\u00f6n nem egy t\u00falzs\u00fafolt hely, itt a rabok szabadon tev\u00e9kenykednek \u00e9s t\u00e1rgyakat k\u00e9sz\u00edtenek elad\u00e1sra.\" \/>\n<meta property=\"og:url\" content=\"https:\/\/latinzona.hu\/index.php\/2025\/09\/13\/husvet-sziget-borton-itt-a-cel-a-szabad-rehabilitacio\/\" \/>\n<meta property=\"og:site_name\" content=\"Latin Z\u00f3na\" \/>\n<meta property=\"article:published_time\" content=\"2025-09-13T06:28:23+00:00\" \/>\n<meta property=\"article:modified_time\" content=\"2025-09-13T06:28:25+00:00\" \/>\n<meta property=\"og:image\" content=\"https:\/\/latinzona.hu\/wp-content\/uploads\/2025\/09\/prison1.png\" \/>\n\t<meta property=\"og:image:width\" content=\"936\" \/>\n\t<meta property=\"og:image:height\" content=\"618\" \/>\n<meta name=\"twitter:card\" content=\"summary_large_image\" \/>\n<meta name=\"twitter:label1\" content=\"Becs\u00fclt olvas\u00e1si id\u0151\">\n\t<meta name=\"twitter:data1\" content=\"2 perc\">\n<script type=\"application\/ld+json\" class=\"yoast-schema-graph\">{\"@context\":\"https:\/\/schema.org\",\"@graph\":[{\"@type\":\"WebSite\",\"@id\":\"https:\/\/latinzona.hu\/#website\",\"url\":\"https:\/\/latinzona.hu\/\",\"name\":\"Latin Z\\u00f3na\",\"description\":\"Mi D\\u00e9lre is figyel\\u00fcnk...\",\"potentialAction\":[{\"@type\":\"SearchAction\",\"target\":\"https:\/\/latinzona.hu\/?s={search_term_string}\",\"query-input\":\"required name=search_term_string\"}],\"inLanguage\":\"hu\"},{\"@type\":\"ImageObject\",\"@id\":\"https:\/\/latinzona.hu\/index.php\/2025\/09\/13\/husvet-sziget-borton-itt-a-cel-a-szabad-rehabilitacio\/#primaryimage\",\"inLanguage\":\"hu\",\"url\":\"https:\/\/latinzona.hu\/wp-content\/uploads\/2025\/09\/prison1.png\",\"width\":936,\"height\":618},{\"@type\":\"WebPage\",\"@id\":\"https:\/\/latinzona.hu\/index.php\/2025\/09\/13\/husvet-sziget-borton-itt-a-cel-a-szabad-rehabilitacio\/#webpage\",\"url\":\"https:\/\/latinzona.hu\/index.php\/2025\/09\/13\/husvet-sziget-borton-itt-a-cel-a-szabad-rehabilitacio\/\",\"name\":\"H\\u00fasv\\u00e9t-sziget b\\u00f6rt\\u00f6n: ink\\u00e1bb szanat\\u00f3rium, mint fegyint\\u00e9zet - Latin Z\\u00f3na\",\"isPartOf\":{\"@id\":\"https:\/\/latinzona.hu\/#website\"},\"primaryImageOfPage\":{\"@id\":\"https:\/\/latinzona.hu\/index.php\/2025\/09\/13\/husvet-sziget-borton-itt-a-cel-a-szabad-rehabilitacio\/#primaryimage\"},\"datePublished\":\"2025-09-13T06:28:23+00:00\",\"dateModified\":\"2025-09-13T06:28:25+00:00\",\"author\":{\"@id\":\"https:\/\/latinzona.hu\/#\/schema\/person\/de64af94bc35db4973955a05f752bd2d\"},\"description\":\"H\\u00fasv\\u00e9t-sziget b\\u00f6rt\\u00f6n nem egy t\\u00falzs\\u00fafolt hely, itt a rabok szabadon tev\\u00e9kenykednek \\u00e9s t\\u00e1rgyakat k\\u00e9sz\\u00edtenek elad\\u00e1sra.\",\"inLanguage\":\"hu\",\"potentialAction\":[{\"@type\":\"ReadAction\",\"target\":[\"https:\/\/latinzona.hu\/index.php\/2025\/09\/13\/husvet-sziget-borton-itt-a-cel-a-szabad-rehabilitacio\/\"]}]},{\"@type\":\"Person\",\"@id\":\"https:\/\/latinzona.hu\/#\/schema\/person\/de64af94bc35db4973955a05f752bd2d\",\"name\":\"Chileno\",\"image\":{\"@type\":\"ImageObject\",\"@id\":\"https:\/\/latinzona.hu\/#personlogo\",\"inLanguage\":\"hu\",\"url\":\"https:\/\/secure.gravatar.com\/avatar\/9a5fe6fe999607c0ed4bfce2f8ed2600?s=96&d=mm&r=g\",\"caption\":\"Chileno\"},\"sameAs\":[\"https:\/\/latinzona.hu\"]}]}<\/script>\n<!-- \/ Yoast SEO plugin. -->","_links":{"self":[{"href":"https:\/\/latinzona.hu\/index.php\/wp-json\/wp\/v2\/posts\/1658"}],"collection":[{"href":"https:\/\/latinzona.hu\/index.php\/wp-json\/wp\/v2\/posts"}],"about":[{"href":"https:\/\/latinzona.hu\/index.php\/wp-json\/wp\/v2\/types\/post"}],"author":[{"embeddable":true,"href":"https:\/\/latinzona.hu\/index.php\/wp-json\/wp\/v2\/users\/1"}],"replies":[{"embeddable":true,"href":"https:\/\/latinzona.hu\/index.php\/wp-json\/wp\/v2\/comments?post=1658"}],"version-history":[{"count":1,"href":"https:\/\/latinzona.hu\/index.php\/wp-json\/wp\/v2\/posts\/1658\/revisions"}],"predecessor-version":[{"id":1662,"href":"https:\/\/latinzona.hu\/index.php\/wp-json\/wp\/v2\/posts\/1658\/revisions\/1662"}],"wp:featuredmedia":[{"embeddable":true,"href":"https:\/\/latinzona.hu\/index.php\/wp-json\/wp\/v2\/media\/1659"}],"wp:attachment":[{"href":"https:\/\/latinzona.hu\/index.php\/wp-json\/wp\/v2\/media?parent=1658"}],"wp:term":[{"taxonomy":"category","embeddable":true,"href":"https:\/\/latinzona.hu\/index.php\/wp-json\/wp\/v2\/categories?post=1658"},{"taxonomy":"post_tag","embeddable":true,"href":"https:\/\/latinzona.hu\/index.php\/wp-json\/wp\/v2\/tags?post=1658"}],"curies":[{"name":"wp","href":"https:\/\/api.w.org\/{rel}","templated":true}]}}