{"id":1681,"date":"2025-10-01T20:21:05","date_gmt":"2025-10-01T20:21:05","guid":{"rendered":"https:\/\/latinzona.hu\/?p=1681"},"modified":"2025-10-01T20:21:07","modified_gmt":"2025-10-01T20:21:07","slug":"megkozelithetetlen-legi-uton-a-serra-da-capivara-nemzeti-park","status":"publish","type":"post","link":"https:\/\/latinzona.hu\/index.php\/2025\/10\/01\/megkozelithetetlen-legi-uton-a-serra-da-capivara-nemzeti-park\/","title":{"rendered":"Szinte megk\u00f6zel\u00edthetetlenn\u00e9 v\u00e1lt a Serra da Capivara Nemzeti Park"},"content":{"rendered":"\n<p>A Serra da Capivara Nemzeti Park val\u00f3 megk\u00f6zel\u00edthet\u0151s\u00e9ge, <a href=\"https:\/\/whc.unesco.org\/en\/list\/606\/\">amelyet az UNESCO a vil\u00e1g kultur\u00e1lis \u00f6r\u00f6ks\u00e9g\u00e9nek nyilv\u00e1n\u00edtott<\/a>, id\u00e9n nehezebb\u00e9 v\u00e1lt Braz\u00edli\u00e1ban. <strong>M\u00e1rcius \u00f3ta az Azul l\u00e9git\u00e1rsas\u00e1g megsz\u00fcntette j\u00e1ratait S\u00e3o Raimundo Nonato telep\u00fcl\u00e9sre, amely Piau\u00ed \u00e1llamban, Braz\u00edlia \u00e9szakkeleti r\u00e9sz\u00e9n tal\u00e1lhat\u00f3. Ennek k\u00f6vetkezt\u00e9ben a r\u00e9gi\u00f3ba l\u00e1togatni k\u00edv\u00e1n\u00f3 turist\u00e1k hossz\u00fa sz\u00e1razf\u00f6ldi utaz\u00e1sokra k\u00e9nyszer\u00fclnek. <\/strong>Kor\u00e1bban a t\u00e1rsas\u00e1g heti h\u00e1rom j\u00e1ratot \u00fczemeltetett a v\u00e1rosba, a Pernambuco \u00e1llambeli Recife \u00e9s Petrolina \u00fatvonalon, de m\u00e1ra <a href=\"https:\/\/latinzona.hu\/index.php\/2025\/09\/07\/a-martim-vaz-sziklain-nagyon-kuzdelmes-az-elet\/\">el\u00e9gg\u00e9 megk\u00f6zel\u00edthetetlen lett a hely.<\/a><\/p>\n\n\n\n<p>Ezek keddenk\u00e9nt, cs\u00fct\u00f6rt\u00f6k\u00f6nk\u00e9nt \u00e9s vas\u00e1rnaponk\u00e9nt k\u00f6zlekedtek. A Serra da Capivara rep\u00fcl\u0151teret, amely t\u00edz \u00e9ve ny\u00edlt meg, m\u00e1s l\u00e9git\u00e1rsas\u00e1g nem szolg\u00e1lta ki. Ma m\u00e1r a termin\u00e1l csak mag\u00e1nj\u00e1ratokat fogad. Az Azul szerint a h\u00e1l\u00f3zati m\u00f3dos\u00edt\u00e1sokat olyan t\u00e9nyez\u0151k indokolj\u00e1k, mint a megn\u00f6vekedett m\u0171k\u00f6d\u00e9si k\u00f6lts\u00e9gek, a glob\u00e1lis ell\u00e1t\u00e1si l\u00e1nc v\u00e1ls\u00e1ga, a doll\u00e1r \u00e1rfolyam\u00e1nak emelked\u00e9se, a flotta rendelkez\u00e9sre \u00e1ll\u00e1sa, valamint a v\u00e1llalat folyamatban l\u00e9v\u0151 \u00e1tszervez\u00e9se. <\/p>\n\n\n\n<h2>Most m\u00e1r csak nagyon hossz\u00fa sz\u00e1razf\u00f6ldi \u00faton \u00e9rhet\u0151 el a Serra da Capivara Nemzeti Park<\/h2>\n\n\n\n<p>A j\u00e1ratok felf\u00fcggeszt\u00e9s\u00e9vel azoknak, akik m\u00e1s \u00e1llamokb\u00f3l utaznak a piau\u00ed-i v\u00e1rosba, az alternat\u00edva az, hogy olyan telep\u00fcl\u00e9sekr\u0151l indulnak, ahol van rep\u00fcl\u0151t\u00e9r: Teresina, a f\u0151v\u00e1ros, t\u00f6bb mint 500 kilom\u00e9terre, illetve Petrolina, k\u00f6zel 300 kilom\u00e9terre tal\u00e1lhat\u00f3. <strong>A Serra da Capivara Nemzeti Park Braz\u00edlia \u00e9szakkeleti r\u00e9sz\u00e9n, Piau\u00ed \u00e1llam d\u00e9lkeleti ter\u00fclet\u00e9n fekszik, \u00e9s 1991 \u00f3ta az UNESCO Vil\u00e1g\u00f6r\u00f6ks\u00e9g r\u00e9sze.<\/strong> Ez a ter\u00fclet nemcsak leny\u0171g\u00f6z\u0151 term\u00e9szeti adotts\u00e1gair\u00f3l ismert, hanem arr\u00f3l is, hogy itt tal\u00e1lhat\u00f3 az amerikai kontinens egyik legjelent\u0151sebb \u0151skori lel\u0151helye. <\/p>\n\n\n\n<p>A park homokk\u0151b\u0151l \u00e1ll\u00f3 f\u00f6ldtani k\u00e9pz\u0151dm\u00e9nyei k\u00fcl\u00f6nleges form\u00e1kat alkotnak, \u00e9s a caatinga nev\u0171 f\u00e9lsivatagi n\u00f6v\u00e9nyt\u00e1rsul\u00e1s egyed\u00fcl\u00e1ll\u00f3 p\u00e9ld\u00e1j\u00e1t ny\u00fajtj\u00e1k. A n\u00f6v\u00e9ny- \u00e9s \u00e1llatvil\u00e1g rendk\u00edv\u00fcl gazdag \u00e9s v\u00e1ltozatos. A ter\u00fcleten t\u00f6bb mint ezer r\u00e9g\u00e9szeti lel\u0151hely tal\u00e1lhat\u00f3, ahol a sziklaereszekben fennmaradt sziklarajzok ak\u00e1r 25 000 \u00e9vesek is lehetnek. Ezek a festm\u00e9nyek vad\u00e1szjeleneteket, vall\u00e1si szertart\u00e1sokat, mindennapi \u00e9letet \u00e9s kihalt \u00e1llatfajokat \u00e1br\u00e1zolnak. <\/p>\n\n\n\n<p>A fest\u00e9kanyag vasoxidb\u00f3l k\u00e9sz\u00fclt, v\u00edzzel \u00e9s \u00e1llati v\u00e9rrel keverve. A park \u00f6koturisztikai \u00e9s kultur\u00e1lis c\u00e9lpontk\u00e9nt is n\u00e9pszer\u0171. Ugyanakkor a k\u00f6rny\u00e9k szeg\u00e9nys\u00e9ge miatt vesz\u00e9lyezteti az illeg\u00e1lis vad\u00e1szat \u00e9s fakitermel\u00e9s. A Funda\u00e7\u00e3o Museu do Homem Americano nev\u0171 szervezet oktat\u00e1ssal \u00e9s munkahelyteremt\u00e9ssel seg\u00edti a fenntarthat\u00f3 fejl\u0151d\u00e9st, hogy meg\u0151rizze ezt a p\u00e1ratlan \u00f6r\u00f6ks\u00e9get a j\u00f6v\u0151 gener\u00e1ci\u00f3i sz\u00e1m\u00e1ra.<\/p>\n","protected":false},"excerpt":{"rendered":"<div class=\"mh-excerpt\"><p>A Serra da Capivara Nemzeti Park val\u00f3 megk\u00f6zel\u00edthet\u0151s\u00e9ge, amelyet az UNESCO a vil\u00e1g kultur\u00e1lis \u00f6r\u00f6ks\u00e9g\u00e9nek nyilv\u00e1n\u00edtott, id\u00e9n nehezebb\u00e9 v\u00e1lt Braz\u00edli\u00e1ban. M\u00e1rcius \u00f3ta az Azul l\u00e9git\u00e1rsas\u00e1g <a class=\"mh-excerpt-more\" href=\"https:\/\/latinzona.hu\/index.php\/2025\/10\/01\/megkozelithetetlen-legi-uton-a-serra-da-capivara-nemzeti-park\/\" title=\"Szinte megk\u00f6zel\u00edthetetlenn\u00e9 v\u00e1lt a Serra da Capivara Nemzeti Park\">[&#8230;]<\/a><\/p>\n<\/div>","protected":false},"author":1,"featured_media":1682,"comment_status":"open","ping_status":"open","sticky":false,"template":"","format":"standard","meta":[],"categories":[42],"tags":[43],"yoast_head":"<!-- This site is optimized with the Yoast SEO plugin v15.5 - https:\/\/yoast.com\/wordpress\/plugins\/seo\/ -->\n<title>Szinte megk\u00f6zel\u00edthetetlenn\u00e9 v\u00e1lt a Serra da Capivara Nemzeti Park - Latin Z\u00f3na<\/title>\n<meta name=\"description\" content=\"A Serra da Capivara Nemzeti Park most m\u00e1r csak hossz\u00fa sz\u00e1razf\u00f6ldi utaz\u00e1ssal \u00e9rhet\u0151 el Braz\u00edli\u00e1ban, miut\u00e1n megsz\u0171nt a rep\u00fcl\u0151j\u00e1rat.\" \/>\n<meta name=\"robots\" content=\"index, follow, max-snippet:-1, max-image-preview:large, max-video-preview:-1\" \/>\n<link rel=\"canonical\" href=\"https:\/\/latinzona.hu\/index.php\/2025\/10\/01\/megkozelithetetlen-legi-uton-a-serra-da-capivara-nemzeti-park\/\" \/>\n<meta property=\"og:locale\" content=\"hu_HU\" \/>\n<meta property=\"og:type\" content=\"article\" \/>\n<meta property=\"og:title\" content=\"Szinte megk\u00f6zel\u00edthetetlenn\u00e9 v\u00e1lt a Serra da Capivara Nemzeti Park - Latin Z\u00f3na\" \/>\n<meta property=\"og:description\" content=\"A Serra da Capivara Nemzeti Park most m\u00e1r csak hossz\u00fa sz\u00e1razf\u00f6ldi utaz\u00e1ssal \u00e9rhet\u0151 el Braz\u00edli\u00e1ban, miut\u00e1n megsz\u0171nt a rep\u00fcl\u0151j\u00e1rat.\" \/>\n<meta property=\"og:url\" content=\"https:\/\/latinzona.hu\/index.php\/2025\/10\/01\/megkozelithetetlen-legi-uton-a-serra-da-capivara-nemzeti-park\/\" \/>\n<meta property=\"og:site_name\" content=\"Latin Z\u00f3na\" \/>\n<meta property=\"article:published_time\" content=\"2025-10-01T20:21:05+00:00\" \/>\n<meta property=\"article:modified_time\" content=\"2025-10-01T20:21:07+00:00\" \/>\n<meta property=\"og:image\" content=\"https:\/\/latinzona.hu\/wp-content\/uploads\/2025\/10\/parque-nacional-da-serra.jpg\" \/>\n\t<meta property=\"og:image:width\" content=\"1200\" \/>\n\t<meta property=\"og:image:height\" content=\"720\" \/>\n<meta name=\"twitter:card\" content=\"summary_large_image\" \/>\n<meta name=\"twitter:label1\" content=\"Becs\u00fclt olvas\u00e1si id\u0151\">\n\t<meta name=\"twitter:data1\" content=\"2 perc\">\n<script type=\"application\/ld+json\" class=\"yoast-schema-graph\">{\"@context\":\"https:\/\/schema.org\",\"@graph\":[{\"@type\":\"WebSite\",\"@id\":\"https:\/\/latinzona.hu\/#website\",\"url\":\"https:\/\/latinzona.hu\/\",\"name\":\"Latin Z\\u00f3na\",\"description\":\"Mi D\\u00e9lre is figyel\\u00fcnk...\",\"potentialAction\":[{\"@type\":\"SearchAction\",\"target\":\"https:\/\/latinzona.hu\/?s={search_term_string}\",\"query-input\":\"required name=search_term_string\"}],\"inLanguage\":\"hu\"},{\"@type\":\"ImageObject\",\"@id\":\"https:\/\/latinzona.hu\/index.php\/2025\/10\/01\/megkozelithetetlen-legi-uton-a-serra-da-capivara-nemzeti-park\/#primaryimage\",\"inLanguage\":\"hu\",\"url\":\"https:\/\/latinzona.hu\/wp-content\/uploads\/2025\/10\/parque-nacional-da-serra.jpg\",\"width\":1200,\"height\":720},{\"@type\":\"WebPage\",\"@id\":\"https:\/\/latinzona.hu\/index.php\/2025\/10\/01\/megkozelithetetlen-legi-uton-a-serra-da-capivara-nemzeti-park\/#webpage\",\"url\":\"https:\/\/latinzona.hu\/index.php\/2025\/10\/01\/megkozelithetetlen-legi-uton-a-serra-da-capivara-nemzeti-park\/\",\"name\":\"Szinte megk\\u00f6zel\\u00edthetetlenn\\u00e9 v\\u00e1lt a Serra da Capivara Nemzeti Park - Latin Z\\u00f3na\",\"isPartOf\":{\"@id\":\"https:\/\/latinzona.hu\/#website\"},\"primaryImageOfPage\":{\"@id\":\"https:\/\/latinzona.hu\/index.php\/2025\/10\/01\/megkozelithetetlen-legi-uton-a-serra-da-capivara-nemzeti-park\/#primaryimage\"},\"datePublished\":\"2025-10-01T20:21:05+00:00\",\"dateModified\":\"2025-10-01T20:21:07+00:00\",\"author\":{\"@id\":\"https:\/\/latinzona.hu\/#\/schema\/person\/de64af94bc35db4973955a05f752bd2d\"},\"description\":\"A Serra da Capivara Nemzeti Park most m\\u00e1r csak hossz\\u00fa sz\\u00e1razf\\u00f6ldi utaz\\u00e1ssal \\u00e9rhet\\u0151 el Braz\\u00edli\\u00e1ban, miut\\u00e1n megsz\\u0171nt a rep\\u00fcl\\u0151j\\u00e1rat.\",\"inLanguage\":\"hu\",\"potentialAction\":[{\"@type\":\"ReadAction\",\"target\":[\"https:\/\/latinzona.hu\/index.php\/2025\/10\/01\/megkozelithetetlen-legi-uton-a-serra-da-capivara-nemzeti-park\/\"]}]},{\"@type\":\"Person\",\"@id\":\"https:\/\/latinzona.hu\/#\/schema\/person\/de64af94bc35db4973955a05f752bd2d\",\"name\":\"Chileno\",\"image\":{\"@type\":\"ImageObject\",\"@id\":\"https:\/\/latinzona.hu\/#personlogo\",\"inLanguage\":\"hu\",\"url\":\"https:\/\/secure.gravatar.com\/avatar\/9a5fe6fe999607c0ed4bfce2f8ed2600?s=96&d=mm&r=g\",\"caption\":\"Chileno\"},\"sameAs\":[\"https:\/\/latinzona.hu\"]}]}<\/script>\n<!-- \/ Yoast SEO plugin. -->","_links":{"self":[{"href":"https:\/\/latinzona.hu\/index.php\/wp-json\/wp\/v2\/posts\/1681"}],"collection":[{"href":"https:\/\/latinzona.hu\/index.php\/wp-json\/wp\/v2\/posts"}],"about":[{"href":"https:\/\/latinzona.hu\/index.php\/wp-json\/wp\/v2\/types\/post"}],"author":[{"embeddable":true,"href":"https:\/\/latinzona.hu\/index.php\/wp-json\/wp\/v2\/users\/1"}],"replies":[{"embeddable":true,"href":"https:\/\/latinzona.hu\/index.php\/wp-json\/wp\/v2\/comments?post=1681"}],"version-history":[{"count":1,"href":"https:\/\/latinzona.hu\/index.php\/wp-json\/wp\/v2\/posts\/1681\/revisions"}],"predecessor-version":[{"id":1683,"href":"https:\/\/latinzona.hu\/index.php\/wp-json\/wp\/v2\/posts\/1681\/revisions\/1683"}],"wp:featuredmedia":[{"embeddable":true,"href":"https:\/\/latinzona.hu\/index.php\/wp-json\/wp\/v2\/media\/1682"}],"wp:attachment":[{"href":"https:\/\/latinzona.hu\/index.php\/wp-json\/wp\/v2\/media?parent=1681"}],"wp:term":[{"taxonomy":"category","embeddable":true,"href":"https:\/\/latinzona.hu\/index.php\/wp-json\/wp\/v2\/categories?post=1681"},{"taxonomy":"post_tag","embeddable":true,"href":"https:\/\/latinzona.hu\/index.php\/wp-json\/wp\/v2\/tags?post=1681"}],"curies":[{"name":"wp","href":"https:\/\/api.w.org\/{rel}","templated":true}]}}