{"id":1685,"date":"2025-10-19T17:29:19","date_gmt":"2025-10-19T17:29:19","guid":{"rendered":"https:\/\/latinzona.hu\/?p=1685"},"modified":"2025-10-19T17:29:20","modified_gmt":"2025-10-19T17:29:20","slug":"a-legtobb-piros-lapos-meccs-boliviaban-valaha","status":"publish","type":"post","link":"https:\/\/latinzona.hu\/index.php\/2025\/10\/19\/a-legtobb-piros-lapos-meccs-boliviaban-valaha\/","title":{"rendered":"A m\u00e1sodik legt\u00f6bb piros lapos meccs Bol\u00edvi\u00e1ban"},"content":{"rendered":"\n<p>A Blooming \u00e9s a Bol\u00edvar szombati m\u00e9rk\u0151z\u00e9se nemcsak intenz\u00edv \u00e9s vitatott volt, hanem beker\u00fclt a <a href=\"https:\/\/fbf.com.bo\/\">bol\u00edviai futball t\u00f6rt\u00e9net\u00e9be<\/a> mint az egyik legt\u00f6bb ki\u00e1ll\u00edt\u00e1ssal z\u00e1rult tal\u00e1lkoz\u00f3.<\/p>\n\n\n\n<p>A szombaton lej\u00e1tszott &#8220;\u00e9gsz\u00ednk\u00e9k rangad\u00f3&#8221; piros tint\u00e1val \u00edr\u00f3dott be a sport\u00e1g kr\u00f3nik\u00e1j\u00e1ba. <strong>A Blooming\u2013Bol\u00edvar 1\u20132-es v\u00e9geredm\u00e9nnyel z\u00e1rult m\u00e9rk\u0151z\u00e9s\u00e9t es\u0151ben \u00e9s folyamatos fesz\u00fclts\u00e9g k\u00f6zepette j\u00e1tszott\u00e1k, amely v\u00e9g\u00fcl h\u00e9t ki\u00e1ll\u00edt\u00e1ssal \u00e9rt v\u00e9get. <\/strong>Ezzel be\u00e1ll\u00edtotta a 2015-\u00f6s Blooming\u2013Oriente <a href=\"https:\/\/latinzona.hu\/index.php\/2025\/06\/27\/a-club-petrolero-bolivia-egyik-nagy-csodaja-volt-par-eve\/\">Petrolero<\/a> meccs rekordj\u00e1t. \u00c9s a m\u00e1sodik helyre ker\u00fclt a legt\u00f6bb piros lapot hoz\u00f3 m\u00e9rk\u0151z\u00e9sek list\u00e1j\u00e1n a bol\u00edviai \u00e9lvonalban.<\/p>\n\n\n\n<h2>Ez volt a m\u00e1sodik legt\u00f6bb piros lapos meccs Bol\u00edvi\u00e1ban<\/h2>\n\n\n\n<p>A k\u00e1osz egy \u00f6sszet\u0171z\u00e9ssel kezd\u0151d\u00f6tt a Real Santa Cruz stadionban, amikor Braulio Uraeza\u00f1a \u00e9s Dami\u00e1n Batallini k\u00f6z\u00f6tt kialakult konfliktus t\u00f6megvereked\u00e9sbe torkollott. A j\u00e1t\u00e9kosok l\u00f6kd\u00f6s\u0151dtek, reklam\u00e1ltak, v\u00e9g\u00fcl a j\u00e1t\u00e9kvezet\u0151, Jordy Alem\u00e1n, aki nem tudta kezelni a helyzetet, ki\u00e1ll\u00edtotta Uraeza\u00f1\u00e1t, Sa\u00fal Severich\u00e9t \u00e9s Santiago Etchebarn\u00e9t a Bloomingb\u00f3l, valamint Daniel Cata\u00f1\u00f3t, Leonel Justinian\u00f3t \u00e9s Batallinit a Bol\u00edvarb\u00f3l. <strong>\u00cdgy hat j\u00e1t\u00e9kossal kevesebb maradt a p\u00e1ly\u00e1n. \u00c9s a j\u00e1t\u00e9k mind\u00f6ssze nyolc j\u00e1t\u00e9kossal folytat\u00f3dott mindk\u00e9t oldalon.<\/strong><\/p>\n\n\n\n<p>A Blooming a 33. percben Etchebarne g\u00f3lj\u00e1val vezet\u00e9st szerzett, de a nyugalom nem tartott sok\u00e1ig. A m\u00e1sodik f\u00e9lid\u0151ben Patricio &#8220;Pato&#8221; Rodr\u00edguez az 52. percben egyenl\u00edtett, majd a 60. percben Denilson Dur\u00e1n ki\u00e1ll\u00edt\u00e1sa ut\u00e1n a Blooming \u00fajabb j\u00e1t\u00e9kost vesz\u00edtett. H\u00e9t emberrel a cruce\u00f1\u00f3i csapat pr\u00f3b\u00e1lt ellen\u00e1llni. De a 90. percben Ecleison Freitas megszerezte a Bol\u00edvar gy\u0151ztes g\u00f3lj\u00e1t, kialak\u00edtva az 1\u20132-es v\u00e9geredm\u00e9nyt.<\/p>\n\n\n\n<p><strong>Ezzel az eredm\u00e9nnyel a m\u00e9rk\u0151z\u00e9s beker\u00fclt azon tal\u00e1lkoz\u00f3k sor\u00e1ba, amelyek a bol\u00edviai futball t\u00f6rt\u00e9net\u00e9nek legviharosabb esem\u00e9nyei k\u00f6z\u00e9 tartoznak.<\/strong> A neves statisztikus, V\u00edctor Quispe Perca adatai szerint a rekordot tov\u00e1bbra is az 1999-es Blooming\u2013The Strongest meccs tartja, ahol nyolc j\u00e1t\u00e9kost \u00e1ll\u00edtottak ki.<\/p>\n\n\n\n<p>Tov\u00e1bbi kiemelked\u0151en sok piros lapot hoz\u00f3 m\u00e9rk\u0151z\u00e9sek voltak: a Real Potos\u00ed\u2013San Jos\u00e9 (2\u20131) 2004-ben, a Guabir\u00e1\u2013Sport Boys (0\u20130) 2019-ben, valamint a Bol\u00edvar\u2013Wilstermann (1\u20130) 2023-ban. Mindegyik hat ki\u00e1ll\u00edt\u00e1ssal z\u00e1rult. A Blooming \u00e9s Bol\u00edvar k\u00f6z\u00f6tti legut\u00f3bbi \u00f6sszecsap\u00e1s azonban \u00fajra\u00e9lesztette a vit\u00e1t a j\u00e1t\u00e9kvezet\u00e9s sz\u00ednvonal\u00e1r\u00f3l, a fegyelmez\u00e9sr\u0151l \u00e9s a m\u00e9rk\u0151z\u00e9sek k\u00f6r\u00fclm\u00e9nyeir\u0151l.<\/p>\n\n\n\n<p>A s\u00e1r, az es\u0151 \u00e9s a fesz\u00fclts\u00e9g k\u00f6zepette a 2025-\u00f6s \u00e9gk\u00e9k rangad\u00f3 t\u00f6rt\u00e9nelmet \u00edrt. Egy m\u00e9rk\u0151z\u00e9s, ahol a szenved\u00e9ly t\u00fall\u00e9pett a j\u00e1t\u00e9kon.<\/p>\n","protected":false},"excerpt":{"rendered":"<div class=\"mh-excerpt\"><p>A Blooming \u00e9s a Bol\u00edvar szombati m\u00e9rk\u0151z\u00e9se nemcsak intenz\u00edv \u00e9s vitatott volt, hanem beker\u00fclt a bol\u00edviai futball t\u00f6rt\u00e9net\u00e9be mint az egyik legt\u00f6bb ki\u00e1ll\u00edt\u00e1ssal z\u00e1rult tal\u00e1lkoz\u00f3. <a class=\"mh-excerpt-more\" href=\"https:\/\/latinzona.hu\/index.php\/2025\/10\/19\/a-legtobb-piros-lapos-meccs-boliviaban-valaha\/\" title=\"A m\u00e1sodik legt\u00f6bb piros lapos meccs Bol\u00edvi\u00e1ban\">[&#8230;]<\/a><\/p>\n<\/div>","protected":false},"author":1,"featured_media":1686,"comment_status":"open","ping_status":"open","sticky":false,"template":"","format":"standard","meta":[],"categories":[38],"tags":[39],"yoast_head":"<!-- This site is optimized with the Yoast SEO plugin v15.5 - https:\/\/yoast.com\/wordpress\/plugins\/seo\/ -->\n<title>A m\u00e1sodik legt\u00f6bb piros lapos meccs Bol\u00edvi\u00e1ban - Latin Z\u00f3na<\/title>\n<meta name=\"description\" content=\"Nemr\u00e9g megsz\u00fcletett a valaha volt m\u00e1sodik legt\u00f6bb piros lapos meccs Bol\u00edvi\u00e1ban, ami egy t\u00f6megvereked\u00e9s miatt alakult \u00edgy.\" \/>\n<meta name=\"robots\" content=\"index, follow, max-snippet:-1, max-image-preview:large, max-video-preview:-1\" \/>\n<link rel=\"canonical\" href=\"https:\/\/latinzona.hu\/index.php\/2025\/10\/19\/a-legtobb-piros-lapos-meccs-boliviaban-valaha\/\" \/>\n<meta property=\"og:locale\" content=\"hu_HU\" \/>\n<meta property=\"og:type\" content=\"article\" \/>\n<meta property=\"og:title\" content=\"A m\u00e1sodik legt\u00f6bb piros lapos meccs Bol\u00edvi\u00e1ban - Latin Z\u00f3na\" \/>\n<meta property=\"og:description\" content=\"Nemr\u00e9g megsz\u00fcletett a valaha volt m\u00e1sodik legt\u00f6bb piros lapos meccs Bol\u00edvi\u00e1ban, ami egy t\u00f6megvereked\u00e9s miatt alakult \u00edgy.\" \/>\n<meta property=\"og:url\" content=\"https:\/\/latinzona.hu\/index.php\/2025\/10\/19\/a-legtobb-piros-lapos-meccs-boliviaban-valaha\/\" \/>\n<meta property=\"og:site_name\" content=\"Latin Z\u00f3na\" \/>\n<meta property=\"article:published_time\" content=\"2025-10-19T17:29:19+00:00\" \/>\n<meta property=\"article:modified_time\" content=\"2025-10-19T17:29:20+00:00\" \/>\n<meta property=\"og:image\" content=\"https:\/\/latinzona.hu\/wp-content\/uploads\/2025\/10\/game.png\" \/>\n\t<meta property=\"og:image:width\" content=\"1861\" \/>\n\t<meta property=\"og:image:height\" content=\"927\" \/>\n<meta name=\"twitter:card\" content=\"summary_large_image\" \/>\n<meta name=\"twitter:label1\" content=\"Becs\u00fclt olvas\u00e1si id\u0151\">\n\t<meta name=\"twitter:data1\" content=\"2 perc\">\n<script type=\"application\/ld+json\" class=\"yoast-schema-graph\">{\"@context\":\"https:\/\/schema.org\",\"@graph\":[{\"@type\":\"WebSite\",\"@id\":\"https:\/\/latinzona.hu\/#website\",\"url\":\"https:\/\/latinzona.hu\/\",\"name\":\"Latin Z\\u00f3na\",\"description\":\"Mi D\\u00e9lre is figyel\\u00fcnk...\",\"potentialAction\":[{\"@type\":\"SearchAction\",\"target\":\"https:\/\/latinzona.hu\/?s={search_term_string}\",\"query-input\":\"required name=search_term_string\"}],\"inLanguage\":\"hu\"},{\"@type\":\"ImageObject\",\"@id\":\"https:\/\/latinzona.hu\/index.php\/2025\/10\/19\/a-legtobb-piros-lapos-meccs-boliviaban-valaha\/#primaryimage\",\"inLanguage\":\"hu\",\"url\":\"https:\/\/latinzona.hu\/wp-content\/uploads\/2025\/10\/game.png\",\"width\":1861,\"height\":927},{\"@type\":\"WebPage\",\"@id\":\"https:\/\/latinzona.hu\/index.php\/2025\/10\/19\/a-legtobb-piros-lapos-meccs-boliviaban-valaha\/#webpage\",\"url\":\"https:\/\/latinzona.hu\/index.php\/2025\/10\/19\/a-legtobb-piros-lapos-meccs-boliviaban-valaha\/\",\"name\":\"A m\\u00e1sodik legt\\u00f6bb piros lapos meccs Bol\\u00edvi\\u00e1ban - Latin Z\\u00f3na\",\"isPartOf\":{\"@id\":\"https:\/\/latinzona.hu\/#website\"},\"primaryImageOfPage\":{\"@id\":\"https:\/\/latinzona.hu\/index.php\/2025\/10\/19\/a-legtobb-piros-lapos-meccs-boliviaban-valaha\/#primaryimage\"},\"datePublished\":\"2025-10-19T17:29:19+00:00\",\"dateModified\":\"2025-10-19T17:29:20+00:00\",\"author\":{\"@id\":\"https:\/\/latinzona.hu\/#\/schema\/person\/de64af94bc35db4973955a05f752bd2d\"},\"description\":\"Nemr\\u00e9g megsz\\u00fcletett a valaha volt m\\u00e1sodik legt\\u00f6bb piros lapos meccs Bol\\u00edvi\\u00e1ban, ami egy t\\u00f6megvereked\\u00e9s miatt alakult \\u00edgy.\",\"inLanguage\":\"hu\",\"potentialAction\":[{\"@type\":\"ReadAction\",\"target\":[\"https:\/\/latinzona.hu\/index.php\/2025\/10\/19\/a-legtobb-piros-lapos-meccs-boliviaban-valaha\/\"]}]},{\"@type\":\"Person\",\"@id\":\"https:\/\/latinzona.hu\/#\/schema\/person\/de64af94bc35db4973955a05f752bd2d\",\"name\":\"Chileno\",\"image\":{\"@type\":\"ImageObject\",\"@id\":\"https:\/\/latinzona.hu\/#personlogo\",\"inLanguage\":\"hu\",\"url\":\"https:\/\/secure.gravatar.com\/avatar\/9a5fe6fe999607c0ed4bfce2f8ed2600?s=96&d=mm&r=g\",\"caption\":\"Chileno\"},\"sameAs\":[\"https:\/\/latinzona.hu\"]}]}<\/script>\n<!-- \/ Yoast SEO plugin. -->","_links":{"self":[{"href":"https:\/\/latinzona.hu\/index.php\/wp-json\/wp\/v2\/posts\/1685"}],"collection":[{"href":"https:\/\/latinzona.hu\/index.php\/wp-json\/wp\/v2\/posts"}],"about":[{"href":"https:\/\/latinzona.hu\/index.php\/wp-json\/wp\/v2\/types\/post"}],"author":[{"embeddable":true,"href":"https:\/\/latinzona.hu\/index.php\/wp-json\/wp\/v2\/users\/1"}],"replies":[{"embeddable":true,"href":"https:\/\/latinzona.hu\/index.php\/wp-json\/wp\/v2\/comments?post=1685"}],"version-history":[{"count":1,"href":"https:\/\/latinzona.hu\/index.php\/wp-json\/wp\/v2\/posts\/1685\/revisions"}],"predecessor-version":[{"id":1687,"href":"https:\/\/latinzona.hu\/index.php\/wp-json\/wp\/v2\/posts\/1685\/revisions\/1687"}],"wp:featuredmedia":[{"embeddable":true,"href":"https:\/\/latinzona.hu\/index.php\/wp-json\/wp\/v2\/media\/1686"}],"wp:attachment":[{"href":"https:\/\/latinzona.hu\/index.php\/wp-json\/wp\/v2\/media?parent=1685"}],"wp:term":[{"taxonomy":"category","embeddable":true,"href":"https:\/\/latinzona.hu\/index.php\/wp-json\/wp\/v2\/categories?post=1685"},{"taxonomy":"post_tag","embeddable":true,"href":"https:\/\/latinzona.hu\/index.php\/wp-json\/wp\/v2\/tags?post=1685"}],"curies":[{"name":"wp","href":"https:\/\/api.w.org\/{rel}","templated":true}]}}