{"id":1691,"date":"2025-10-21T20:00:23","date_gmt":"2025-10-21T20:00:23","guid":{"rendered":"https:\/\/latinzona.hu\/?p=1691"},"modified":"2025-10-21T20:00:24","modified_gmt":"2025-10-21T20:00:24","slug":"ezekben-a-brazil-varosokban-van-a-legtobb-migrans","status":"publish","type":"post","link":"https:\/\/latinzona.hu\/index.php\/2025\/10\/21\/ezekben-a-brazil-varosokban-van-a-legtobb-migrans\/","title":{"rendered":"Ezekben a v\u00e1rosokban van a legt\u00f6bb migr\u00e1ns Braz\u00edli\u00e1ban"},"content":{"rendered":"\n<p>A legfrissebb, 2022-es brazil n\u00e9psz\u00e1ml\u00e1l\u00e1si adatok szerint <strong>a legnagyobb ar\u00e1nyban migr\u00e1nsokat befogad\u00f3 telep\u00fcl\u00e9sek nem a nagyv\u00e1rosok vagy \u00e1llami f\u0151v\u00e1rosok, hanem kisebb, gyakran mez\u0151gazdas\u00e1gi vagy turisztikai k\u00f6zpontk\u00e9nt m\u0171k\u00f6d\u0151 v\u00e1rosok. <\/strong>Az adatok alapj\u00e1n Itapo\u00e1 (Santa Catarina), Santa Cruz do Xingu (Mato Grosso) \u00e9s Chapad\u00e3o do C\u00e9u (Goi\u00e1s) kiemelkednek a migr\u00e1ci\u00f3s ar\u00e1ny tekintet\u00e9ben.  Megn\u00e9zz\u00fck, hol van a legt\u00f6bb migr\u00e1ns Braz\u00edli\u00e1ban.<\/p>\n\n\n\n<h2>Ez\u00e9rt \u00e9s ide j\u00f6n a legt\u00f6bb migr\u00e1ns (bels\u0151 \u00e9s k\u00fcls\u0151)<\/h2>\n\n\n\n<p>A migr\u00e1ci\u00f3s hull\u00e1m m\u00f6g\u00f6tt t\u00f6bb t\u00e9nyez\u0151 \u00e1ll. <strong>Az agr\u00e1rszektor dinamikus fejl\u0151d\u00e9se a d\u00e9li \u00e9s k\u00f6z\u00e9p-nyugati r\u00e9gi\u00f3kban nemcsak a mez\u0151gazdas\u00e1gban, hanem a k\u00f6zszolg\u00e1latban \u00e9s a kereskedelemben is munkahelyeket teremt.<\/strong> Emellett a t\u00e1vmunk\u00e1ban rejl\u0151 lehet\u0151s\u00e9gek \u00e9s a nagyv\u00e1rosokb\u00f3l val\u00f3 elv\u00e1ndorl\u00e1s \u2013 a jobb \u00e9letmin\u0151s\u00e9g rem\u00e9ny\u00e9ben \u2013 szint\u00e9n hozz\u00e1j\u00e1rulnak <a href=\"https:\/\/latinzona.hu\/index.php\/2025\/03\/13\/ot-kiemelkedoen-jo-lehetosegekkel-biro-brazil-varos\/\">a kisebb telep\u00fcl\u00e9sek n\u00e9pszer\u0171s\u00e9g\u00e9hez<\/a>. Itapo\u00e1, Santa Catarina \u00e1llam \u00e9szaki partvid\u00e9k\u00e9n, a Paran\u00e1val k\u00f6z\u00f6s hat\u00e1ron fekszik. <\/p>\n\n\n\n<p>A v\u00e1ros 30,7 ezer lakos\u00e1b\u00f3l 7,4 ezer migr\u00e1ns, azaz minden negyedik lakos m\u00e1shonnan \u00e9rkezett. A telep\u00fcl\u00e9s nemcsak turisztikai c\u00e9lpont, hanem fontos logisztikai csom\u00f3pont is, k\u00f6sz\u00f6nhet\u0151en strat\u00e9giai kik\u00f6t\u0151j\u00e9nek.Santa Cruz do Xingu, Mato Grosso \u00e9s Par\u00e1 hat\u00e1r\u00e1n, t\u00e1vol a f\u0151v\u00e1rost\u00f3l, mind\u00f6ssze 2661 lakossal rendelkezik, ebb\u0151l 590 migr\u00e1ns. A v\u00e1ros mez\u0151gazdas\u00e1gi tev\u00e9kenys\u00e9ge \u00e9s az \u0151slakos kult\u00fara jelenl\u00e9te k\u00fcl\u00f6nleges karaktert k\u00f6lcs\u00f6n\u00f6z a telep\u00fcl\u00e9snek.<\/p>\n\n\n\n<p>Chapad\u00e3o do C\u00e9u, Goi\u00e1s \u00e1llam d\u00e9li r\u00e9sz\u00e9n, a m\u00falt sz\u00e1zad m\u00e1sodik fel\u00e9ben indult migr\u00e1ci\u00f3s hull\u00e1m r\u00e9v\u00e9n fejl\u0151d\u00f6tt. Ma 12 ezer lakos\u00e1b\u00f3l k\u00f6zel 3 ezer migr\u00e1ns, \u00e9s a v\u00e1ros a gabonatermeszt\u00e9s egyik k\u00f6zpontja. A k\u00f6zelben tal\u00e1lhat\u00f3 Emas Nemzeti Park a biodiverzit\u00e1s meg\u0151rz\u00e9s\u00e9nek fontos helysz\u00edne. Balne\u00e1rio Gaivota, Santa Catarina d\u00e9li r\u00e9sz\u00e9n, a Caminho dos C\u00e2nions turisztikai r\u00e9gi\u00f3 r\u00e9sze. <\/p>\n\n\n\n<p>A v\u00e1ros 23 km-es partszakasz\u00e1val, strandjaival \u00e9s \u00f6koturisztikai lehet\u0151s\u00e9geivel vonzza a l\u00e1togat\u00f3kat \u00e9s \u00faj lak\u00f3kat. A 15 ezer f\u0151s lakoss\u00e1gb\u00f3l 3,3 ezer migr\u00e1ns, f\u0151k\u00e9nt Rio Grande do Sulb\u00f3l \u00e9s a k\u00f6rnyez\u0151 r\u00e9gi\u00f3kb\u00f3l \u00e9rkezett.<\/p>\n","protected":false},"excerpt":{"rendered":"<div class=\"mh-excerpt\"><p>A legfrissebb, 2022-es brazil n\u00e9psz\u00e1ml\u00e1l\u00e1si adatok szerint a legnagyobb ar\u00e1nyban migr\u00e1nsokat befogad\u00f3 telep\u00fcl\u00e9sek nem a nagyv\u00e1rosok vagy \u00e1llami f\u0151v\u00e1rosok, hanem kisebb, gyakran mez\u0151gazdas\u00e1gi vagy turisztikai <a class=\"mh-excerpt-more\" href=\"https:\/\/latinzona.hu\/index.php\/2025\/10\/21\/ezekben-a-brazil-varosokban-van-a-legtobb-migrans\/\" title=\"Ezekben a v\u00e1rosokban van a legt\u00f6bb migr\u00e1ns Braz\u00edli\u00e1ban\">[&#8230;]<\/a><\/p>\n<\/div>","protected":false},"author":1,"featured_media":1692,"comment_status":"open","ping_status":"open","sticky":false,"template":"","format":"standard","meta":[],"categories":[42],"tags":[43],"yoast_head":"<!-- This site is optimized with the Yoast SEO plugin v15.5 - https:\/\/yoast.com\/wordpress\/plugins\/seo\/ -->\n<title>Ezekben a v\u00e1rosokban van a legt\u00f6bb migr\u00e1ns Braz\u00edli\u00e1ban - Latin Z\u00f3na<\/title>\n<meta name=\"description\" content=\"A jobb \u00e9let \u00e9s a lehet\u0151s\u00e9gek rem\u00e9ny\u00e9ben rengeteg brazil v\u00e1ndorol orsz\u00e1gon bel\u00fcl is. Ezekben a v\u00e1rosokban van a legt\u00f6bb migr\u00e1ns.\" \/>\n<meta name=\"robots\" content=\"index, follow, max-snippet:-1, max-image-preview:large, max-video-preview:-1\" \/>\n<link rel=\"canonical\" href=\"https:\/\/latinzona.hu\/index.php\/2025\/10\/21\/ezekben-a-brazil-varosokban-van-a-legtobb-migrans\/\" \/>\n<meta property=\"og:locale\" content=\"hu_HU\" \/>\n<meta property=\"og:type\" content=\"article\" \/>\n<meta property=\"og:title\" content=\"Ezekben a v\u00e1rosokban van a legt\u00f6bb migr\u00e1ns Braz\u00edli\u00e1ban - Latin Z\u00f3na\" \/>\n<meta property=\"og:description\" content=\"A jobb \u00e9let \u00e9s a lehet\u0151s\u00e9gek rem\u00e9ny\u00e9ben rengeteg brazil v\u00e1ndorol orsz\u00e1gon bel\u00fcl is. Ezekben a v\u00e1rosokban van a legt\u00f6bb migr\u00e1ns.\" \/>\n<meta property=\"og:url\" content=\"https:\/\/latinzona.hu\/index.php\/2025\/10\/21\/ezekben-a-brazil-varosokban-van-a-legtobb-migrans\/\" \/>\n<meta property=\"og:site_name\" content=\"Latin Z\u00f3na\" \/>\n<meta property=\"article:published_time\" content=\"2025-10-21T20:00:23+00:00\" \/>\n<meta property=\"article:modified_time\" content=\"2025-10-21T20:00:24+00:00\" \/>\n<meta property=\"og:image\" content=\"https:\/\/latinzona.hu\/wp-content\/uploads\/2025\/10\/itapoa.jpg\" \/>\n\t<meta property=\"og:image:width\" content=\"800\" \/>\n\t<meta property=\"og:image:height\" content=\"533\" \/>\n<meta name=\"twitter:card\" content=\"summary_large_image\" \/>\n<meta name=\"twitter:label1\" content=\"Becs\u00fclt olvas\u00e1si id\u0151\">\n\t<meta name=\"twitter:data1\" content=\"2 perc\">\n<script type=\"application\/ld+json\" class=\"yoast-schema-graph\">{\"@context\":\"https:\/\/schema.org\",\"@graph\":[{\"@type\":\"WebSite\",\"@id\":\"https:\/\/latinzona.hu\/#website\",\"url\":\"https:\/\/latinzona.hu\/\",\"name\":\"Latin Z\\u00f3na\",\"description\":\"Mi D\\u00e9lre is figyel\\u00fcnk...\",\"potentialAction\":[{\"@type\":\"SearchAction\",\"target\":\"https:\/\/latinzona.hu\/?s={search_term_string}\",\"query-input\":\"required name=search_term_string\"}],\"inLanguage\":\"hu\"},{\"@type\":\"ImageObject\",\"@id\":\"https:\/\/latinzona.hu\/index.php\/2025\/10\/21\/ezekben-a-brazil-varosokban-van-a-legtobb-migrans\/#primaryimage\",\"inLanguage\":\"hu\",\"url\":\"https:\/\/latinzona.hu\/wp-content\/uploads\/2025\/10\/itapoa.jpg\",\"width\":800,\"height\":533},{\"@type\":\"WebPage\",\"@id\":\"https:\/\/latinzona.hu\/index.php\/2025\/10\/21\/ezekben-a-brazil-varosokban-van-a-legtobb-migrans\/#webpage\",\"url\":\"https:\/\/latinzona.hu\/index.php\/2025\/10\/21\/ezekben-a-brazil-varosokban-van-a-legtobb-migrans\/\",\"name\":\"Ezekben a v\\u00e1rosokban van a legt\\u00f6bb migr\\u00e1ns Braz\\u00edli\\u00e1ban - Latin Z\\u00f3na\",\"isPartOf\":{\"@id\":\"https:\/\/latinzona.hu\/#website\"},\"primaryImageOfPage\":{\"@id\":\"https:\/\/latinzona.hu\/index.php\/2025\/10\/21\/ezekben-a-brazil-varosokban-van-a-legtobb-migrans\/#primaryimage\"},\"datePublished\":\"2025-10-21T20:00:23+00:00\",\"dateModified\":\"2025-10-21T20:00:24+00:00\",\"author\":{\"@id\":\"https:\/\/latinzona.hu\/#\/schema\/person\/de64af94bc35db4973955a05f752bd2d\"},\"description\":\"A jobb \\u00e9let \\u00e9s a lehet\\u0151s\\u00e9gek rem\\u00e9ny\\u00e9ben rengeteg brazil v\\u00e1ndorol orsz\\u00e1gon bel\\u00fcl is. Ezekben a v\\u00e1rosokban van a legt\\u00f6bb migr\\u00e1ns.\",\"inLanguage\":\"hu\",\"potentialAction\":[{\"@type\":\"ReadAction\",\"target\":[\"https:\/\/latinzona.hu\/index.php\/2025\/10\/21\/ezekben-a-brazil-varosokban-van-a-legtobb-migrans\/\"]}]},{\"@type\":\"Person\",\"@id\":\"https:\/\/latinzona.hu\/#\/schema\/person\/de64af94bc35db4973955a05f752bd2d\",\"name\":\"Chileno\",\"image\":{\"@type\":\"ImageObject\",\"@id\":\"https:\/\/latinzona.hu\/#personlogo\",\"inLanguage\":\"hu\",\"url\":\"https:\/\/secure.gravatar.com\/avatar\/9a5fe6fe999607c0ed4bfce2f8ed2600?s=96&d=mm&r=g\",\"caption\":\"Chileno\"},\"sameAs\":[\"https:\/\/latinzona.hu\"]}]}<\/script>\n<!-- \/ Yoast SEO plugin. -->","_links":{"self":[{"href":"https:\/\/latinzona.hu\/index.php\/wp-json\/wp\/v2\/posts\/1691"}],"collection":[{"href":"https:\/\/latinzona.hu\/index.php\/wp-json\/wp\/v2\/posts"}],"about":[{"href":"https:\/\/latinzona.hu\/index.php\/wp-json\/wp\/v2\/types\/post"}],"author":[{"embeddable":true,"href":"https:\/\/latinzona.hu\/index.php\/wp-json\/wp\/v2\/users\/1"}],"replies":[{"embeddable":true,"href":"https:\/\/latinzona.hu\/index.php\/wp-json\/wp\/v2\/comments?post=1691"}],"version-history":[{"count":1,"href":"https:\/\/latinzona.hu\/index.php\/wp-json\/wp\/v2\/posts\/1691\/revisions"}],"predecessor-version":[{"id":1693,"href":"https:\/\/latinzona.hu\/index.php\/wp-json\/wp\/v2\/posts\/1691\/revisions\/1693"}],"wp:featuredmedia":[{"embeddable":true,"href":"https:\/\/latinzona.hu\/index.php\/wp-json\/wp\/v2\/media\/1692"}],"wp:attachment":[{"href":"https:\/\/latinzona.hu\/index.php\/wp-json\/wp\/v2\/media?parent=1691"}],"wp:term":[{"taxonomy":"category","embeddable":true,"href":"https:\/\/latinzona.hu\/index.php\/wp-json\/wp\/v2\/categories?post=1691"},{"taxonomy":"post_tag","embeddable":true,"href":"https:\/\/latinzona.hu\/index.php\/wp-json\/wp\/v2\/tags?post=1691"}],"curies":[{"name":"wp","href":"https:\/\/api.w.org\/{rel}","templated":true}]}}