{"id":1694,"date":"2025-10-22T20:23:18","date_gmt":"2025-10-22T20:23:18","guid":{"rendered":"https:\/\/latinzona.hu\/?p=1694"},"modified":"2025-10-22T20:23:19","modified_gmt":"2025-10-22T20:23:19","slug":"a-viragzo-sivatag-chile-es-a-vilag-egyik-legkulonlegesebb-jelensege","status":"publish","type":"post","link":"https:\/\/latinzona.hu\/index.php\/2025\/10\/22\/a-viragzo-sivatag-chile-es-a-vilag-egyik-legkulonlegesebb-jelensege\/","title":{"rendered":"A vir\u00e1gz\u00f3 sivatag &#8211; n\u00e9ha a vil\u00e1g legsz\u00e1razabb helye is vir\u00e1goss\u00e1 v\u00e1lik"},"content":{"rendered":"\n<p>A chilei <a href=\"https:\/\/latinzona.hu\/index.php\/2021\/05\/15\/cerro-medanoso-del-amerika-legmagasabb-homokduneje\/\">Atacama-sivatag<\/a> a F\u00f6ld egyik legsz\u00e1razabb vid\u00e9ke, ahol \u00e9vekig nem esik sz\u00e1mottev\u0151 csapad\u00e9k. <strong>Ennek ellen\u00e9re id\u0151nk\u00e9nt, k\u00fcl\u00f6n\u00f6sen El Ni\u00f1o \u00e9ghajlati jelens\u00e9g hat\u00e1s\u00e1ra, a t\u00e9rs\u00e9gben szokatlanul sok es\u0151 hullik. Ilyenkor t\u00f6rt\u00e9nik meg az \u00fagynevezett &#8220;Desierto Florido&#8221; <\/strong>\u2013 a vir\u00e1gz\u00f3 sivatag <a href=\"https:\/\/x.com\/BIBOCol\/status\/1981034379217707019\">jelens\u00e9ge <\/a>\u2013, amely a term\u00e9szet egyik legl\u00e1tv\u00e1nyosabb \u00e9s legmeglep\u0151bb esem\u00e9nye. <\/p>\n\n\n\n<figure class=\"wp-block-image size-large\"><img loading=\"lazy\" width=\"1024\" height=\"666\" src=\"https:\/\/latinzona.hu\/wp-content\/uploads\/2025\/10\/turismo-deporte-desierto-florido-sera-declarado-parque-nacional-durante-2023-1200x781-1-1024x666.jpg\" alt=\"\" class=\"wp-image-1697\" srcset=\"https:\/\/latinzona.hu\/wp-content\/uploads\/2025\/10\/turismo-deporte-desierto-florido-sera-declarado-parque-nacional-durante-2023-1200x781-1-1024x666.jpg 1024w, https:\/\/latinzona.hu\/wp-content\/uploads\/2025\/10\/turismo-deporte-desierto-florido-sera-declarado-parque-nacional-durante-2023-1200x781-1-300x195.jpg 300w, https:\/\/latinzona.hu\/wp-content\/uploads\/2025\/10\/turismo-deporte-desierto-florido-sera-declarado-parque-nacional-durante-2023-1200x781-1-768x500.jpg 768w, https:\/\/latinzona.hu\/wp-content\/uploads\/2025\/10\/turismo-deporte-desierto-florido-sera-declarado-parque-nacional-durante-2023-1200x781-1.jpg 1200w\" sizes=\"(max-width: 1024px) 100vw, 1024px\" \/><\/figure>\n\n\n\n<p>A vir\u00e1gz\u00e1s sor\u00e1n t\u00f6bb mint 200 \u0151shonos n\u00f6v\u00e9nyfaj kel \u00e9letre, amelyek addig magk\u00e9nt vagy hagymak\u00e9nt rejt\u0151ztek a f\u00f6ldben. A sivatag kop\u00e1r homokd\u0171n\u00e9i, lank\u00e1i \u00e9s szikl\u00e1s ter\u00fcletei hirtelen sz\u00ednes vir\u00e1gsz\u0151nyegg\u00e9 v\u00e1ltoznak. A vir\u00e1gok sz\u00edne rendk\u00edv\u00fcl v\u00e1ltozatos: r\u00f3zsasz\u00edn, lila, s\u00e1rga, feh\u00e9r \u00e9s piros \u00e1rnyalatokban pomp\u00e1znak, leny\u0171g\u00f6zve a l\u00e1togat\u00f3kat \u00e9s a kutat\u00f3kat egyar\u00e1nt. <\/p>\n\n\n\n<h2>A vir\u00e1gz\u00f3 sivatag legk\u00fcl\u00f6nlegesebb n\u00f6v\u00e9nyei \u00e9s \u00e1llatai<\/h2>\n\n\n\n<p>A legismertebb fajok k\u00f6z\u00e9 tartozik a <strong>pata de guanaco (Cistanthe grandiflora)<\/strong>, amely alkalmazkod\u00f3k\u00e9pess\u00e9ge r\u00e9v\u00e9n k\u00fcl\u00f6nleges fotoszint\u00e9zist folytat. A <strong>garra de le\u00f3n (Leontochir ovallei)<\/strong> felt\u0171n\u0151, v\u00f6r\u00f6ses vir\u00e1gaival h\u00edvja fel mag\u00e1ra a figyelmet. Az <strong>oreja de zorro (Aristolochia chilensis) <\/strong>\u00e9s a <strong>mariposa cacat\u00faa (Schizanthus candidus) <\/strong>szint\u00e9n gyakori l\u00e1tv\u00e1nyoss\u00e1gok a vir\u00e1gz\u00e1s idej\u00e9n. A jelens\u00e9g \u00e1ltal\u00e1ban szeptember \u00e9s okt\u00f3ber k\u00f6z\u00f6tt figyelhet\u0151 meg, f\u0151k\u00e9nt Coquimbo \u00e9s Atacama r\u00e9gi\u00f3kban. A vir\u00e1gz\u00e1s nemcsak \u00f6kol\u00f3giai szempontb\u00f3l jelent\u0151s, hanem turisztikai vonzer\u0151t is k\u00e9pvisel, hiszen \u00e9vente ezrek utaznak ide, hogy szemtan\u00fai legyenek ennek a ritka term\u00e9szeti csod\u00e1nak. <\/p>\n\n\n\n<figure class=\"wp-block-image size-large\"><img loading=\"lazy\" width=\"1024\" height=\"537\" src=\"https:\/\/latinzona.hu\/wp-content\/uploads\/2025\/10\/de53c2b4-desierto-florido-1024x537.jpg\" alt=\"\" class=\"wp-image-1696\" srcset=\"https:\/\/latinzona.hu\/wp-content\/uploads\/2025\/10\/de53c2b4-desierto-florido-1024x537.jpg 1024w, https:\/\/latinzona.hu\/wp-content\/uploads\/2025\/10\/de53c2b4-desierto-florido-300x157.jpg 300w, https:\/\/latinzona.hu\/wp-content\/uploads\/2025\/10\/de53c2b4-desierto-florido-768x402.jpg 768w, https:\/\/latinzona.hu\/wp-content\/uploads\/2025\/10\/de53c2b4-desierto-florido.jpg 1080w\" sizes=\"(max-width: 1024px) 100vw, 1024px\" \/><\/figure>\n\n\n\n<p>Az Atacama-sivatagban sz\u00e1mos olyan \u00e9l\u0151l\u00e9ny tal\u00e1lhat\u00f3, amelyek endemikusak, vagyis csak ezen a ter\u00fcleten fordulnak el\u0151. Ezek a fajok rendk\u00edv\u00fcl j\u00f3l alkalmazkodtak a sz\u00e9ls\u0151s\u00e9gesen sz\u00e1raz k\u00f6r\u00fclm\u00e9nyekhez, \u00e9s k\u00fcl\u00f6nleges \u00f6kol\u00f3giai szerepet t\u00f6ltenek be. A n\u00f6v\u00e9nyek mellett a Microlophus atacamensis gy\u00edkf\u00e9le is kiz\u00e1r\u00f3lag az Atacama partvid\u00e9k\u00e9n \u00e9l. Kiv\u00e1l\u00f3an alkalmazkodott a forr\u00f3, sz\u00e1raz k\u00f6rnyezethez, \u00e9s gyakran l\u00e1that\u00f3 szikl\u00e1kon napozva. <\/p>\n\n\n\n<p>De \u00e9l itt egy endemikus b\u00e9kafaj, a Rhinella atacamensis is, amely meglep\u0151 m\u00f3don k\u00e9pes t\u00fal\u00e9lni a sivatagban, f\u0151k\u00e9nt a ritka vizes \u00e9l\u0151helyeken, mint p\u00e9ld\u00e1ul o\u00e1zisokban vagy id\u0151szakos patakokban. A Cinclodes atacamensis p\u00e9ld\u00e1ul egy kis mad\u00e1rfaj, amely a part menti \u00e9s andoki vizes \u00e9l\u0151helyeken fordul el\u0151. T\u00e1pl\u00e1l\u00e9k\u00e1t rovarokb\u00f3l \u00e9s kis gerinctelenekb\u0151l szerzi.<\/p>\n","protected":false},"excerpt":{"rendered":"<div class=\"mh-excerpt\"><p>A chilei Atacama-sivatag a F\u00f6ld egyik legsz\u00e1razabb vid\u00e9ke, ahol \u00e9vekig nem esik sz\u00e1mottev\u0151 csapad\u00e9k. Ennek ellen\u00e9re id\u0151nk\u00e9nt, k\u00fcl\u00f6n\u00f6sen El Ni\u00f1o \u00e9ghajlati jelens\u00e9g hat\u00e1s\u00e1ra, a t\u00e9rs\u00e9gben <a class=\"mh-excerpt-more\" href=\"https:\/\/latinzona.hu\/index.php\/2025\/10\/22\/a-viragzo-sivatag-chile-es-a-vilag-egyik-legkulonlegesebb-jelensege\/\" title=\"A vir\u00e1gz\u00f3 sivatag &#8211; n\u00e9ha a vil\u00e1g legsz\u00e1razabb helye is vir\u00e1goss\u00e1 v\u00e1lik\">[&#8230;]<\/a><\/p>\n<\/div>","protected":false},"author":1,"featured_media":1695,"comment_status":"open","ping_status":"open","sticky":false,"template":"","format":"standard","meta":[],"categories":[27],"tags":[28],"yoast_head":"<!-- This site is optimized with the Yoast SEO plugin v15.5 - https:\/\/yoast.com\/wordpress\/plugins\/seo\/ -->\n<title>A vir\u00e1gz\u00f3 sivatag - n\u00e9ha a vil\u00e1g legsz\u00e1razabb helye is vir\u00e1goss\u00e1 v\u00e1lik - Latin Z\u00f3na<\/title>\n<meta name=\"description\" content=\"N\u00e9ha-n\u00e9ha m\u00e9g a vil\u00e1g legsz\u00e1razabb helye is vir\u00e1gba tud borulni - ismerd meg a vir\u00e1gz\u00f3 sivatag jelens\u00e9g\u00e9t Chil\u00e9ben.\" \/>\n<meta name=\"robots\" content=\"index, follow, max-snippet:-1, max-image-preview:large, max-video-preview:-1\" \/>\n<link rel=\"canonical\" href=\"https:\/\/latinzona.hu\/index.php\/2025\/10\/22\/a-viragzo-sivatag-chile-es-a-vilag-egyik-legkulonlegesebb-jelensege\/\" \/>\n<meta property=\"og:locale\" content=\"hu_HU\" \/>\n<meta property=\"og:type\" content=\"article\" \/>\n<meta property=\"og:title\" content=\"A vir\u00e1gz\u00f3 sivatag - n\u00e9ha a vil\u00e1g legsz\u00e1razabb helye is vir\u00e1goss\u00e1 v\u00e1lik - Latin Z\u00f3na\" \/>\n<meta property=\"og:description\" content=\"N\u00e9ha-n\u00e9ha m\u00e9g a vil\u00e1g legsz\u00e1razabb helye is vir\u00e1gba tud borulni - ismerd meg a vir\u00e1gz\u00f3 sivatag jelens\u00e9g\u00e9t Chil\u00e9ben.\" \/>\n<meta property=\"og:url\" content=\"https:\/\/latinzona.hu\/index.php\/2025\/10\/22\/a-viragzo-sivatag-chile-es-a-vilag-egyik-legkulonlegesebb-jelensege\/\" \/>\n<meta property=\"og:site_name\" content=\"Latin Z\u00f3na\" \/>\n<meta property=\"article:published_time\" content=\"2025-10-22T20:23:18+00:00\" \/>\n<meta property=\"article:modified_time\" content=\"2025-10-22T20:23:19+00:00\" \/>\n<meta property=\"og:image\" content=\"https:\/\/latinzona.hu\/wp-content\/uploads\/2025\/10\/viajes.jpg\" \/>\n\t<meta property=\"og:image:width\" content=\"790\" \/>\n\t<meta property=\"og:image:height\" content=\"435\" \/>\n<meta name=\"twitter:card\" content=\"summary_large_image\" \/>\n<meta name=\"twitter:label1\" content=\"Becs\u00fclt olvas\u00e1si id\u0151\">\n\t<meta name=\"twitter:data1\" content=\"2 perc\">\n<script type=\"application\/ld+json\" class=\"yoast-schema-graph\">{\"@context\":\"https:\/\/schema.org\",\"@graph\":[{\"@type\":\"WebSite\",\"@id\":\"https:\/\/latinzona.hu\/#website\",\"url\":\"https:\/\/latinzona.hu\/\",\"name\":\"Latin Z\\u00f3na\",\"description\":\"Mi D\\u00e9lre is figyel\\u00fcnk...\",\"potentialAction\":[{\"@type\":\"SearchAction\",\"target\":\"https:\/\/latinzona.hu\/?s={search_term_string}\",\"query-input\":\"required name=search_term_string\"}],\"inLanguage\":\"hu\"},{\"@type\":\"ImageObject\",\"@id\":\"https:\/\/latinzona.hu\/index.php\/2025\/10\/22\/a-viragzo-sivatag-chile-es-a-vilag-egyik-legkulonlegesebb-jelensege\/#primaryimage\",\"inLanguage\":\"hu\",\"url\":\"https:\/\/latinzona.hu\/wp-content\/uploads\/2025\/10\/viajes.jpg\",\"width\":790,\"height\":435},{\"@type\":\"WebPage\",\"@id\":\"https:\/\/latinzona.hu\/index.php\/2025\/10\/22\/a-viragzo-sivatag-chile-es-a-vilag-egyik-legkulonlegesebb-jelensege\/#webpage\",\"url\":\"https:\/\/latinzona.hu\/index.php\/2025\/10\/22\/a-viragzo-sivatag-chile-es-a-vilag-egyik-legkulonlegesebb-jelensege\/\",\"name\":\"A vir\\u00e1gz\\u00f3 sivatag - n\\u00e9ha a vil\\u00e1g legsz\\u00e1razabb helye is vir\\u00e1goss\\u00e1 v\\u00e1lik - Latin Z\\u00f3na\",\"isPartOf\":{\"@id\":\"https:\/\/latinzona.hu\/#website\"},\"primaryImageOfPage\":{\"@id\":\"https:\/\/latinzona.hu\/index.php\/2025\/10\/22\/a-viragzo-sivatag-chile-es-a-vilag-egyik-legkulonlegesebb-jelensege\/#primaryimage\"},\"datePublished\":\"2025-10-22T20:23:18+00:00\",\"dateModified\":\"2025-10-22T20:23:19+00:00\",\"author\":{\"@id\":\"https:\/\/latinzona.hu\/#\/schema\/person\/de64af94bc35db4973955a05f752bd2d\"},\"description\":\"N\\u00e9ha-n\\u00e9ha m\\u00e9g a vil\\u00e1g legsz\\u00e1razabb helye is vir\\u00e1gba tud borulni - ismerd meg a vir\\u00e1gz\\u00f3 sivatag jelens\\u00e9g\\u00e9t Chil\\u00e9ben.\",\"inLanguage\":\"hu\",\"potentialAction\":[{\"@type\":\"ReadAction\",\"target\":[\"https:\/\/latinzona.hu\/index.php\/2025\/10\/22\/a-viragzo-sivatag-chile-es-a-vilag-egyik-legkulonlegesebb-jelensege\/\"]}]},{\"@type\":\"Person\",\"@id\":\"https:\/\/latinzona.hu\/#\/schema\/person\/de64af94bc35db4973955a05f752bd2d\",\"name\":\"Chileno\",\"image\":{\"@type\":\"ImageObject\",\"@id\":\"https:\/\/latinzona.hu\/#personlogo\",\"inLanguage\":\"hu\",\"url\":\"https:\/\/secure.gravatar.com\/avatar\/9a5fe6fe999607c0ed4bfce2f8ed2600?s=96&d=mm&r=g\",\"caption\":\"Chileno\"},\"sameAs\":[\"https:\/\/latinzona.hu\"]}]}<\/script>\n<!-- \/ Yoast SEO plugin. -->","_links":{"self":[{"href":"https:\/\/latinzona.hu\/index.php\/wp-json\/wp\/v2\/posts\/1694"}],"collection":[{"href":"https:\/\/latinzona.hu\/index.php\/wp-json\/wp\/v2\/posts"}],"about":[{"href":"https:\/\/latinzona.hu\/index.php\/wp-json\/wp\/v2\/types\/post"}],"author":[{"embeddable":true,"href":"https:\/\/latinzona.hu\/index.php\/wp-json\/wp\/v2\/users\/1"}],"replies":[{"embeddable":true,"href":"https:\/\/latinzona.hu\/index.php\/wp-json\/wp\/v2\/comments?post=1694"}],"version-history":[{"count":1,"href":"https:\/\/latinzona.hu\/index.php\/wp-json\/wp\/v2\/posts\/1694\/revisions"}],"predecessor-version":[{"id":1698,"href":"https:\/\/latinzona.hu\/index.php\/wp-json\/wp\/v2\/posts\/1694\/revisions\/1698"}],"wp:featuredmedia":[{"embeddable":true,"href":"https:\/\/latinzona.hu\/index.php\/wp-json\/wp\/v2\/media\/1695"}],"wp:attachment":[{"href":"https:\/\/latinzona.hu\/index.php\/wp-json\/wp\/v2\/media?parent=1694"}],"wp:term":[{"taxonomy":"category","embeddable":true,"href":"https:\/\/latinzona.hu\/index.php\/wp-json\/wp\/v2\/categories?post=1694"},{"taxonomy":"post_tag","embeddable":true,"href":"https:\/\/latinzona.hu\/index.php\/wp-json\/wp\/v2\/tags?post=1694"}],"curies":[{"name":"wp","href":"https:\/\/api.w.org\/{rel}","templated":true}]}}