{"id":1699,"date":"2025-10-23T18:39:00","date_gmt":"2025-10-23T18:39:00","guid":{"rendered":"https:\/\/latinzona.hu\/?p=1699"},"modified":"2025-10-23T18:39:02","modified_gmt":"2025-10-23T18:39:02","slug":"nagyon-sulyos-vadak-jelentek-meg-a-hondurasi-valasztasok-elott","status":"publish","type":"post","link":"https:\/\/latinzona.hu\/index.php\/2025\/10\/23\/nagyon-sulyos-vadak-jelentek-meg-a-hondurasi-valasztasok-elott\/","title":{"rendered":"K\u00f6zelednek a hondurasi v\u00e1laszt\u00e1sok &#8211; forr a hangulat"},"content":{"rendered":"\n<p>Hondurasban politikai fesz\u00fclts\u00e9g alakult ki a 2025. november 30-\u00e1ra <a href=\"https:\/\/x.com\/teleSURtv\/status\/1981145670590615731\">tervezett \u00e1ltal\u00e1nos v\u00e1laszt\u00e1sok<\/a> el\u0151tt. <strong>Marlon Ochoa, a Nemzeti V\u00e1laszt\u00e1si Tan\u00e1cs (CNE) tagja okt\u00f3berben s\u00falyos v\u00e1dakat hozott nyilv\u00e1noss\u00e1gra. Miut\u00e1n a hondurasi \u00fcgy\u00e9szs\u00e9ghez beny\u00fajtott egy USB-t, amely 24 hangfelv\u00e9telt tartalmaz<\/strong>. \u00c1ll\u00edt\u00e1sa szerint ezek a felv\u00e9telek egy \u00f6sszeesk\u00fcv\u00e9st dokument\u00e1lnak, amelynek c\u00e9lja a v\u00e1laszt\u00e1si folyamat lej\u00e1rat\u00e1sa \u00e9s a v\u00e1laszt\u00e1sok ut\u00e1ni politikai v\u00e1ls\u00e1g el\u0151id\u00e9z\u00e9se.<\/p>\n\n\n\n<h2>Hondurasi v\u00e1laszt\u00e1sok el\u0151tt elszabadul a k\u00e1osz?<\/h2>\n\n\n\n<p>A hanganyagokban Ochoa szerint egy CNE-tag, egy hagyom\u00e1nyos p\u00e1rt frakci\u00f3vezet\u0151je, valamint a hondurasi hadsereg akt\u00edv tagjai hallhat\u00f3k. <strong>A felv\u00e9telek \u00e1ll\u00edt\u00f3lag olyan terveket t\u00e1rnak fel, amelyek a v\u00e1laszt\u00e1si eredm\u00e9nyek manipul\u00e1l\u00e1s\u00e1ra, az adat\u00e1tvitel megzavar\u00e1s\u00e1ra \u00e9s a v\u00e1laszt\u00e1si anyagok sz\u00e1ll\u00edt\u00e1s\u00e1nak ellen\u0151rz\u00e9s\u00e9re ir\u00e1nyulnak<\/strong>. Emellett sz\u00f3 esik a v\u00e1laszt\u00e1si adatk\u00f6zpontok destabiliz\u00e1l\u00e1s\u00e1r\u00f3l \u00e9s az eredm\u00e9nyek tov\u00e1bb\u00edt\u00e1s\u00e1nak akad\u00e1lyoz\u00e1s\u00e1r\u00f3l is.<\/p>\n\n\n\n<p>Ochoa a Nemzeti \u00e9s a Liber\u00e1lis P\u00e1rtot v\u00e1dolta meg az \u00f6sszeesk\u00fcv\u00e9sben val\u00f3 r\u00e9szv\u00e9tellel. Eml\u00e9keztetve a 2009-es puccsra \u00e9s a 2013-as, valamint 2017-es v\u00e1laszt\u00e1si csal\u00e1sokra. Kiemelte, hogy a v\u00e1laszt\u00e1si eredm\u00e9nyek tov\u00e1bb\u00edt\u00e1sa mag\u00e1nc\u00e9gek \u2013 p\u00e9ld\u00e1ul Tigo, Claro \u00e9s Starlink \u2013 h\u00e1l\u00f3zatain kereszt\u00fcl t\u00f6rt\u00e9nik, ami sebezhet\u0151v\u00e9 teszi a rendszert az adatmanipul\u00e1ci\u00f3val szemben.<\/p>\n\n\n\n<p>A tan\u00e1cstag felsz\u00f3l\u00edtotta a hondurasi korm\u00e1nyt, hogy tegyen hat\u00e1rozott l\u00e9p\u00e9seket a demokr\u00e1cia v\u00e9delm\u00e9ben, \u00e9s biztos\u00edtsa a szabad \u00e9s tisztess\u00e9ges v\u00e1laszt\u00e1sok lebonyol\u00edt\u00e1s\u00e1t. \u201eA demokr\u00e1cia nem alku t\u00e1rgya\u201d \u2013 hangs\u00falyozta. \u00c9s a <a href=\"https:\/\/latinzona.hu\/index.php\/2025\/10\/20\/a-legjobb-penz-2026-ban-latin-amerikaban\/\">gazdas\u00e1gi probl\u00e9m\u00e1kkal k\u00fczd\u0151<\/a> hondurasi n\u00e9pet is arra buzd\u00edtotta, hogy \u00e1lljanak ki a demokratikus \u00e9rt\u00e9kek mellett.<\/p>\n\n\n\n<p><strong>A 2025-\u00f6s hondurasi v\u00e1laszt\u00e1sok f\u0151 politikai szerepl\u0151i k\u00f6z\u00f6tt h\u00e1rom jel\u00f6lt emelkedik ki<\/strong>. A jelenlegi korm\u00e1nyp\u00e1rt, a LIBRE (Libertad y Refundaci\u00f3n) sz\u00edneiben Rixi Moncada indul, aki Xiomara Castro eln\u00f6k t\u00e1mogat\u00e1s\u00e1t \u00e9lvezi. Moncada kor\u00e1bban a v\u00e1laszt\u00e1si tan\u00e1cs tagjak\u00e9nt tev\u00e9kenykedett, \u00e9s progressz\u00edv politikai ir\u00e1nyvonalat k\u00e9pvisel. A konzervat\u00edv Nemzeti P\u00e1rt jel\u00f6ltje Nasry Asfura, aki kor\u00e1bban Tegucigalpa polg\u00e1rmestere volt, \u00e9s m\u00e1r kor\u00e1bban is indult az eln\u00f6ki poszt\u00e9rt. A harmadik jelent\u0151s szerepl\u0151 Salvador Nasralla, ismert telev\u00edzi\u00f3s szem\u00e9lyis\u00e9g, aki ez\u00fattal a Liber\u00e1lis P\u00e1rt t\u00e1mogat\u00e1s\u00e1val indul, miut\u00e1n kor\u00e1bban f\u00fcggetlenk\u00e9nt \u00e9s m\u00e1s p\u00e1rtokkal is pr\u00f3b\u00e1lkozott.<\/p>\n\n\n\n<p>A v\u00e1laszt\u00e1sok november 30-\u00e1n esed\u00e9kesek, \u00e9s nemcsak az eln\u00f6k szem\u00e9ly\u00e9r\u0151l d\u00f6ntenek, hanem a Nemzeti Kongresszus k\u00e9pvisel\u0151ir\u0151l, a polg\u00e1rmesterekr\u0151l \u00e9s a K\u00f6z\u00e9p-Amerikai Parlamentbe deleg\u00e1lt tagokr\u00f3l is.<\/p>\n","protected":false},"excerpt":{"rendered":"<div class=\"mh-excerpt\"><p>Hondurasban politikai fesz\u00fclts\u00e9g alakult ki a 2025. november 30-\u00e1ra tervezett \u00e1ltal\u00e1nos v\u00e1laszt\u00e1sok el\u0151tt. Marlon Ochoa, a Nemzeti V\u00e1laszt\u00e1si Tan\u00e1cs (CNE) tagja okt\u00f3berben s\u00falyos v\u00e1dakat hozott <a class=\"mh-excerpt-more\" href=\"https:\/\/latinzona.hu\/index.php\/2025\/10\/23\/nagyon-sulyos-vadak-jelentek-meg-a-hondurasi-valasztasok-elott\/\" title=\"K\u00f6zelednek a hondurasi v\u00e1laszt\u00e1sok &#8211; forr a hangulat\">[&#8230;]<\/a><\/p>\n<\/div>","protected":false},"author":1,"featured_media":1700,"comment_status":"open","ping_status":"open","sticky":false,"template":"","format":"standard","meta":[],"categories":[125],"tags":[303],"yoast_head":"<!-- This site is optimized with the Yoast SEO plugin v15.5 - https:\/\/yoast.com\/wordpress\/plugins\/seo\/ -->\n<title>K\u00f6zelednek a hondurasi v\u00e1laszt\u00e1sok - forr a hangulat - Latin Z\u00f3na<\/title>\n<meta name=\"description\" content=\"A hondurasi v\u00e1laszt\u00e1sok tisztas\u00e1g\u00e1val kapcsolatban komoly k\u00e9rd\u00e9sek mer\u00fcltek fel n\u00e9h\u00e1ny hangfelv\u00e9tel megjelen\u00e9se ut\u00e1n.\" \/>\n<meta name=\"robots\" content=\"index, follow, max-snippet:-1, max-image-preview:large, max-video-preview:-1\" \/>\n<link rel=\"canonical\" href=\"https:\/\/latinzona.hu\/index.php\/2025\/10\/23\/nagyon-sulyos-vadak-jelentek-meg-a-hondurasi-valasztasok-elott\/\" \/>\n<meta property=\"og:locale\" content=\"hu_HU\" \/>\n<meta property=\"og:type\" content=\"article\" \/>\n<meta property=\"og:title\" content=\"K\u00f6zelednek a hondurasi v\u00e1laszt\u00e1sok - forr a hangulat - Latin Z\u00f3na\" \/>\n<meta property=\"og:description\" content=\"A hondurasi v\u00e1laszt\u00e1sok tisztas\u00e1g\u00e1val kapcsolatban komoly k\u00e9rd\u00e9sek mer\u00fcltek fel n\u00e9h\u00e1ny hangfelv\u00e9tel megjelen\u00e9se ut\u00e1n.\" \/>\n<meta property=\"og:url\" content=\"https:\/\/latinzona.hu\/index.php\/2025\/10\/23\/nagyon-sulyos-vadak-jelentek-meg-a-hondurasi-valasztasok-elott\/\" \/>\n<meta property=\"og:site_name\" content=\"Latin Z\u00f3na\" \/>\n<meta property=\"article:published_time\" content=\"2025-10-23T18:39:00+00:00\" \/>\n<meta property=\"article:modified_time\" content=\"2025-10-23T18:39:02+00:00\" \/>\n<meta property=\"og:image\" content=\"https:\/\/latinzona.hu\/wp-content\/uploads\/2025\/10\/pruebas.png\" \/>\n\t<meta property=\"og:image:width\" content=\"1860\" \/>\n\t<meta property=\"og:image:height\" content=\"917\" \/>\n<meta name=\"twitter:card\" content=\"summary_large_image\" \/>\n<meta name=\"twitter:label1\" content=\"Becs\u00fclt olvas\u00e1si id\u0151\">\n\t<meta name=\"twitter:data1\" content=\"2 perc\">\n<script type=\"application\/ld+json\" class=\"yoast-schema-graph\">{\"@context\":\"https:\/\/schema.org\",\"@graph\":[{\"@type\":\"WebSite\",\"@id\":\"https:\/\/latinzona.hu\/#website\",\"url\":\"https:\/\/latinzona.hu\/\",\"name\":\"Latin Z\\u00f3na\",\"description\":\"Mi D\\u00e9lre is figyel\\u00fcnk...\",\"potentialAction\":[{\"@type\":\"SearchAction\",\"target\":\"https:\/\/latinzona.hu\/?s={search_term_string}\",\"query-input\":\"required name=search_term_string\"}],\"inLanguage\":\"hu\"},{\"@type\":\"ImageObject\",\"@id\":\"https:\/\/latinzona.hu\/index.php\/2025\/10\/23\/nagyon-sulyos-vadak-jelentek-meg-a-hondurasi-valasztasok-elott\/#primaryimage\",\"inLanguage\":\"hu\",\"url\":\"https:\/\/latinzona.hu\/wp-content\/uploads\/2025\/10\/pruebas.png\",\"width\":1860,\"height\":917},{\"@type\":\"WebPage\",\"@id\":\"https:\/\/latinzona.hu\/index.php\/2025\/10\/23\/nagyon-sulyos-vadak-jelentek-meg-a-hondurasi-valasztasok-elott\/#webpage\",\"url\":\"https:\/\/latinzona.hu\/index.php\/2025\/10\/23\/nagyon-sulyos-vadak-jelentek-meg-a-hondurasi-valasztasok-elott\/\",\"name\":\"K\\u00f6zelednek a hondurasi v\\u00e1laszt\\u00e1sok - forr a hangulat - Latin Z\\u00f3na\",\"isPartOf\":{\"@id\":\"https:\/\/latinzona.hu\/#website\"},\"primaryImageOfPage\":{\"@id\":\"https:\/\/latinzona.hu\/index.php\/2025\/10\/23\/nagyon-sulyos-vadak-jelentek-meg-a-hondurasi-valasztasok-elott\/#primaryimage\"},\"datePublished\":\"2025-10-23T18:39:00+00:00\",\"dateModified\":\"2025-10-23T18:39:02+00:00\",\"author\":{\"@id\":\"https:\/\/latinzona.hu\/#\/schema\/person\/de64af94bc35db4973955a05f752bd2d\"},\"description\":\"A hondurasi v\\u00e1laszt\\u00e1sok tisztas\\u00e1g\\u00e1val kapcsolatban komoly k\\u00e9rd\\u00e9sek mer\\u00fcltek fel n\\u00e9h\\u00e1ny hangfelv\\u00e9tel megjelen\\u00e9se ut\\u00e1n.\",\"inLanguage\":\"hu\",\"potentialAction\":[{\"@type\":\"ReadAction\",\"target\":[\"https:\/\/latinzona.hu\/index.php\/2025\/10\/23\/nagyon-sulyos-vadak-jelentek-meg-a-hondurasi-valasztasok-elott\/\"]}]},{\"@type\":\"Person\",\"@id\":\"https:\/\/latinzona.hu\/#\/schema\/person\/de64af94bc35db4973955a05f752bd2d\",\"name\":\"Chileno\",\"image\":{\"@type\":\"ImageObject\",\"@id\":\"https:\/\/latinzona.hu\/#personlogo\",\"inLanguage\":\"hu\",\"url\":\"https:\/\/secure.gravatar.com\/avatar\/9a5fe6fe999607c0ed4bfce2f8ed2600?s=96&d=mm&r=g\",\"caption\":\"Chileno\"},\"sameAs\":[\"https:\/\/latinzona.hu\"]}]}<\/script>\n<!-- \/ Yoast SEO plugin. -->","_links":{"self":[{"href":"https:\/\/latinzona.hu\/index.php\/wp-json\/wp\/v2\/posts\/1699"}],"collection":[{"href":"https:\/\/latinzona.hu\/index.php\/wp-json\/wp\/v2\/posts"}],"about":[{"href":"https:\/\/latinzona.hu\/index.php\/wp-json\/wp\/v2\/types\/post"}],"author":[{"embeddable":true,"href":"https:\/\/latinzona.hu\/index.php\/wp-json\/wp\/v2\/users\/1"}],"replies":[{"embeddable":true,"href":"https:\/\/latinzona.hu\/index.php\/wp-json\/wp\/v2\/comments?post=1699"}],"version-history":[{"count":1,"href":"https:\/\/latinzona.hu\/index.php\/wp-json\/wp\/v2\/posts\/1699\/revisions"}],"predecessor-version":[{"id":1701,"href":"https:\/\/latinzona.hu\/index.php\/wp-json\/wp\/v2\/posts\/1699\/revisions\/1701"}],"wp:featuredmedia":[{"embeddable":true,"href":"https:\/\/latinzona.hu\/index.php\/wp-json\/wp\/v2\/media\/1700"}],"wp:attachment":[{"href":"https:\/\/latinzona.hu\/index.php\/wp-json\/wp\/v2\/media?parent=1699"}],"wp:term":[{"taxonomy":"category","embeddable":true,"href":"https:\/\/latinzona.hu\/index.php\/wp-json\/wp\/v2\/categories?post=1699"},{"taxonomy":"post_tag","embeddable":true,"href":"https:\/\/latinzona.hu\/index.php\/wp-json\/wp\/v2\/tags?post=1699"}],"curies":[{"name":"wp","href":"https:\/\/api.w.org\/{rel}","templated":true}]}}