{"id":1732,"date":"2025-12-03T19:08:11","date_gmt":"2025-12-03T19:08:11","guid":{"rendered":"https:\/\/latinzona.hu\/?p=1732"},"modified":"2025-12-03T19:08:13","modified_gmt":"2025-12-03T19:08:13","slug":"a-korabbi-bajnok-deportivo-pereira-eltunhet-a-sullyesztoben","status":"publish","type":"post","link":"https:\/\/latinzona.hu\/index.php\/2025\/12\/03\/a-korabbi-bajnok-deportivo-pereira-eltunhet-a-sullyesztoben\/","title":{"rendered":"N\u00e9h\u00e1ny \u00e9ve m\u00e9g bajnok volt, most s\u00fcllyeszt\u0151ben: Deportivo Pereira"},"content":{"rendered":"\n<p>A Deportivo Pereira kolumbiai futballklub s\u00falyos kr\u00edzisbe ker\u00fclt, miut\u00e1n a Sportminiszt\u00e9rium <a href=\"https:\/\/x.com\/PSierraR\/status\/1996010711017758929\">hivatalosan felf\u00fcggesztett<\/a>e az enged\u00e9ly\u00e9t. <strong>A d\u00f6nt\u00e9s h\u00e1tter\u00e9ben az \u00e1ll, hogy a klub hossz\u00fa ideje nem teljes\u00edtette szerz\u0151d\u00e9ses k\u00f6telezetts\u00e9geit j\u00e1t\u00e9kosok, edz\u0151k \u00e9s adminisztrat\u00edv dolgoz\u00f3k fel\u00e9. <\/strong>A fizet\u00e9sek elmarad\u00e1sa m\u00e1r a Liga BetPlay id\u00e9ny\u00e9nek v\u00e9g\u00e9re is negat\u00edv hat\u00e1ssal volt, most pedig az int\u00e9zked\u00e9s a klub m\u0171k\u00f6d\u00e9s\u00e9t alapjaiban fenyegeti. <\/p>\n\n\n\n<h2>Ez a Deportivo Pereira t\u00f6rt\u00e9net\u00e9nek v\u00e9ge?<\/h2>\n\n\n\n<p>A felf\u00fcggeszt\u00e9s rendk\u00edv\u00fcl s\u00falyos l\u00e9p\u00e9s, amelyet a hat\u00f3s\u00e1gok csak ism\u00e9telt szab\u00e1lyszeg\u00e9sek ut\u00e1n alkalmaznak. <strong>A helyzet eml\u00e9keztet a C\u00facuta Deportivo eset\u00e9re, amely 2020-ban hasonl\u00f3 folyamat k\u00f6vetkezt\u00e9ben elvesz\u00edtette profi st\u00e1tusz\u00e1t \u00e9s a m\u00e1sodoszt\u00e1lyb\u00f3l kellett \u00fajrakezdenie<\/strong>. A Pereira sz\u00e1m\u00e1ra most t\u00edz nap \u00e1ll rendelkez\u00e9sre, hogy rendezze tartoz\u00e1sait \u00e9s teljes\u00edtse k\u00f6telezetts\u00e9geit. Ha ez nem t\u00f6rt\u00e9nik meg, a miniszt\u00e9rium v\u00e9glegesen visszavonja az enged\u00e9lyt. A Dimayor pedig t\u00f6rli a klub profi licenc\u00e9t, ami a versenysorozatokb\u00f3l val\u00f3 kiz\u00e1r\u00e1st \u00e9s a teljes \u00fajrakezd\u00e9st jelenten\u00e9. <\/p>\n\n\n\n<figure class=\"wp-block-image size-large\"><img loading=\"lazy\" width=\"582\" height=\"560\" src=\"https:\/\/latinzona.hu\/wp-content\/uploads\/2025\/12\/situacion.png\" alt=\"\" class=\"wp-image-1733\" srcset=\"https:\/\/latinzona.hu\/wp-content\/uploads\/2025\/12\/situacion.png 582w, https:\/\/latinzona.hu\/wp-content\/uploads\/2025\/12\/situacion-300x289.png 300w\" sizes=\"(max-width: 582px) 100vw, 582px\" \/><\/figure>\n\n\n\n<p>A klub vezet\u00e9se a k\u00f6vetkez\u0151 napokban \u00faj befektet\u0151k bemutat\u00e1s\u00e1t tervezi, ami kulcsfontoss\u00e1g\u00fa l\u00e9p\u00e9s lehet a p\u00e9nz\u00fcgyi stabilit\u00e1s vissza\u00e1ll\u00edt\u00e1s\u00e1ban. A c\u00e9l az, hogy elker\u00fclj\u00e9k a v\u00e9gleges szankci\u00f3t, \u00e9s meg\u0151rizz\u00e9k a csapat hely\u00e9t a kolumbiai \u00e9lvonalban. <strong>A szurkol\u00f3k \u00e9s a sportk\u00f6z\u00f6ss\u00e9g k\u00f6r\u00e9ben azonban komoly aggodalom uralkodik, hiszen a Pereira t\u00f6rt\u00e9net\u00e9nek egyik legnehezebb id\u0151szak\u00e1t \u00e9li. <\/strong>A Deportivo Pereira legnagyobb sikere az, hogy 2022-ben megnyerte a kolumbiai <a href=\"https:\/\/latinzona.hu\/index.php\/2025\/01\/27\/jatekra-alkalmatlan-palya-a-kolumbiai-elsoosztalyban\/\">\u00e9lvonalbeli bajnoks\u00e1got<\/a> (Liga BetPlay), t\u00f6rt\u00e9nete els\u0151 bajnoki c\u00edm\u00e9t. A klub Pereira v\u00e1ros\u00e1ban (Risaralda tartom\u00e1ny, Kolumbia) sz\u00e9kel, hazai p\u00e1ly\u00e1ja a 30\u202f297 f\u00e9r\u0151helyes Estadio Hern\u00e1n Ram\u00edrez Villegas, \u00e9s szurkol\u00f3t\u00e1bora a r\u00e9gi\u00f3 egyik leglelkesebb k\u00f6z\u00f6ss\u00e9ge.<\/p>\n","protected":false},"excerpt":{"rendered":"<div class=\"mh-excerpt\"><p>A Deportivo Pereira kolumbiai futballklub s\u00falyos kr\u00edzisbe ker\u00fclt, miut\u00e1n a Sportminiszt\u00e9rium hivatalosan felf\u00fcggesztette az enged\u00e9ly\u00e9t. A d\u00f6nt\u00e9s h\u00e1tter\u00e9ben az \u00e1ll, hogy a klub hossz\u00fa ideje <a class=\"mh-excerpt-more\" href=\"https:\/\/latinzona.hu\/index.php\/2025\/12\/03\/a-korabbi-bajnok-deportivo-pereira-eltunhet-a-sullyesztoben\/\" title=\"N\u00e9h\u00e1ny \u00e9ve m\u00e9g bajnok volt, most s\u00fcllyeszt\u0151ben: Deportivo Pereira\">[&#8230;]<\/a><\/p>\n<\/div>","protected":false},"author":1,"featured_media":1734,"comment_status":"open","ping_status":"open","sticky":false,"template":"","format":"standard","meta":[],"categories":[31],"tags":[32],"yoast_head":"<!-- This site is optimized with the Yoast SEO plugin v15.5 - https:\/\/yoast.com\/wordpress\/plugins\/seo\/ -->\n<title>N\u00e9h\u00e1ny \u00e9ve m\u00e9g bajnok volt, most s\u00fcllyeszt\u0151ben: Deportivo Pereira - Latin Z\u00f3na<\/title>\n<meta name=\"description\" content=\"Felf\u00fcggesztett\u00e9k a Deportivo Pereira enged\u00e9ly\u00e9t a kolumbiai labdar\u00fag\u00f3-bajnoks\u00e1gban, alig n\u00e9h\u00e1ny \u00e9vvel azut\u00e1n, hogy bajnok lett a csapat.\" \/>\n<meta name=\"robots\" content=\"index, follow, max-snippet:-1, max-image-preview:large, max-video-preview:-1\" \/>\n<link rel=\"canonical\" href=\"https:\/\/latinzona.hu\/index.php\/2025\/12\/03\/a-korabbi-bajnok-deportivo-pereira-eltunhet-a-sullyesztoben\/\" \/>\n<meta property=\"og:locale\" content=\"hu_HU\" \/>\n<meta property=\"og:type\" content=\"article\" \/>\n<meta property=\"og:title\" content=\"N\u00e9h\u00e1ny \u00e9ve m\u00e9g bajnok volt, most s\u00fcllyeszt\u0151ben: Deportivo Pereira - Latin Z\u00f3na\" \/>\n<meta property=\"og:description\" content=\"Felf\u00fcggesztett\u00e9k a Deportivo Pereira enged\u00e9ly\u00e9t a kolumbiai labdar\u00fag\u00f3-bajnoks\u00e1gban, alig n\u00e9h\u00e1ny \u00e9vvel azut\u00e1n, hogy bajnok lett a csapat.\" \/>\n<meta property=\"og:url\" content=\"https:\/\/latinzona.hu\/index.php\/2025\/12\/03\/a-korabbi-bajnok-deportivo-pereira-eltunhet-a-sullyesztoben\/\" \/>\n<meta property=\"og:site_name\" content=\"Latin Z\u00f3na\" \/>\n<meta property=\"article:published_time\" content=\"2025-12-03T19:08:11+00:00\" \/>\n<meta property=\"article:modified_time\" content=\"2025-12-03T19:08:13+00:00\" \/>\n<meta property=\"og:image\" content=\"https:\/\/latinzona.hu\/wp-content\/uploads\/2025\/12\/crisis.jpg\" \/>\n\t<meta property=\"og:image:width\" content=\"1200\" \/>\n\t<meta property=\"og:image:height\" content=\"700\" \/>\n<meta name=\"twitter:card\" content=\"summary_large_image\" \/>\n<meta name=\"twitter:label1\" content=\"Becs\u00fclt olvas\u00e1si id\u0151\">\n\t<meta name=\"twitter:data1\" content=\"1 perc\">\n<script type=\"application\/ld+json\" class=\"yoast-schema-graph\">{\"@context\":\"https:\/\/schema.org\",\"@graph\":[{\"@type\":\"WebSite\",\"@id\":\"https:\/\/latinzona.hu\/#website\",\"url\":\"https:\/\/latinzona.hu\/\",\"name\":\"Latin Z\\u00f3na\",\"description\":\"Mi D\\u00e9lre is figyel\\u00fcnk...\",\"potentialAction\":[{\"@type\":\"SearchAction\",\"target\":\"https:\/\/latinzona.hu\/?s={search_term_string}\",\"query-input\":\"required name=search_term_string\"}],\"inLanguage\":\"hu\"},{\"@type\":\"ImageObject\",\"@id\":\"https:\/\/latinzona.hu\/index.php\/2025\/12\/03\/a-korabbi-bajnok-deportivo-pereira-eltunhet-a-sullyesztoben\/#primaryimage\",\"inLanguage\":\"hu\",\"url\":\"https:\/\/latinzona.hu\/wp-content\/uploads\/2025\/12\/crisis.jpg\",\"width\":1200,\"height\":700},{\"@type\":\"WebPage\",\"@id\":\"https:\/\/latinzona.hu\/index.php\/2025\/12\/03\/a-korabbi-bajnok-deportivo-pereira-eltunhet-a-sullyesztoben\/#webpage\",\"url\":\"https:\/\/latinzona.hu\/index.php\/2025\/12\/03\/a-korabbi-bajnok-deportivo-pereira-eltunhet-a-sullyesztoben\/\",\"name\":\"N\\u00e9h\\u00e1ny \\u00e9ve m\\u00e9g bajnok volt, most s\\u00fcllyeszt\\u0151ben: Deportivo Pereira - Latin Z\\u00f3na\",\"isPartOf\":{\"@id\":\"https:\/\/latinzona.hu\/#website\"},\"primaryImageOfPage\":{\"@id\":\"https:\/\/latinzona.hu\/index.php\/2025\/12\/03\/a-korabbi-bajnok-deportivo-pereira-eltunhet-a-sullyesztoben\/#primaryimage\"},\"datePublished\":\"2025-12-03T19:08:11+00:00\",\"dateModified\":\"2025-12-03T19:08:13+00:00\",\"author\":{\"@id\":\"https:\/\/latinzona.hu\/#\/schema\/person\/de64af94bc35db4973955a05f752bd2d\"},\"description\":\"Felf\\u00fcggesztett\\u00e9k a Deportivo Pereira enged\\u00e9ly\\u00e9t a kolumbiai labdar\\u00fag\\u00f3-bajnoks\\u00e1gban, alig n\\u00e9h\\u00e1ny \\u00e9vvel azut\\u00e1n, hogy bajnok lett a csapat.\",\"inLanguage\":\"hu\",\"potentialAction\":[{\"@type\":\"ReadAction\",\"target\":[\"https:\/\/latinzona.hu\/index.php\/2025\/12\/03\/a-korabbi-bajnok-deportivo-pereira-eltunhet-a-sullyesztoben\/\"]}]},{\"@type\":\"Person\",\"@id\":\"https:\/\/latinzona.hu\/#\/schema\/person\/de64af94bc35db4973955a05f752bd2d\",\"name\":\"Chileno\",\"image\":{\"@type\":\"ImageObject\",\"@id\":\"https:\/\/latinzona.hu\/#personlogo\",\"inLanguage\":\"hu\",\"url\":\"https:\/\/secure.gravatar.com\/avatar\/9a5fe6fe999607c0ed4bfce2f8ed2600?s=96&d=mm&r=g\",\"caption\":\"Chileno\"},\"sameAs\":[\"https:\/\/latinzona.hu\"]}]}<\/script>\n<!-- \/ Yoast SEO plugin. -->","_links":{"self":[{"href":"https:\/\/latinzona.hu\/index.php\/wp-json\/wp\/v2\/posts\/1732"}],"collection":[{"href":"https:\/\/latinzona.hu\/index.php\/wp-json\/wp\/v2\/posts"}],"about":[{"href":"https:\/\/latinzona.hu\/index.php\/wp-json\/wp\/v2\/types\/post"}],"author":[{"embeddable":true,"href":"https:\/\/latinzona.hu\/index.php\/wp-json\/wp\/v2\/users\/1"}],"replies":[{"embeddable":true,"href":"https:\/\/latinzona.hu\/index.php\/wp-json\/wp\/v2\/comments?post=1732"}],"version-history":[{"count":1,"href":"https:\/\/latinzona.hu\/index.php\/wp-json\/wp\/v2\/posts\/1732\/revisions"}],"predecessor-version":[{"id":1735,"href":"https:\/\/latinzona.hu\/index.php\/wp-json\/wp\/v2\/posts\/1732\/revisions\/1735"}],"wp:featuredmedia":[{"embeddable":true,"href":"https:\/\/latinzona.hu\/index.php\/wp-json\/wp\/v2\/media\/1734"}],"wp:attachment":[{"href":"https:\/\/latinzona.hu\/index.php\/wp-json\/wp\/v2\/media?parent=1732"}],"wp:term":[{"taxonomy":"category","embeddable":true,"href":"https:\/\/latinzona.hu\/index.php\/wp-json\/wp\/v2\/categories?post=1732"},{"taxonomy":"post_tag","embeddable":true,"href":"https:\/\/latinzona.hu\/index.php\/wp-json\/wp\/v2\/tags?post=1732"}],"curies":[{"name":"wp","href":"https:\/\/api.w.org\/{rel}","templated":true}]}}