{"id":1737,"date":"2025-12-04T19:35:46","date_gmt":"2025-12-04T19:35:46","guid":{"rendered":"https:\/\/latinzona.hu\/?p=1737"},"modified":"2025-12-04T19:35:48","modified_gmt":"2025-12-04T19:35:48","slug":"a-perui-lime-termeles-kifejezetten-komoly-rekordot-ert-el-iden","status":"publish","type":"post","link":"https:\/\/latinzona.hu\/index.php\/2025\/12\/04\/a-perui-lime-termeles-kifejezetten-komoly-rekordot-ert-el-iden\/","title":{"rendered":"Lime termel\u00e9s: Peru rekorderedm\u00e9nyt \u00e9rt el"},"content":{"rendered":"\n<p>A perui lime termel\u00e9s 2025-ben <a href=\"https:\/\/agraria.pe\/noticias\/peru-exporto-40-378-toneladas-de-limon-fresco-por-us-36-mill-41257\">rekordk\u00f6zeli szintet \u00e9rt el<\/a>: <strong>janu\u00e1r \u00e9s okt\u00f3ber k\u00f6z\u00f6tt 40378 tonna friss lime (sutil \u00e9s tahit\u00ed) ker\u00fclt a nemzetk\u00f6zi piacokra.<\/strong> Ez alig marad el a 2024-es teljes \u00e9ves cs\u00facst\u00f3l (41602 tonna). Az export\u00e9rt\u00e9k eddig 36 milli\u00f3 USD, szemben a tavalyi 41 milli\u00f3 USD-vel.<\/p>\n\n\n\n<h2>Peru helyzete<\/h2>\n\n\n\n<p>A perui lime termel\u00e9s d\u00f6nt\u0151en Piura r\u00e9gi\u00f3ban koncentr\u00e1l\u00f3dik, amely az orsz\u00e1g termel\u00e9s\u00e9nek t\u00f6bb mint 80%-\u00e1t adja. Lambayeque 16,2%-kal k\u00f6veti, m\u00edg Ica \u00e9s m\u00e1s kisebb r\u00e9gi\u00f3k margin\u00e1lis r\u00e9szesed\u00e9ssel b\u00edrnak. <strong>Az exportpiacok k\u00f6z\u00fcl az Egyes\u00fclt \u00c1llamok a legnagyobb felvev\u0151 (38,6%), majd Chile (25,7%), m\u00edg Panama, Hollandia \u00e9s a Dominikai K\u00f6zt\u00e1rsas\u00e1g kisebb, de stabil r\u00e9szesed\u00e9st k\u00e9pviselnek. <\/strong>A vezet\u0151 exportc\u00e9gek k\u00f6z\u00f6tt a Rapel, Prolan \u00e9s Agroexportadora Sol de Olmos emelkednek ki.<\/p>\n\n\n\n<h2>Glob\u00e1lis termel\u00e9s<\/h2>\n\n\n\n<p>Vil\u00e1gszinten a limetermel\u00e9s 2024\/25-ben mintegy 10,2 milli\u00f3 tonn\u00e1ra tehet\u0151. <strong>A legnagyobb termel\u0151 orsz\u00e1g Mexik\u00f3, amely a glob\u00e1lis mennyis\u00e9g 34%-\u00e1t adja, k\u00f6zel 3,5 milli\u00f3 tonn\u00e1val. \u0150t k\u00f6veti T\u00f6r\u00f6korsz\u00e1g (16%), az Eur\u00f3pai Uni\u00f3 \u2013 f\u0151k\u00e9nt Spanyolorsz\u00e1g \u00e9s Olaszorsz\u00e1g \u2013 15%-kal, valamint Argent\u00edna 14%-kal. <\/strong>Az Egyes\u00fclt \u00c1llamok (10%) \u00e9s D\u00e9l-Afrika (8%) szint\u00e9n meghat\u00e1roz\u00f3 szerepl\u0151k.<\/p>\n\n\n\n<h2>Kereslet \u00e9s piacok<\/h2>\n\n\n\n<p>A legnagyobb kereslet az Egyes\u00fclt \u00c1llamokban \u00e9s Eur\u00f3p\u00e1ban mutatkozik, ahol a lime nemcsak friss fogyaszt\u00e1sra, hanem a feldolgoz\u00f3iparban (italok, \u00e9lelmiszeripari adal\u00e9kok, kozmetikumok) is kulcsfontoss\u00e1g\u00fa. <strong>Az USA a vil\u00e1g egyik legnagyobb import\u0151re, m\u00edg Eur\u00f3p\u00e1ban Spanyolorsz\u00e1g \u00e9s Olaszorsz\u00e1g ink\u00e1bb termel\u0151k, de a feldolgozott limel\u00e9 \u00e9s ipari term\u00e9kek ir\u00e1nti kereslet folyamatosan n\u0151.<\/strong> Argent\u00edna p\u00e9ld\u00e1ul a vil\u00e1g vezet\u0151 export\u0151re az ipari limesz\u00e1rmaz\u00e9kok ter\u00e9n.<\/p>\n\n\n\n<h2>\u00d6sszegz\u00e9s<\/h2>\n\n\n\n<p>Peru teh\u00e1t a glob\u00e1lis lime piacon felt\u00f6rekv\u0151 export\u0151r, amely f\u0151k\u00e9nt az amerikai \u00e9s d\u00e9l-amerikai piacokra t\u00e1maszkodik. <strong>A vil\u00e1g vezet\u0151 termel\u0151je Mexik\u00f3, m\u00edg a legnagyobb kereslet az USA-ban \u00e9s Eur\u00f3p\u00e1ban \u00f6sszpontosul. <\/strong>A perui limeexport n\u00f6veked\u00e9se j\u00f3l illeszkedik a glob\u00e1lis trendekhez, ahol a citrusf\u00e9l\u00e9k<a href=\"https:\/\/latinzona.hu\/index.php\/2024\/11\/19\/van-egy-perui-gyumolcs-ami-par-ev-alatt-letarolta-a-vilagpiacokat\/\"> ir\u00e1nti kereslet<\/a> stabilan emelkedik, k\u00fcl\u00f6n\u00f6sen a feldolgozott term\u00e9kek piac\u00e1n.<\/p>\n","protected":false},"excerpt":{"rendered":"<div class=\"mh-excerpt\"><p>A perui lime termel\u00e9s 2025-ben rekordk\u00f6zeli szintet \u00e9rt el: janu\u00e1r \u00e9s okt\u00f3ber k\u00f6z\u00f6tt 40378 tonna friss lime (sutil \u00e9s tahit\u00ed) ker\u00fclt a nemzetk\u00f6zi piacokra. Ez <a class=\"mh-excerpt-more\" href=\"https:\/\/latinzona.hu\/index.php\/2025\/12\/04\/a-perui-lime-termeles-kifejezetten-komoly-rekordot-ert-el-iden\/\" title=\"Lime termel\u00e9s: Peru rekorderedm\u00e9nyt \u00e9rt el\">[&#8230;]<\/a><\/p>\n<\/div>","protected":false},"author":1,"featured_media":1738,"comment_status":"open","ping_status":"open","sticky":false,"template":"","format":"standard","meta":[],"categories":[2],"tags":[3],"yoast_head":"<!-- This site is optimized with the Yoast SEO plugin v15.5 - https:\/\/yoast.com\/wordpress\/plugins\/seo\/ -->\n<title>Lime termel\u00e9s: Peru rekorderedm\u00e9nyt \u00e9rt el - Latin Z\u00f3na<\/title>\n<meta name=\"description\" content=\"2025-ben rekordot \u00e9rt el a perui lime termel\u00e9s \u00e9s a legnagyobb termel\u0151k k\u00f6z\u00e9 emelkedett az orsz\u00e1g.\" \/>\n<meta name=\"robots\" content=\"index, follow, max-snippet:-1, max-image-preview:large, max-video-preview:-1\" \/>\n<link rel=\"canonical\" href=\"https:\/\/latinzona.hu\/index.php\/2025\/12\/04\/a-perui-lime-termeles-kifejezetten-komoly-rekordot-ert-el-iden\/\" \/>\n<meta property=\"og:locale\" content=\"hu_HU\" \/>\n<meta property=\"og:type\" content=\"article\" \/>\n<meta property=\"og:title\" content=\"Lime termel\u00e9s: Peru rekorderedm\u00e9nyt \u00e9rt el - Latin Z\u00f3na\" \/>\n<meta property=\"og:description\" content=\"2025-ben rekordot \u00e9rt el a perui lime termel\u00e9s \u00e9s a legnagyobb termel\u0151k k\u00f6z\u00e9 emelkedett az orsz\u00e1g.\" \/>\n<meta property=\"og:url\" content=\"https:\/\/latinzona.hu\/index.php\/2025\/12\/04\/a-perui-lime-termeles-kifejezetten-komoly-rekordot-ert-el-iden\/\" \/>\n<meta property=\"og:site_name\" content=\"Latin Z\u00f3na\" \/>\n<meta property=\"article:published_time\" content=\"2025-12-04T19:35:46+00:00\" \/>\n<meta property=\"article:modified_time\" content=\"2025-12-04T19:35:48+00:00\" \/>\n<meta property=\"og:image\" content=\"https:\/\/latinzona.hu\/wp-content\/uploads\/2025\/12\/limon.png\" \/>\n\t<meta property=\"og:image:width\" content=\"992\" \/>\n\t<meta property=\"og:image:height\" content=\"543\" \/>\n<meta name=\"twitter:card\" content=\"summary_large_image\" \/>\n<meta name=\"twitter:label1\" content=\"Becs\u00fclt olvas\u00e1si id\u0151\">\n\t<meta name=\"twitter:data1\" content=\"2 perc\">\n<script type=\"application\/ld+json\" class=\"yoast-schema-graph\">{\"@context\":\"https:\/\/schema.org\",\"@graph\":[{\"@type\":\"WebSite\",\"@id\":\"https:\/\/latinzona.hu\/#website\",\"url\":\"https:\/\/latinzona.hu\/\",\"name\":\"Latin Z\\u00f3na\",\"description\":\"Mi D\\u00e9lre is figyel\\u00fcnk...\",\"potentialAction\":[{\"@type\":\"SearchAction\",\"target\":\"https:\/\/latinzona.hu\/?s={search_term_string}\",\"query-input\":\"required name=search_term_string\"}],\"inLanguage\":\"hu\"},{\"@type\":\"ImageObject\",\"@id\":\"https:\/\/latinzona.hu\/index.php\/2025\/12\/04\/a-perui-lime-termeles-kifejezetten-komoly-rekordot-ert-el-iden\/#primaryimage\",\"inLanguage\":\"hu\",\"url\":\"https:\/\/latinzona.hu\/wp-content\/uploads\/2025\/12\/limon.png\",\"width\":992,\"height\":543},{\"@type\":\"WebPage\",\"@id\":\"https:\/\/latinzona.hu\/index.php\/2025\/12\/04\/a-perui-lime-termeles-kifejezetten-komoly-rekordot-ert-el-iden\/#webpage\",\"url\":\"https:\/\/latinzona.hu\/index.php\/2025\/12\/04\/a-perui-lime-termeles-kifejezetten-komoly-rekordot-ert-el-iden\/\",\"name\":\"Lime termel\\u00e9s: Peru rekorderedm\\u00e9nyt \\u00e9rt el - Latin Z\\u00f3na\",\"isPartOf\":{\"@id\":\"https:\/\/latinzona.hu\/#website\"},\"primaryImageOfPage\":{\"@id\":\"https:\/\/latinzona.hu\/index.php\/2025\/12\/04\/a-perui-lime-termeles-kifejezetten-komoly-rekordot-ert-el-iden\/#primaryimage\"},\"datePublished\":\"2025-12-04T19:35:46+00:00\",\"dateModified\":\"2025-12-04T19:35:48+00:00\",\"author\":{\"@id\":\"https:\/\/latinzona.hu\/#\/schema\/person\/de64af94bc35db4973955a05f752bd2d\"},\"description\":\"2025-ben rekordot \\u00e9rt el a perui lime termel\\u00e9s \\u00e9s a legnagyobb termel\\u0151k k\\u00f6z\\u00e9 emelkedett az orsz\\u00e1g.\",\"inLanguage\":\"hu\",\"potentialAction\":[{\"@type\":\"ReadAction\",\"target\":[\"https:\/\/latinzona.hu\/index.php\/2025\/12\/04\/a-perui-lime-termeles-kifejezetten-komoly-rekordot-ert-el-iden\/\"]}]},{\"@type\":\"Person\",\"@id\":\"https:\/\/latinzona.hu\/#\/schema\/person\/de64af94bc35db4973955a05f752bd2d\",\"name\":\"Chileno\",\"image\":{\"@type\":\"ImageObject\",\"@id\":\"https:\/\/latinzona.hu\/#personlogo\",\"inLanguage\":\"hu\",\"url\":\"https:\/\/secure.gravatar.com\/avatar\/9a5fe6fe999607c0ed4bfce2f8ed2600?s=96&d=mm&r=g\",\"caption\":\"Chileno\"},\"sameAs\":[\"https:\/\/latinzona.hu\"]}]}<\/script>\n<!-- \/ Yoast SEO plugin. -->","_links":{"self":[{"href":"https:\/\/latinzona.hu\/index.php\/wp-json\/wp\/v2\/posts\/1737"}],"collection":[{"href":"https:\/\/latinzona.hu\/index.php\/wp-json\/wp\/v2\/posts"}],"about":[{"href":"https:\/\/latinzona.hu\/index.php\/wp-json\/wp\/v2\/types\/post"}],"author":[{"embeddable":true,"href":"https:\/\/latinzona.hu\/index.php\/wp-json\/wp\/v2\/users\/1"}],"replies":[{"embeddable":true,"href":"https:\/\/latinzona.hu\/index.php\/wp-json\/wp\/v2\/comments?post=1737"}],"version-history":[{"count":1,"href":"https:\/\/latinzona.hu\/index.php\/wp-json\/wp\/v2\/posts\/1737\/revisions"}],"predecessor-version":[{"id":1739,"href":"https:\/\/latinzona.hu\/index.php\/wp-json\/wp\/v2\/posts\/1737\/revisions\/1739"}],"wp:featuredmedia":[{"embeddable":true,"href":"https:\/\/latinzona.hu\/index.php\/wp-json\/wp\/v2\/media\/1738"}],"wp:attachment":[{"href":"https:\/\/latinzona.hu\/index.php\/wp-json\/wp\/v2\/media?parent=1737"}],"wp:term":[{"taxonomy":"category","embeddable":true,"href":"https:\/\/latinzona.hu\/index.php\/wp-json\/wp\/v2\/categories?post=1737"},{"taxonomy":"post_tag","embeddable":true,"href":"https:\/\/latinzona.hu\/index.php\/wp-json\/wp\/v2\/tags?post=1737"}],"curies":[{"name":"wp","href":"https:\/\/api.w.org\/{rel}","templated":true}]}}