{"id":1740,"date":"2025-12-05T21:14:23","date_gmt":"2025-12-05T21:14:23","guid":{"rendered":"https:\/\/latinzona.hu\/?p=1740"},"modified":"2025-12-05T21:14:24","modified_gmt":"2025-12-05T21:14:24","slug":"az-ecuadori-elnok-komoly-drogugyben-erintett","status":"publish","type":"post","link":"https:\/\/latinzona.hu\/index.php\/2025\/12\/05\/az-ecuadori-elnok-komoly-drogugyben-erintett\/","title":{"rendered":"Az ecuadori eln\u00f6k \u00e9s kapcsolata a drogkartellekkel"},"content":{"rendered":"\n<p><a href=\"https:\/\/x.com\/OCCRP\/status\/1996565188586143849\">Az OCCRP (Organized Crime and Corruption Reporting Project) nemzetk\u00f6zi vizsg\u00e1lata felt\u00e1rta<\/a>, hogy az ecuadori eln\u00f6k, <strong>Daniel Noboa csal\u00e1di konglomer\u00e1tum\u00e1hoz tartoz\u00f3 Noboa Trading Co. TCN S.A. ban\u00e1nsz\u00e1ll\u00edtm\u00e1nyait 2020\u20132021 k\u00f6z\u00f6tt k\u00e1b\u00edt\u00f3szer\u2011csemp\u00e9szetre haszn\u00e1lt\u00e1k. <\/strong><\/p>\n\n\n\n<figure class=\"wp-block-image size-large\"><img loading=\"lazy\" width=\"742\" height=\"751\" src=\"https:\/\/latinzona.hu\/wp-content\/uploads\/2025\/12\/vizsgalat.png\" alt=\"\" class=\"wp-image-1741\" srcset=\"https:\/\/latinzona.hu\/wp-content\/uploads\/2025\/12\/vizsgalat.png 742w, https:\/\/latinzona.hu\/wp-content\/uploads\/2025\/12\/vizsgalat-296x300.png 296w\" sizes=\"(max-width: 742px) 100vw, 742px\" \/><\/figure>\n\n\n\n<p>A titkos\u00edtott Sky ECC \u00fczenetek \u00e9s bizalmas dokumentumok szerint a balk\u00e1ni maffia tagjai, k\u00f6zt\u00fck a szerb Nikola \u0110or\u0111evi\u0107 \u00e9s a horv\u00e1t Petar \u0106osi\u0107, hozz\u00e1f\u00e9r\u00e9st kaptak a guayaquili kik\u00f6t\u0151ben a Noboa Trading kont\u00e9nereihez, amelyeket kokainnal t\u00f6lt\u00f6ttek fel. Az \u00fczenetek h\u00e1rom konkr\u00e9t sz\u00e1ll\u00edtm\u00e1nnyal estek egybe, amelyek az MSC Mirella haj\u00f3n indultak Eur\u00f3p\u00e1ba. \u00d6sszesen 535 kilogramm kokainnal, mintegy 26 milli\u00f3 eur\u00f3 \u00e9rt\u00e9kben.<\/p>\n\n\n\n<h2>Az ecuadori eln\u00f6k semmit sem sejtett az \u00fcgyr\u0151l<\/h2>\n\n\n\n<p>A horv\u00e1t \u00fcgy\u00e9szs\u00e9g szerint m\u00edg \u0110or\u0111evi\u0107 emberei a kiindul\u00e1si ponton rakt\u00e1k be a drogot, \u0106osi\u0107 h\u00e1l\u00f3zata Eur\u00f3p\u00e1ban felel\u0151s volt a kirakod\u00e1s\u00e9rt. <strong>A Noboa Trading emellett t\u00f6bb ecuadori lefoglal\u00e1shoz is k\u00f6thet\u0151, amelyek 2020 \u00e9s 2022 k\u00f6z\u00f6tt k\u00f6zel 700 kilogramm kokaint \u00e9rintettek.<\/strong> A c\u00e9g a Noboa Corporation r\u00e9sze, amelynek f\u0151 r\u00e9szv\u00e9nyese a panamai Lanfranco Holding S.A.. Ezt \u00c1lvaro Noboa \u00e1ltal 2015\u2011ben adta \u00e1t fiainak, Danielnek \u00e9s Juan Sebasti\u00e1nnak \u2013 ezt a Pandora Papers dokumentumai is al\u00e1t\u00e1masztj\u00e1k.<\/p>\n\n\n\n<p>Elemz\u0151k szerint a Noboa Trading, mint az orsz\u00e1g negyedik legnagyobb ban\u00e1nexport\u0151re, k\u00fcl\u00f6n\u00f6sen s\u00e9r\u00fcl\u00e9keny a <a href=\"https:\/\/latinzona.hu\/index.php\/2025\/05\/16\/onszervezodo-miliciak-ecuadorban-is\/\">b\u0171nszervezetek<\/a> besziv\u00e1rg\u00e1s\u00e1val szemben. <strong>A guayaquili kik\u00f6t\u0151ben struktur\u00e1lis hi\u00e1nyoss\u00e1gok, \u00e1tl\u00e1thatatlan szerz\u0151d\u00e9sek \u00e9s k\u00fcls\u0151 szerepl\u0151k szabad hozz\u00e1f\u00e9r\u00e9se n\u00f6velik a kock\u00e1zatot.<\/strong> Az ellen\u0151rz\u00e9s\u00e9rt felel\u0151s egyik v\u00e1llalkoz\u00f3 t\u00f6bbsz\u00f6r ker\u00fclt b\u00edr\u00f3s\u00e1g el\u00e9, de sosem \u00edt\u00e9lt\u00e9k el.<\/p>\n\n\n\n<p>Az \u00fcgy politikai dimenzi\u00f3t is kapott: H\u00e9ctor Rodr\u00edguez, a Revoluci\u00f3n Ciudadana k\u00e9pvisel\u0151je vizsg\u00e1latot kezdem\u00e9nyezett egy m\u00e1sik esetben, amely a Noboa\u2011csoporthoz k\u00f6thet\u0151 Hacienda San Luis birtokon t\u00f6rt\u00e9nt. <strong>Itt 193,96 kilogramm kokaint foglaltak le, \u00e1m az \u00fcgyet lez\u00e1rt\u00e1k felel\u0151s\u00f6k meg\u00e1llap\u00edt\u00e1sa n\u00e9lk\u00fcl<\/strong>. Rodr\u00edguez a parlamentben \u00fajraind\u00edtan\u00e1 az elj\u00e1r\u00e1st, \u00e9s besz\u00e1mol\u00f3t k\u00e9rne az \u00e9rintett hat\u00f3s\u00e1gokt\u00f3l \u00e9s v\u00e1llalati vezet\u0151kt\u0151l.<\/p>\n","protected":false},"excerpt":{"rendered":"<div class=\"mh-excerpt\"><p>Az OCCRP (Organized Crime and Corruption Reporting Project) nemzetk\u00f6zi vizsg\u00e1lata felt\u00e1rta, hogy az ecuadori eln\u00f6k, Daniel Noboa csal\u00e1di konglomer\u00e1tum\u00e1hoz tartoz\u00f3 Noboa Trading Co. TCN S.A. <a class=\"mh-excerpt-more\" href=\"https:\/\/latinzona.hu\/index.php\/2025\/12\/05\/az-ecuadori-elnok-komoly-drogugyben-erintett\/\" title=\"Az ecuadori eln\u00f6k \u00e9s kapcsolata a drogkartellekkel\">[&#8230;]<\/a><\/p>\n<\/div>","protected":false},"author":1,"featured_media":1742,"comment_status":"open","ping_status":"open","sticky":false,"template":"","format":"standard","meta":[],"categories":[7],"tags":[8],"yoast_head":"<!-- This site is optimized with the Yoast SEO plugin v15.5 - https:\/\/yoast.com\/wordpress\/plugins\/seo\/ -->\n<title>Az ecuadori eln\u00f6k \u00e9s kapcsolata a drogkartellekkel - Latin Z\u00f3na<\/title>\n<meta name=\"description\" content=\"Az ecuadori eln\u00f6k drog\u00fcgyletbe keveredett egy csal\u00e1di c\u00e9gen kereszt\u00fcl, amelynek kont\u00e9nereit drogkeresked\u0151 haszn\u00e1lhatt\u00e1k.\" \/>\n<meta name=\"robots\" content=\"index, follow, max-snippet:-1, max-image-preview:large, max-video-preview:-1\" \/>\n<link rel=\"canonical\" href=\"https:\/\/latinzona.hu\/index.php\/2025\/12\/05\/az-ecuadori-elnok-komoly-drogugyben-erintett\/\" \/>\n<meta property=\"og:locale\" content=\"hu_HU\" \/>\n<meta property=\"og:type\" content=\"article\" \/>\n<meta property=\"og:title\" content=\"Az ecuadori eln\u00f6k \u00e9s kapcsolata a drogkartellekkel - Latin Z\u00f3na\" \/>\n<meta property=\"og:description\" content=\"Az ecuadori eln\u00f6k drog\u00fcgyletbe keveredett egy csal\u00e1di c\u00e9gen kereszt\u00fcl, amelynek kont\u00e9nereit drogkeresked\u0151 haszn\u00e1lhatt\u00e1k.\" \/>\n<meta property=\"og:url\" content=\"https:\/\/latinzona.hu\/index.php\/2025\/12\/05\/az-ecuadori-elnok-komoly-drogugyben-erintett\/\" \/>\n<meta property=\"og:site_name\" content=\"Latin Z\u00f3na\" \/>\n<meta property=\"article:published_time\" content=\"2025-12-05T21:14:23+00:00\" \/>\n<meta property=\"article:modified_time\" content=\"2025-12-05T21:14:24+00:00\" \/>\n<meta property=\"og:image\" content=\"https:\/\/latinzona.hu\/wp-content\/uploads\/2025\/12\/noboa.jpg\" \/>\n\t<meta property=\"og:image:width\" content=\"1024\" \/>\n\t<meta property=\"og:image:height\" content=\"683\" \/>\n<meta name=\"twitter:card\" content=\"summary_large_image\" \/>\n<meta name=\"twitter:label1\" content=\"Becs\u00fclt olvas\u00e1si id\u0151\">\n\t<meta name=\"twitter:data1\" content=\"2 perc\">\n<script type=\"application\/ld+json\" class=\"yoast-schema-graph\">{\"@context\":\"https:\/\/schema.org\",\"@graph\":[{\"@type\":\"WebSite\",\"@id\":\"https:\/\/latinzona.hu\/#website\",\"url\":\"https:\/\/latinzona.hu\/\",\"name\":\"Latin Z\\u00f3na\",\"description\":\"Mi D\\u00e9lre is figyel\\u00fcnk...\",\"potentialAction\":[{\"@type\":\"SearchAction\",\"target\":\"https:\/\/latinzona.hu\/?s={search_term_string}\",\"query-input\":\"required name=search_term_string\"}],\"inLanguage\":\"hu\"},{\"@type\":\"ImageObject\",\"@id\":\"https:\/\/latinzona.hu\/index.php\/2025\/12\/05\/az-ecuadori-elnok-komoly-drogugyben-erintett\/#primaryimage\",\"inLanguage\":\"hu\",\"url\":\"https:\/\/latinzona.hu\/wp-content\/uploads\/2025\/12\/noboa.jpg\",\"width\":1024,\"height\":683},{\"@type\":\"WebPage\",\"@id\":\"https:\/\/latinzona.hu\/index.php\/2025\/12\/05\/az-ecuadori-elnok-komoly-drogugyben-erintett\/#webpage\",\"url\":\"https:\/\/latinzona.hu\/index.php\/2025\/12\/05\/az-ecuadori-elnok-komoly-drogugyben-erintett\/\",\"name\":\"Az ecuadori eln\\u00f6k \\u00e9s kapcsolata a drogkartellekkel - Latin Z\\u00f3na\",\"isPartOf\":{\"@id\":\"https:\/\/latinzona.hu\/#website\"},\"primaryImageOfPage\":{\"@id\":\"https:\/\/latinzona.hu\/index.php\/2025\/12\/05\/az-ecuadori-elnok-komoly-drogugyben-erintett\/#primaryimage\"},\"datePublished\":\"2025-12-05T21:14:23+00:00\",\"dateModified\":\"2025-12-05T21:14:24+00:00\",\"author\":{\"@id\":\"https:\/\/latinzona.hu\/#\/schema\/person\/de64af94bc35db4973955a05f752bd2d\"},\"description\":\"Az ecuadori eln\\u00f6k drog\\u00fcgyletbe keveredett egy csal\\u00e1di c\\u00e9gen kereszt\\u00fcl, amelynek kont\\u00e9nereit drogkeresked\\u0151 haszn\\u00e1lhatt\\u00e1k.\",\"inLanguage\":\"hu\",\"potentialAction\":[{\"@type\":\"ReadAction\",\"target\":[\"https:\/\/latinzona.hu\/index.php\/2025\/12\/05\/az-ecuadori-elnok-komoly-drogugyben-erintett\/\"]}]},{\"@type\":\"Person\",\"@id\":\"https:\/\/latinzona.hu\/#\/schema\/person\/de64af94bc35db4973955a05f752bd2d\",\"name\":\"Chileno\",\"image\":{\"@type\":\"ImageObject\",\"@id\":\"https:\/\/latinzona.hu\/#personlogo\",\"inLanguage\":\"hu\",\"url\":\"https:\/\/secure.gravatar.com\/avatar\/9a5fe6fe999607c0ed4bfce2f8ed2600?s=96&d=mm&r=g\",\"caption\":\"Chileno\"},\"sameAs\":[\"https:\/\/latinzona.hu\"]}]}<\/script>\n<!-- \/ Yoast SEO plugin. -->","_links":{"self":[{"href":"https:\/\/latinzona.hu\/index.php\/wp-json\/wp\/v2\/posts\/1740"}],"collection":[{"href":"https:\/\/latinzona.hu\/index.php\/wp-json\/wp\/v2\/posts"}],"about":[{"href":"https:\/\/latinzona.hu\/index.php\/wp-json\/wp\/v2\/types\/post"}],"author":[{"embeddable":true,"href":"https:\/\/latinzona.hu\/index.php\/wp-json\/wp\/v2\/users\/1"}],"replies":[{"embeddable":true,"href":"https:\/\/latinzona.hu\/index.php\/wp-json\/wp\/v2\/comments?post=1740"}],"version-history":[{"count":1,"href":"https:\/\/latinzona.hu\/index.php\/wp-json\/wp\/v2\/posts\/1740\/revisions"}],"predecessor-version":[{"id":1743,"href":"https:\/\/latinzona.hu\/index.php\/wp-json\/wp\/v2\/posts\/1740\/revisions\/1743"}],"wp:featuredmedia":[{"embeddable":true,"href":"https:\/\/latinzona.hu\/index.php\/wp-json\/wp\/v2\/media\/1742"}],"wp:attachment":[{"href":"https:\/\/latinzona.hu\/index.php\/wp-json\/wp\/v2\/media?parent=1740"}],"wp:term":[{"taxonomy":"category","embeddable":true,"href":"https:\/\/latinzona.hu\/index.php\/wp-json\/wp\/v2\/categories?post=1740"},{"taxonomy":"post_tag","embeddable":true,"href":"https:\/\/latinzona.hu\/index.php\/wp-json\/wp\/v2\/tags?post=1740"}],"curies":[{"name":"wp","href":"https:\/\/api.w.org\/{rel}","templated":true}]}}