{"id":1744,"date":"2025-12-06T10:14:27","date_gmt":"2025-12-06T10:14:27","guid":{"rendered":"https:\/\/latinzona.hu\/?p=1744"},"modified":"2025-12-06T10:14:28","modified_gmt":"2025-12-06T10:14:28","slug":"a-tunel-de-la-linea-igazi-mernoki-csoda-kolumbiaban","status":"publish","type":"post","link":"https:\/\/latinzona.hu\/index.php\/2025\/12\/06\/a-tunel-de-la-linea-igazi-mernoki-csoda-kolumbiaban\/","title":{"rendered":"A T\u00fanel de La L\u00ednea k\u00fcl\u00f6nleges alag\u00fatja Kolumbi\u00e1ban"},"content":{"rendered":"\n<p>A kolumbiai Cordilheira Central \u00e1tszel\u00e9s\u00e9t alapvet\u0151en megv\u00e1ltoztatta a <strong>T\u00fanel de La L\u00ednea<\/strong>, amely 8,65 kilom\u00e9ter hosszban, 2400 m\u00e9teres magass\u00e1gban k\u00f6ti \u00f6ssze Cajamarca (Tolima) \u00e9s Calarc\u00e1 (Quind\u00edo) v\u00e1rosait. A kor\u00e1bbi \u00fatvonal az Alto de La L\u00ednea meredek, kanyarg\u00f3s \u00e9s k\u00f6d\u00f6s hegyi szakasz\u00e1n vezetett, amely lass\u00fa, <a href=\"https:\/\/latinzona.hu\/index.php\/2025\/07\/27\/a-kolumbiai-ecuadori-hataron-elszabadult-a-pokol\/\">vesz\u00e9lyes<\/a> \u00e9s k\u00f6lts\u00e9ges volt, k\u00fcl\u00f6n\u00f6sen a teherforgalom sz\u00e1m\u00e1ra. <strong>Az \u00faj alag\u00fat mintegy 8\u201315 kilom\u00e9terrel r\u00f6vid\u00edti a t\u00e1vols\u00e1got, a j\u00e1rm\u0171vek \u00e1tlagsebess\u00e9ge a kor\u00e1bbi 18 km\/h-r\u00f3l 60 km\/h-ra n\u0151tt, \u00edgy a szem\u00e9lyaut\u00f3k ak\u00e1r 40, a kamionok pedig 80\u201390 perccel gyorsabban \u00e9rhetnek c\u00e9lba.<\/strong> Ez jelent\u0151s \u00fczemanyag-megtakar\u00edt\u00e1st, alacsonyabb karbantart\u00e1si k\u00f6lts\u00e9geket \u00e9s kisz\u00e1m\u00edthat\u00f3bb logisztik\u00e1t eredm\u00e9nyez.<\/p>\n\n\n\n<h2>A T\u00fanel de La L\u00ednea mindent megv\u00e1ltoztatott Kolumbia ezen r\u00e9sz\u00e9n<\/h2>\n\n\n\n<p>Az alag\u00fat a Rota Nacional 40 r\u00e9sze, amely Bogot\u00e1 v\u00e1ros\u00e1t k\u00f6ti \u00f6ssze az Eixo Cafeeiro r\u00e9gi\u00f3val \u00e9s Buenaventura kik\u00f6t\u0151j\u00e9vel, Kolumbia legfontosabb csendes-\u00f3ce\u00e1ni kapuj\u00e1val. <strong>\u00cdgy a T\u00fanel de La L\u00ednea kulcsfontoss\u00e1g\u00fa eleme a Cruce de la Cordillera Central projektnek, amely viaduktokat, tov\u00e1bbi alagutakat \u00e9s k\u00e9ts\u00e1vos p\u00e1ly\u00e1kat foglal mag\u00e1ban. <\/strong>A stabilabb k\u00f6zleked\u00e9si folyos\u00f3 cs\u00f6kkenti a k\u00e9s\u00e9seket, n\u00f6veli a biztons\u00e1got, \u00e9s el\u0151seg\u00edti a k\u00fclkereskedelmi \u00e1rusz\u00e1ll\u00edt\u00e1st.<\/p>\n\n\n\n<figure class=\"wp-block-image size-large\"><img loading=\"lazy\" width=\"1024\" height=\"565\" src=\"https:\/\/latinzona.hu\/wp-content\/uploads\/2025\/12\/tunel-1024x565.png\" alt=\"\" class=\"wp-image-1745\" srcset=\"https:\/\/latinzona.hu\/wp-content\/uploads\/2025\/12\/tunel-1024x565.png 1024w, https:\/\/latinzona.hu\/wp-content\/uploads\/2025\/12\/tunel-300x166.png 300w, https:\/\/latinzona.hu\/wp-content\/uploads\/2025\/12\/tunel-768x424.png 768w, https:\/\/latinzona.hu\/wp-content\/uploads\/2025\/12\/tunel.png 1417w\" sizes=\"(max-width: 1024px) 100vw, 1024px\" \/><\/figure>\n\n\n\n<p>A t\u00e1rsadalmi hat\u00e1sok is jelent\u0151sek. A vid\u00e9ki \u00e9s hegyvid\u00e9ki k\u00f6z\u00f6ss\u00e9gek k\u00f6nnyebben jutnak el eg\u00e9szs\u00e9g\u00fcgyi int\u00e9zm\u00e9nyekhez, fels\u0151oktat\u00e1si k\u00f6zpontokhoz \u00e9s munkahelyekhez. A jobb el\u00e9rhet\u0151s\u00e9g t\u00e1mogatja a turizmust \u00e9s a kultur\u00e1lis kapcsol\u00f3d\u00e1sokat, mik\u00f6zben integr\u00e1lja a rur\u00e1lis t\u00e9rs\u00e9geket a v\u00e1rosi \u00e9s tengerparti r\u00e9gi\u00f3kkal.<\/p>\n\n\n\n<p>Az \u00e9p\u00edtkez\u00e9s komoly m\u00e9rn\u00f6ki kih\u00edv\u00e1sokat jelentett, hiszen a ter\u00fcletet geol\u00f3giai t\u00f6r\u00e9sek, vulk\u00e1ni hamur\u00e9tegek \u00e9s felsz\u00edn alatti vizek jellemzik. <strong>A kivitelez\u00e9s sor\u00e1n egy 8,5 km-es k\u00eds\u00e9rleti alagutat is f\u00fartak, amely ma ment\u00e9si \u00e9s karbantart\u00e1si c\u00e9lokat szolg\u00e1l.<\/strong> Az \u00fczemeltet\u00e9s egyir\u00e1ny\u00fa, h\u00e1roms\u00e1vos forgalommal t\u00f6rt\u00e9nik, modern szell\u0151ztet\u00e9ssel, LED-vil\u00e1g\u00edt\u00e1ssal \u00e9s biztons\u00e1gi szenzorokkal. Naponta mintegy 7000 j\u00e1rm\u0171 halad \u00e1t rajta, t\u00f6bbs\u00e9g\u00fck teheraut\u00f3.<\/p>\n\n\n\n<figure class=\"wp-block-image size-large\"><img loading=\"lazy\" width=\"978\" height=\"636\" src=\"https:\/\/latinzona.hu\/wp-content\/uploads\/2025\/12\/elonyok.png\" alt=\"\" class=\"wp-image-1746\" srcset=\"https:\/\/latinzona.hu\/wp-content\/uploads\/2025\/12\/elonyok.png 978w, https:\/\/latinzona.hu\/wp-content\/uploads\/2025\/12\/elonyok-300x195.png 300w, https:\/\/latinzona.hu\/wp-content\/uploads\/2025\/12\/elonyok-768x499.png 768w\" sizes=\"(max-width: 978px) 100vw, 978px\" \/><\/figure>\n\n\n\n<p>\u00d6sszess\u00e9g\u00e9ben a T\u00fanel de La L\u00ednea nemcsak Kolumbia legnagyobb alag\u00fatja, hanem strat\u00e9giai infrastrukt\u00fara. Egyszerre jav\u00edtja a k\u00f6zleked\u00e9st, a gazdas\u00e1gi hat\u00e9konys\u00e1got \u00e9s a t\u00e1rsadalmi integr\u00e1ci\u00f3t.<\/p>\n","protected":false},"excerpt":{"rendered":"<div class=\"mh-excerpt\"><p>A kolumbiai Cordilheira Central \u00e1tszel\u00e9s\u00e9t alapvet\u0151en megv\u00e1ltoztatta a T\u00fanel de La L\u00ednea, amely 8,65 kilom\u00e9ter hosszban, 2400 m\u00e9teres magass\u00e1gban k\u00f6ti \u00f6ssze Cajamarca (Tolima) \u00e9s Calarc\u00e1 <a class=\"mh-excerpt-more\" href=\"https:\/\/latinzona.hu\/index.php\/2025\/12\/06\/a-tunel-de-la-linea-igazi-mernoki-csoda-kolumbiaban\/\" title=\"A T\u00fanel de La L\u00ednea k\u00fcl\u00f6nleges alag\u00fatja Kolumbi\u00e1ban\">[&#8230;]<\/a><\/p>\n<\/div>","protected":false},"author":1,"featured_media":1747,"comment_status":"open","ping_status":"open","sticky":false,"template":"","format":"standard","meta":[],"categories":[31],"tags":[32],"yoast_head":"<!-- This site is optimized with the Yoast SEO plugin v15.5 - https:\/\/yoast.com\/wordpress\/plugins\/seo\/ -->\n<title>A T\u00fanel de La L\u00ednea k\u00fcl\u00f6nleges alag\u00fatja Kolumbi\u00e1ban - Latin Z\u00f3na<\/title>\n<meta name=\"description\" content=\"A T\u00fanel de La L\u00ednea egy mindent megv\u00e1ltoztat\u00f3 alag\u00fat Kolumbi\u00e1ban, amely hatalmas seg\u00edts\u00e9g egyes r\u00e9gi\u00f3k \u00e9let\u00e9ben.\" \/>\n<meta name=\"robots\" content=\"index, follow, max-snippet:-1, max-image-preview:large, max-video-preview:-1\" \/>\n<link rel=\"canonical\" href=\"https:\/\/latinzona.hu\/index.php\/2025\/12\/06\/a-tunel-de-la-linea-igazi-mernoki-csoda-kolumbiaban\/\" \/>\n<meta property=\"og:locale\" content=\"hu_HU\" \/>\n<meta property=\"og:type\" content=\"article\" \/>\n<meta property=\"og:title\" content=\"A T\u00fanel de La L\u00ednea k\u00fcl\u00f6nleges alag\u00fatja Kolumbi\u00e1ban - Latin Z\u00f3na\" \/>\n<meta property=\"og:description\" content=\"A T\u00fanel de La L\u00ednea egy mindent megv\u00e1ltoztat\u00f3 alag\u00fat Kolumbi\u00e1ban, amely hatalmas seg\u00edts\u00e9g egyes r\u00e9gi\u00f3k \u00e9let\u00e9ben.\" \/>\n<meta property=\"og:url\" content=\"https:\/\/latinzona.hu\/index.php\/2025\/12\/06\/a-tunel-de-la-linea-igazi-mernoki-csoda-kolumbiaban\/\" \/>\n<meta property=\"og:site_name\" content=\"Latin Z\u00f3na\" \/>\n<meta property=\"article:published_time\" content=\"2025-12-06T10:14:27+00:00\" \/>\n<meta property=\"article:modified_time\" content=\"2025-12-06T10:14:28+00:00\" \/>\n<meta property=\"og:image\" content=\"https:\/\/latinzona.hu\/wp-content\/uploads\/2025\/12\/linea.jpeg\" \/>\n\t<meta property=\"og:image:width\" content=\"900\" \/>\n\t<meta property=\"og:image:height\" content=\"543\" \/>\n<meta name=\"twitter:card\" content=\"summary_large_image\" \/>\n<meta name=\"twitter:label1\" content=\"Becs\u00fclt olvas\u00e1si id\u0151\">\n\t<meta name=\"twitter:data1\" content=\"2 perc\">\n<script type=\"application\/ld+json\" class=\"yoast-schema-graph\">{\"@context\":\"https:\/\/schema.org\",\"@graph\":[{\"@type\":\"WebSite\",\"@id\":\"https:\/\/latinzona.hu\/#website\",\"url\":\"https:\/\/latinzona.hu\/\",\"name\":\"Latin Z\\u00f3na\",\"description\":\"Mi D\\u00e9lre is figyel\\u00fcnk...\",\"potentialAction\":[{\"@type\":\"SearchAction\",\"target\":\"https:\/\/latinzona.hu\/?s={search_term_string}\",\"query-input\":\"required name=search_term_string\"}],\"inLanguage\":\"hu\"},{\"@type\":\"ImageObject\",\"@id\":\"https:\/\/latinzona.hu\/index.php\/2025\/12\/06\/a-tunel-de-la-linea-igazi-mernoki-csoda-kolumbiaban\/#primaryimage\",\"inLanguage\":\"hu\",\"url\":\"https:\/\/latinzona.hu\/wp-content\/uploads\/2025\/12\/linea.jpeg\",\"width\":900,\"height\":543},{\"@type\":\"WebPage\",\"@id\":\"https:\/\/latinzona.hu\/index.php\/2025\/12\/06\/a-tunel-de-la-linea-igazi-mernoki-csoda-kolumbiaban\/#webpage\",\"url\":\"https:\/\/latinzona.hu\/index.php\/2025\/12\/06\/a-tunel-de-la-linea-igazi-mernoki-csoda-kolumbiaban\/\",\"name\":\"A T\\u00fanel de La L\\u00ednea k\\u00fcl\\u00f6nleges alag\\u00fatja Kolumbi\\u00e1ban - Latin Z\\u00f3na\",\"isPartOf\":{\"@id\":\"https:\/\/latinzona.hu\/#website\"},\"primaryImageOfPage\":{\"@id\":\"https:\/\/latinzona.hu\/index.php\/2025\/12\/06\/a-tunel-de-la-linea-igazi-mernoki-csoda-kolumbiaban\/#primaryimage\"},\"datePublished\":\"2025-12-06T10:14:27+00:00\",\"dateModified\":\"2025-12-06T10:14:28+00:00\",\"author\":{\"@id\":\"https:\/\/latinzona.hu\/#\/schema\/person\/de64af94bc35db4973955a05f752bd2d\"},\"description\":\"A T\\u00fanel de La L\\u00ednea egy mindent megv\\u00e1ltoztat\\u00f3 alag\\u00fat Kolumbi\\u00e1ban, amely hatalmas seg\\u00edts\\u00e9g egyes r\\u00e9gi\\u00f3k \\u00e9let\\u00e9ben.\",\"inLanguage\":\"hu\",\"potentialAction\":[{\"@type\":\"ReadAction\",\"target\":[\"https:\/\/latinzona.hu\/index.php\/2025\/12\/06\/a-tunel-de-la-linea-igazi-mernoki-csoda-kolumbiaban\/\"]}]},{\"@type\":\"Person\",\"@id\":\"https:\/\/latinzona.hu\/#\/schema\/person\/de64af94bc35db4973955a05f752bd2d\",\"name\":\"Chileno\",\"image\":{\"@type\":\"ImageObject\",\"@id\":\"https:\/\/latinzona.hu\/#personlogo\",\"inLanguage\":\"hu\",\"url\":\"https:\/\/secure.gravatar.com\/avatar\/9a5fe6fe999607c0ed4bfce2f8ed2600?s=96&d=mm&r=g\",\"caption\":\"Chileno\"},\"sameAs\":[\"https:\/\/latinzona.hu\"]}]}<\/script>\n<!-- \/ Yoast SEO plugin. -->","_links":{"self":[{"href":"https:\/\/latinzona.hu\/index.php\/wp-json\/wp\/v2\/posts\/1744"}],"collection":[{"href":"https:\/\/latinzona.hu\/index.php\/wp-json\/wp\/v2\/posts"}],"about":[{"href":"https:\/\/latinzona.hu\/index.php\/wp-json\/wp\/v2\/types\/post"}],"author":[{"embeddable":true,"href":"https:\/\/latinzona.hu\/index.php\/wp-json\/wp\/v2\/users\/1"}],"replies":[{"embeddable":true,"href":"https:\/\/latinzona.hu\/index.php\/wp-json\/wp\/v2\/comments?post=1744"}],"version-history":[{"count":1,"href":"https:\/\/latinzona.hu\/index.php\/wp-json\/wp\/v2\/posts\/1744\/revisions"}],"predecessor-version":[{"id":1748,"href":"https:\/\/latinzona.hu\/index.php\/wp-json\/wp\/v2\/posts\/1744\/revisions\/1748"}],"wp:featuredmedia":[{"embeddable":true,"href":"https:\/\/latinzona.hu\/index.php\/wp-json\/wp\/v2\/media\/1747"}],"wp:attachment":[{"href":"https:\/\/latinzona.hu\/index.php\/wp-json\/wp\/v2\/media?parent=1744"}],"wp:term":[{"taxonomy":"category","embeddable":true,"href":"https:\/\/latinzona.hu\/index.php\/wp-json\/wp\/v2\/categories?post=1744"},{"taxonomy":"post_tag","embeddable":true,"href":"https:\/\/latinzona.hu\/index.php\/wp-json\/wp\/v2\/tags?post=1744"}],"curies":[{"name":"wp","href":"https:\/\/api.w.org\/{rel}","templated":true}]}}