{"id":1749,"date":"2025-12-07T11:37:00","date_gmt":"2025-12-07T11:37:00","guid":{"rendered":"https:\/\/latinzona.hu\/?p=1749"},"modified":"2025-12-06T19:43:32","modified_gmt":"2025-12-06T19:43:32","slug":"egyre-jobban-terjed-a-mor-gekko-uruguayban","status":"publish","type":"post","link":"https:\/\/latinzona.hu\/index.php\/2025\/12\/07\/egyre-jobban-terjed-a-mor-gekko-uruguayban\/","title":{"rendered":"Megint felt\u0171nt a m\u00f3r gekk\u00f3 Uruguayban"},"content":{"rendered":"\n<p>2025 december\u00e9ben az Alternatus Uruguay \u00e1llatv\u00e9d\u0151 szervezet <a href=\"https:\/\/x.com\/AlternatusUy\/status\/1996977394796695599\">bejelentette<\/a>, hogy el\u0151sz\u00f6r \u00e9szleltek m\u00f3r gekk\u00f3 (Tarentola mauritanica) p\u00e9ld\u00e1nyt Tacuaremb\u00f3 megy\u00e9ben, Paso de los Toros telep\u00fcl\u00e9sen. <strong>Ez a h\u00edr aggodalomra ad okot, mivel a faj invaz\u00edv betelep\u00fcl\u0151k\u00e9nt m\u00e1r t\u00f6bb \u00e9vtizede jelen van az orsz\u00e1gban, de eddig f\u0151k\u00e9nt Montevideo, Canelones \u00e9s Maldonado k\u00f6rny\u00e9k\u00e9n fordult el\u0151.<\/strong> <\/p>\n\n\n\n<p>A szakemberek szerint a gy\u00edkok h\u00e1ztart\u00e1si k\u00f6rnyezetben \u00e1rtalmatlanok, s\u0151t hasznosak lehetnek, mivel p\u00f3kokat \u00e9s rovarokat fogyasztanak. \u00c1m biol\u00f3giai inv\u00e1zi\u00f3s szempontb\u00f3l kock\u00e1zatot jelenthetnek, ha \u00faj \u00e9l\u0151helyekre ker\u00fclnek.<\/p>\n\n\n\n<h2>Nagy \u00fctemben terjed a m\u00f3r gekk\u00f3<\/h2>\n\n\n\n<p>A Tarentola mauritanica eredetileg a F\u00f6ldk\u00f6zi-tenger t\u00e9rs\u00e9g\u00e9ben \u0151shonos, k\u00fcl\u00f6n\u00f6sen \u00c9szak-Afrik\u00e1ban (Marokk\u00f3, Alg\u00e9ria, Tun\u00e9zia) \u00e9s D\u00e9l-Eur\u00f3p\u00e1ban (Spanyolorsz\u00e1g, Portug\u00e1lia, Olaszorsz\u00e1g, G\u00f6r\u00f6gorsz\u00e1g). <strong>A faj j\u00f3l alkalmazkodik v\u00e1rosi k\u00f6rnyezethez, gyakran h\u00e1zak fal\u00e1n, kertekben, l\u00e1mp\u00e1k k\u00f6zel\u00e9ben figyelhet\u0151 meg, ahol \u00e9jszaka vad\u00e1szik rovarokra. <\/strong>Uruguayba az 1970-es \u00e9vekben \u00e9rkezett v\u00e9letlen\u00fcl, val\u00f3sz\u00edn\u0171leg a korabeli import\u00e1lt parafa \u00e9s m\u00e1s \u00e9p\u00edt\u0151anyagok sz\u00e1ll\u00edtm\u00e1nyai k\u00f6z\u00f6tt &#8220;potyautask\u00e9nt&#8221;. Az\u00f3ta fokozatosan megtelepedett, \u00e9s kisebb popul\u00e1ci\u00f3kat alak\u00edtott ki.<\/p>\n\n\n\n<figure class=\"wp-block-image size-large\"><img loading=\"lazy\" width=\"748\" height=\"701\" src=\"https:\/\/latinzona.hu\/wp-content\/uploads\/2025\/12\/mor-gekko.png\" alt=\"\" class=\"wp-image-1750\" srcset=\"https:\/\/latinzona.hu\/wp-content\/uploads\/2025\/12\/mor-gekko.png 748w, https:\/\/latinzona.hu\/wp-content\/uploads\/2025\/12\/mor-gekko-300x281.png 300w\" sizes=\"(max-width: 748px) 100vw, 748px\" \/><\/figure>\n\n\n\n<p>Az Alternatus Uruguay hangs\u00falyozta, hogy a lakoss\u00e1g ne pr\u00f3b\u00e1lja meg \u00e1thelyezni vagy szabadon engedni ezeket az \u00e1llatokat \u00faj ter\u00fcleteken, k\u00fcl\u00f6n\u00f6sen term\u00e9szetes \u00e9l\u0151helyeken, ahol m\u00e9g nem vizsg\u00e1lt\u00e1k a faj \u00f6kol\u00f3giai hat\u00e1sait. <strong>Ha valaki a f\u0151v\u00e1roson k\u00edv\u00fcl tal\u00e1lkozik vel\u00fck, f\u00e9nyk\u00e9pes dokument\u00e1ci\u00f3t k\u00e9rnek egy megadott telefonsz\u00e1mra.<\/strong> <\/p>\n\n\n\n<p>B\u00e1r a gecko maurit\u00e1nico k\u00f6zvetlen\u00fcl nem vesz\u00e9lyes az emberre, terjed\u00e9se jelzi, hogy az invaz\u00edv fajok kontrollja \u00e9s nyomon k\u00f6vet\u00e9se tov\u00e1bbra is fontos feladat Uruguayban. Az \u00faj \u00e9szlel\u00e9s Tacuaremb\u00f3ban arra utal, hogy a faj lassan az orsz\u00e1g bels\u0151bb r\u00e9gi\u00f3iba is eljut. Ez hosszabb t\u00e1von komolyabb <a href=\"https:\/\/latinzona.hu\/index.php\/2021\/01\/05\/uj-modszerrel-vizsgaljak-a-la-plata-vizet-uruguayban\/\">\u00f6kol\u00f3giai k\u00f6vetkezm\u00e9nyekkel<\/a> j\u00e1rhat.<\/p>\n","protected":false},"excerpt":{"rendered":"<div class=\"mh-excerpt\"><p>2025 december\u00e9ben az Alternatus Uruguay \u00e1llatv\u00e9d\u0151 szervezet bejelentette, hogy el\u0151sz\u00f6r \u00e9szleltek m\u00f3r gekk\u00f3 (Tarentola mauritanica) p\u00e9ld\u00e1nyt Tacuaremb\u00f3 megy\u00e9ben, Paso de los Toros telep\u00fcl\u00e9sen. Ez a <a class=\"mh-excerpt-more\" href=\"https:\/\/latinzona.hu\/index.php\/2025\/12\/07\/egyre-jobban-terjed-a-mor-gekko-uruguayban\/\" title=\"Megint felt\u0171nt a m\u00f3r gekk\u00f3 Uruguayban\">[&#8230;]<\/a><\/p>\n<\/div>","protected":false},"author":1,"featured_media":1751,"comment_status":"open","ping_status":"open","sticky":false,"template":"","format":"standard","meta":[],"categories":[13],"tags":[14],"yoast_head":"<!-- This site is optimized with the Yoast SEO plugin v15.5 - https:\/\/yoast.com\/wordpress\/plugins\/seo\/ -->\n<title>Megint felt\u0171nt a m\u00f3r gekk\u00f3 Uruguayban - Latin Z\u00f3na<\/title>\n<meta name=\"description\" content=\"Most m\u00e1r az orsz\u00e1g bels\u0151 ter\u00fcletein is felt\u0171nt Uruguayban a m\u00f3r gekk\u00f3, ami egy invaz\u00edv fajnak sz\u00e1m\u00edt az orsz\u00e1gban.\" \/>\n<meta name=\"robots\" content=\"index, follow, max-snippet:-1, max-image-preview:large, max-video-preview:-1\" \/>\n<link rel=\"canonical\" href=\"https:\/\/latinzona.hu\/index.php\/2025\/12\/07\/egyre-jobban-terjed-a-mor-gekko-uruguayban\/\" \/>\n<meta property=\"og:locale\" content=\"hu_HU\" \/>\n<meta property=\"og:type\" content=\"article\" \/>\n<meta property=\"og:title\" content=\"Megint felt\u0171nt a m\u00f3r gekk\u00f3 Uruguayban - Latin Z\u00f3na\" \/>\n<meta property=\"og:description\" content=\"Most m\u00e1r az orsz\u00e1g bels\u0151 ter\u00fcletein is felt\u0171nt Uruguayban a m\u00f3r gekk\u00f3, ami egy invaz\u00edv fajnak sz\u00e1m\u00edt az orsz\u00e1gban.\" \/>\n<meta property=\"og:url\" content=\"https:\/\/latinzona.hu\/index.php\/2025\/12\/07\/egyre-jobban-terjed-a-mor-gekko-uruguayban\/\" \/>\n<meta property=\"og:site_name\" content=\"Latin Z\u00f3na\" \/>\n<meta property=\"article:published_time\" content=\"2025-12-07T11:37:00+00:00\" \/>\n<meta property=\"article:modified_time\" content=\"2025-12-06T19:43:32+00:00\" \/>\n<meta property=\"og:image\" content=\"https:\/\/latinzona.hu\/wp-content\/uploads\/2025\/12\/gecko.jpg\" \/>\n\t<meta property=\"og:image:width\" content=\"1200\" \/>\n\t<meta property=\"og:image:height\" content=\"800\" \/>\n<meta name=\"twitter:card\" content=\"summary_large_image\" \/>\n<meta name=\"twitter:label1\" content=\"Becs\u00fclt olvas\u00e1si id\u0151\">\n\t<meta name=\"twitter:data1\" content=\"1 perc\">\n<script type=\"application\/ld+json\" class=\"yoast-schema-graph\">{\"@context\":\"https:\/\/schema.org\",\"@graph\":[{\"@type\":\"WebSite\",\"@id\":\"https:\/\/latinzona.hu\/#website\",\"url\":\"https:\/\/latinzona.hu\/\",\"name\":\"Latin Z\\u00f3na\",\"description\":\"Mi D\\u00e9lre is figyel\\u00fcnk...\",\"potentialAction\":[{\"@type\":\"SearchAction\",\"target\":\"https:\/\/latinzona.hu\/?s={search_term_string}\",\"query-input\":\"required name=search_term_string\"}],\"inLanguage\":\"hu\"},{\"@type\":\"ImageObject\",\"@id\":\"https:\/\/latinzona.hu\/index.php\/2025\/12\/07\/egyre-jobban-terjed-a-mor-gekko-uruguayban\/#primaryimage\",\"inLanguage\":\"hu\",\"url\":\"https:\/\/latinzona.hu\/wp-content\/uploads\/2025\/12\/gecko.jpg\",\"width\":1200,\"height\":800},{\"@type\":\"WebPage\",\"@id\":\"https:\/\/latinzona.hu\/index.php\/2025\/12\/07\/egyre-jobban-terjed-a-mor-gekko-uruguayban\/#webpage\",\"url\":\"https:\/\/latinzona.hu\/index.php\/2025\/12\/07\/egyre-jobban-terjed-a-mor-gekko-uruguayban\/\",\"name\":\"Megint felt\\u0171nt a m\\u00f3r gekk\\u00f3 Uruguayban - Latin Z\\u00f3na\",\"isPartOf\":{\"@id\":\"https:\/\/latinzona.hu\/#website\"},\"primaryImageOfPage\":{\"@id\":\"https:\/\/latinzona.hu\/index.php\/2025\/12\/07\/egyre-jobban-terjed-a-mor-gekko-uruguayban\/#primaryimage\"},\"datePublished\":\"2025-12-07T11:37:00+00:00\",\"dateModified\":\"2025-12-06T19:43:32+00:00\",\"author\":{\"@id\":\"https:\/\/latinzona.hu\/#\/schema\/person\/de64af94bc35db4973955a05f752bd2d\"},\"description\":\"Most m\\u00e1r az orsz\\u00e1g bels\\u0151 ter\\u00fcletein is felt\\u0171nt Uruguayban a m\\u00f3r gekk\\u00f3, ami egy invaz\\u00edv fajnak sz\\u00e1m\\u00edt az orsz\\u00e1gban.\",\"inLanguage\":\"hu\",\"potentialAction\":[{\"@type\":\"ReadAction\",\"target\":[\"https:\/\/latinzona.hu\/index.php\/2025\/12\/07\/egyre-jobban-terjed-a-mor-gekko-uruguayban\/\"]}]},{\"@type\":\"Person\",\"@id\":\"https:\/\/latinzona.hu\/#\/schema\/person\/de64af94bc35db4973955a05f752bd2d\",\"name\":\"Chileno\",\"image\":{\"@type\":\"ImageObject\",\"@id\":\"https:\/\/latinzona.hu\/#personlogo\",\"inLanguage\":\"hu\",\"url\":\"https:\/\/secure.gravatar.com\/avatar\/9a5fe6fe999607c0ed4bfce2f8ed2600?s=96&d=mm&r=g\",\"caption\":\"Chileno\"},\"sameAs\":[\"https:\/\/latinzona.hu\"]}]}<\/script>\n<!-- \/ Yoast SEO plugin. -->","_links":{"self":[{"href":"https:\/\/latinzona.hu\/index.php\/wp-json\/wp\/v2\/posts\/1749"}],"collection":[{"href":"https:\/\/latinzona.hu\/index.php\/wp-json\/wp\/v2\/posts"}],"about":[{"href":"https:\/\/latinzona.hu\/index.php\/wp-json\/wp\/v2\/types\/post"}],"author":[{"embeddable":true,"href":"https:\/\/latinzona.hu\/index.php\/wp-json\/wp\/v2\/users\/1"}],"replies":[{"embeddable":true,"href":"https:\/\/latinzona.hu\/index.php\/wp-json\/wp\/v2\/comments?post=1749"}],"version-history":[{"count":1,"href":"https:\/\/latinzona.hu\/index.php\/wp-json\/wp\/v2\/posts\/1749\/revisions"}],"predecessor-version":[{"id":1752,"href":"https:\/\/latinzona.hu\/index.php\/wp-json\/wp\/v2\/posts\/1749\/revisions\/1752"}],"wp:featuredmedia":[{"embeddable":true,"href":"https:\/\/latinzona.hu\/index.php\/wp-json\/wp\/v2\/media\/1751"}],"wp:attachment":[{"href":"https:\/\/latinzona.hu\/index.php\/wp-json\/wp\/v2\/media?parent=1749"}],"wp:term":[{"taxonomy":"category","embeddable":true,"href":"https:\/\/latinzona.hu\/index.php\/wp-json\/wp\/v2\/categories?post=1749"},{"taxonomy":"post_tag","embeddable":true,"href":"https:\/\/latinzona.hu\/index.php\/wp-json\/wp\/v2\/tags?post=1749"}],"curies":[{"name":"wp","href":"https:\/\/api.w.org\/{rel}","templated":true}]}}