{"id":1756,"date":"2025-12-10T20:39:27","date_gmt":"2025-12-10T20:39:27","guid":{"rendered":"https:\/\/latinzona.hu\/?p=1756"},"modified":"2025-12-10T20:39:29","modified_gmt":"2025-12-10T20:39:29","slug":"a-sidra-preferida-nagyon-nagy-kedvenc-ital-paraguayban","status":"publish","type":"post","link":"https:\/\/latinzona.hu\/index.php\/2025\/12\/10\/a-sidra-preferida-nagyon-nagy-kedvenc-ital-paraguayban\/","title":{"rendered":"A Sidra Preferida hat\u00e1sa a paraguayi gazdas\u00e1gra"},"content":{"rendered":"\n<p>A Sidra Preferida, Paraguay egyik legismertebb import\u00e1lt <a href=\"https:\/\/www.instagram.com\/popular\/sidra-preferida\/\">almabor m\u00e1rk\u00e1ja<\/a>, minden \u00e9v v\u00e9g\u00e9n kulcsszerepet j\u00e1tszik a csal\u00e1di \u00fcnnepl\u00e9sekben. <strong>B\u00e1r a term\u00e9k nem helyben k\u00e9sz\u00fcl, m\u00f6g\u00f6tte egy \u00f6sszetett \u00e9rt\u00e9kl\u00e1nc \u00e1ll, amely k\u00fclf\u00f6ldi pinc\u00e9szetekb\u0151l indul, ahol a v\u00e1logatott alm\u00e1k erjeszt\u00e9se \u00e9s palackoz\u00e1sa t\u00f6rt\u00e9nik.<\/strong> A sz\u00e1ll\u00edtm\u00e1nyok tengeri \u00faton jutnak el a r\u00e9gi\u00f3 kik\u00f6t\u0151ibe, majd sz\u00e1razf\u00f6ldi hat\u00e1r\u00e1tkel\u0151k\u00f6n kereszt\u00fcl l\u00e9pnek be Paraguayba, ahol v\u00e1mellen\u0151rz\u00e9sen \u00e9s min\u0151s\u00edt\u00e9si folyamatokon mennek \u00e1t.<\/p>\n\n\n\n<h2>A Sidra Preferida nem paraguayi, m\u00e9gis im\u00e1dj\u00e1k<\/h2>\n\n\n\n<p>A v\u00e1molt \u00e1ruk ezut\u00e1n hazai logisztikai k\u00f6zpontokba ker\u00fclnek, ahonnan nagykeresked\u0151k\u00f6n, szupermarketeken, kisebb boltokon \u00e9s hagyom\u00e1nyos kereskedelmi csatorn\u00e1kon kereszt\u00fcl jutnak el a fogyaszt\u00f3khoz. A helyi \u00e9rt\u00e9kl\u00e1ncban mintegy 300 ember dolgozik k\u00f6zvetlen\u00fcl vagy k\u00f6zvetve logisztik\u00e1ban, adminisztr\u00e1ci\u00f3ban, \u00e9rt\u00e9kes\u00edt\u00e9sben, prom\u00f3ci\u00f3ban \u00e9s kieg\u00e9sz\u00edt\u0151 szolg\u00e1ltat\u00e1sokban.<\/p>\n\n\n\n<p>A <a href=\"https:\/\/latinzona.hu\/index.php\/2021\/02\/23\/ot-ok-amiert-olcsok-a-del-amerikai-borok-magyarorszagon\/\">fogyaszt\u00e1s cs\u00facspontja<\/a> decemberben van, ez\u00e9rt a v\u00e1llalat szeptembert\u0151l novemberig fokozza az importot. Biztons\u00e1gi k\u00e9szleteket \u00e9p\u00edt, \u00e9s kiterjesztett m\u0171szakokkal, meger\u0151s\u00edtett sz\u00e1ll\u00edt\u00f3flott\u00e1val, valamint z\u00f3n\u00e1k szerinti ell\u00e1t\u00e1si tervvel k\u00e9sz\u00fcl. <strong>Kiemelt ter\u00fcletek Asunci\u00f3n, Central, Alto Paran\u00e1 \u00e9s Itap\u00faa. A szupermarketekben k\u00fcl\u00f6nleges kihelyez\u00e9sek \u00e9s prom\u00f3ci\u00f3k t\u00e1mogatj\u00e1k az \u00e9rt\u00e9kes\u00edt\u00e9st.<\/strong><\/p>\n\n\n\n<p>Az \u00fcnnepi id\u0151szakban a foglalkoztat\u00e1s 20\u201340%-kal n\u0151het ideiglenes munkaer\u0151 bevon\u00e1s\u00e1val: prom\u00f3terek, k\u00f3stoltat\u00f3k, \u00e1rufelt\u00f6lt\u0151k, sof\u0151r\u00f6k, seg\u00e9dmunk\u00e1sok \u00e9s esem\u00e9nyszervez\u0151k kapnak lehet\u0151s\u00e9get. Ez \u00e9l\u00e9nk\u00edti a munkaer\u0151piacot \u00e9s a helyi gazdas\u00e1got.<\/p>\n\n\n\n<p>A m\u00e1rka a kis- \u00e9s k\u00f6z\u00e9pv\u00e1llalkoz\u00e1soknak is teret ad: region\u00e1lis forgalmaz\u00f3kkal dolgozik, helyi \u00fcgyn\u00f6ks\u00e9geket \u00e9s besz\u00e1ll\u00edt\u00f3kat von be, valamint k\u00e9pz\u00e9seket ny\u00fajt a keresked\u0151knek. <strong>Az import\u00e1lt almabor szektor devizabev\u00e9telt, munkahelyeket \u00e9s kereskedelmi dinamizmust hoz az orsz\u00e1gnak.<\/strong> A Sidra Preferida a k\u00f6vetkez\u0151 \u00e9vekben 8\u201312%-os \u00e9ves n\u00f6veked\u00e9st tervez, \u00faj fajt\u00e1kkal \u00e9s sz\u00e9lesebb vid\u00e9ki lefedetts\u00e9ggel.<\/p>\n","protected":false},"excerpt":{"rendered":"<div class=\"mh-excerpt\"><p>A Sidra Preferida, Paraguay egyik legismertebb import\u00e1lt almabor m\u00e1rk\u00e1ja, minden \u00e9v v\u00e9g\u00e9n kulcsszerepet j\u00e1tszik a csal\u00e1di \u00fcnnepl\u00e9sekben. B\u00e1r a term\u00e9k nem helyben k\u00e9sz\u00fcl, m\u00f6g\u00f6tte egy <a class=\"mh-excerpt-more\" href=\"https:\/\/latinzona.hu\/index.php\/2025\/12\/10\/a-sidra-preferida-nagyon-nagy-kedvenc-ital-paraguayban\/\" title=\"A Sidra Preferida hat\u00e1sa a paraguayi gazdas\u00e1gra\">[&#8230;]<\/a><\/p>\n<\/div>","protected":false},"author":1,"featured_media":1757,"comment_status":"open","ping_status":"open","sticky":false,"template":"","format":"standard","meta":[],"categories":[18],"tags":[19],"yoast_head":"<!-- This site is optimized with the Yoast SEO plugin v15.5 - https:\/\/yoast.com\/wordpress\/plugins\/seo\/ -->\n<title>A Sidra Preferida hat\u00e1sa a paraguayi gazdas\u00e1gra - Latin Z\u00f3na<\/title>\n<meta name=\"description\" content=\"Paraguay egyik kedvenc \u00fcnnepi itala, a Sidra Preferida komoly hat\u00e1ssal b\u00edr az orsz\u00e1g gazdas\u00e1gi \u00e9let\u00e9re is.\" \/>\n<meta name=\"robots\" content=\"index, follow, max-snippet:-1, max-image-preview:large, max-video-preview:-1\" \/>\n<link rel=\"canonical\" href=\"https:\/\/latinzona.hu\/index.php\/2025\/12\/10\/a-sidra-preferida-nagyon-nagy-kedvenc-ital-paraguayban\/\" \/>\n<meta property=\"og:locale\" content=\"hu_HU\" \/>\n<meta property=\"og:type\" content=\"article\" \/>\n<meta property=\"og:title\" content=\"A Sidra Preferida hat\u00e1sa a paraguayi gazdas\u00e1gra - Latin Z\u00f3na\" \/>\n<meta property=\"og:description\" content=\"Paraguay egyik kedvenc \u00fcnnepi itala, a Sidra Preferida komoly hat\u00e1ssal b\u00edr az orsz\u00e1g gazdas\u00e1gi \u00e9let\u00e9re is.\" \/>\n<meta property=\"og:url\" content=\"https:\/\/latinzona.hu\/index.php\/2025\/12\/10\/a-sidra-preferida-nagyon-nagy-kedvenc-ital-paraguayban\/\" \/>\n<meta property=\"og:site_name\" content=\"Latin Z\u00f3na\" \/>\n<meta property=\"article:published_time\" content=\"2025-12-10T20:39:27+00:00\" \/>\n<meta property=\"article:modified_time\" content=\"2025-12-10T20:39:29+00:00\" \/>\n<meta property=\"og:image\" content=\"https:\/\/latinzona.hu\/wp-content\/uploads\/2025\/12\/sidra-preferida.jpg\" \/>\n\t<meta property=\"og:image:width\" content=\"640\" \/>\n\t<meta property=\"og:image:height\" content=\"480\" \/>\n<meta name=\"twitter:card\" content=\"summary_large_image\" \/>\n<meta name=\"twitter:label1\" content=\"Becs\u00fclt olvas\u00e1si id\u0151\">\n\t<meta name=\"twitter:data1\" content=\"2 perc\">\n<script type=\"application\/ld+json\" class=\"yoast-schema-graph\">{\"@context\":\"https:\/\/schema.org\",\"@graph\":[{\"@type\":\"WebSite\",\"@id\":\"https:\/\/latinzona.hu\/#website\",\"url\":\"https:\/\/latinzona.hu\/\",\"name\":\"Latin Z\\u00f3na\",\"description\":\"Mi D\\u00e9lre is figyel\\u00fcnk...\",\"potentialAction\":[{\"@type\":\"SearchAction\",\"target\":\"https:\/\/latinzona.hu\/?s={search_term_string}\",\"query-input\":\"required name=search_term_string\"}],\"inLanguage\":\"hu\"},{\"@type\":\"ImageObject\",\"@id\":\"https:\/\/latinzona.hu\/index.php\/2025\/12\/10\/a-sidra-preferida-nagyon-nagy-kedvenc-ital-paraguayban\/#primaryimage\",\"inLanguage\":\"hu\",\"url\":\"https:\/\/latinzona.hu\/wp-content\/uploads\/2025\/12\/sidra-preferida.jpg\",\"width\":640,\"height\":480},{\"@type\":\"WebPage\",\"@id\":\"https:\/\/latinzona.hu\/index.php\/2025\/12\/10\/a-sidra-preferida-nagyon-nagy-kedvenc-ital-paraguayban\/#webpage\",\"url\":\"https:\/\/latinzona.hu\/index.php\/2025\/12\/10\/a-sidra-preferida-nagyon-nagy-kedvenc-ital-paraguayban\/\",\"name\":\"A Sidra Preferida hat\\u00e1sa a paraguayi gazdas\\u00e1gra - Latin Z\\u00f3na\",\"isPartOf\":{\"@id\":\"https:\/\/latinzona.hu\/#website\"},\"primaryImageOfPage\":{\"@id\":\"https:\/\/latinzona.hu\/index.php\/2025\/12\/10\/a-sidra-preferida-nagyon-nagy-kedvenc-ital-paraguayban\/#primaryimage\"},\"datePublished\":\"2025-12-10T20:39:27+00:00\",\"dateModified\":\"2025-12-10T20:39:29+00:00\",\"author\":{\"@id\":\"https:\/\/latinzona.hu\/#\/schema\/person\/de64af94bc35db4973955a05f752bd2d\"},\"description\":\"Paraguay egyik kedvenc \\u00fcnnepi itala, a Sidra Preferida komoly hat\\u00e1ssal b\\u00edr az orsz\\u00e1g gazdas\\u00e1gi \\u00e9let\\u00e9re is.\",\"inLanguage\":\"hu\",\"potentialAction\":[{\"@type\":\"ReadAction\",\"target\":[\"https:\/\/latinzona.hu\/index.php\/2025\/12\/10\/a-sidra-preferida-nagyon-nagy-kedvenc-ital-paraguayban\/\"]}]},{\"@type\":\"Person\",\"@id\":\"https:\/\/latinzona.hu\/#\/schema\/person\/de64af94bc35db4973955a05f752bd2d\",\"name\":\"Chileno\",\"image\":{\"@type\":\"ImageObject\",\"@id\":\"https:\/\/latinzona.hu\/#personlogo\",\"inLanguage\":\"hu\",\"url\":\"https:\/\/secure.gravatar.com\/avatar\/9a5fe6fe999607c0ed4bfce2f8ed2600?s=96&d=mm&r=g\",\"caption\":\"Chileno\"},\"sameAs\":[\"https:\/\/latinzona.hu\"]}]}<\/script>\n<!-- \/ Yoast SEO plugin. -->","_links":{"self":[{"href":"https:\/\/latinzona.hu\/index.php\/wp-json\/wp\/v2\/posts\/1756"}],"collection":[{"href":"https:\/\/latinzona.hu\/index.php\/wp-json\/wp\/v2\/posts"}],"about":[{"href":"https:\/\/latinzona.hu\/index.php\/wp-json\/wp\/v2\/types\/post"}],"author":[{"embeddable":true,"href":"https:\/\/latinzona.hu\/index.php\/wp-json\/wp\/v2\/users\/1"}],"replies":[{"embeddable":true,"href":"https:\/\/latinzona.hu\/index.php\/wp-json\/wp\/v2\/comments?post=1756"}],"version-history":[{"count":1,"href":"https:\/\/latinzona.hu\/index.php\/wp-json\/wp\/v2\/posts\/1756\/revisions"}],"predecessor-version":[{"id":1758,"href":"https:\/\/latinzona.hu\/index.php\/wp-json\/wp\/v2\/posts\/1756\/revisions\/1758"}],"wp:featuredmedia":[{"embeddable":true,"href":"https:\/\/latinzona.hu\/index.php\/wp-json\/wp\/v2\/media\/1757"}],"wp:attachment":[{"href":"https:\/\/latinzona.hu\/index.php\/wp-json\/wp\/v2\/media?parent=1756"}],"wp:term":[{"taxonomy":"category","embeddable":true,"href":"https:\/\/latinzona.hu\/index.php\/wp-json\/wp\/v2\/categories?post=1756"},{"taxonomy":"post_tag","embeddable":true,"href":"https:\/\/latinzona.hu\/index.php\/wp-json\/wp\/v2\/tags?post=1756"}],"curies":[{"name":"wp","href":"https:\/\/api.w.org\/{rel}","templated":true}]}}