{"id":1878,"date":"2026-01-24T11:37:56","date_gmt":"2026-01-24T11:37:56","guid":{"rendered":"https:\/\/latinzona.hu\/?p=1878"},"modified":"2026-01-24T11:37:57","modified_gmt":"2026-01-24T11:37:57","slug":"hatekony-es-profi-mentoakcio-uruguay-partjainal","status":"publish","type":"post","link":"https:\/\/latinzona.hu\/index.php\/2026\/01\/24\/hatekony-es-profi-mentoakcio-uruguay-partjainal\/","title":{"rendered":"Egy csod\u00e1latos ment\u0151akci\u00f3 Uruguay partjain\u00e1l"},"content":{"rendered":"\n<p>Egy d\u00e9lut\u00e1ni kikapcsol\u00f3d\u00e1s majdnem trag\u00e9di\u00e1ba torkollott az uruguayi tengerparton. <strong>Az 58 \u00e9ves argentin turista, Daniel Crisci cs\u00fct\u00f6rt\u00f6k\u00f6n indult el jet skij\u00e9vel a Portezuelo <a href=\"https:\/\/latinzona.hu\/index.php\/2025\/03\/22\/leallitjak-a-punta-ballena-beepitesere-iranyulo-projektet\/\">partszakaszr\u00f3l<\/a>, \u00e1m est\u00e9re nem t\u00e9rt vissza. A Maldonado-i Kik\u00f6t\u0151i Prefekt\u00fara azonnal riaszt\u00e1st adott ki, \u00e9s kiterjedt keres\u00e9si \u00e9s ment\u00e9si m\u0171veletet ind\u00edtott.<\/strong> A rossz l\u00e1t\u00e1si viszonyok ellen\u00e9re a haditenger\u00e9szet haj\u00f3i, a haditenger\u00e9szeti rep\u00fcl\u00e9s egyik g\u00e9pe, valamint h\u0151kamer\u00e1s dr\u00f3nok is r\u00e9szt vettek a ment\u0151akci\u00f3 Uruguay partjain\u00e1l v\u00e9grehajtott m\u0171velet\u00e9ben. V\u00e9g\u00fcl p\u00e9ntek reggel tal\u00e1lt\u00e1k meg Criscit a Brava Beach 5-\u00f6s meg\u00e1ll\u00f3j\u00e1n\u00e1l, a Zorba parador k\u00f6zel\u00e9ben, m\u00e9g mindig a jet ski fed\u00e9lzet\u00e9n.<\/p>\n\n\n\n<h2>A ment\u0151akci\u00f3 Uruguay eg\u00e9sz\u00e9t megmozgatta<\/h2>\n\n\n\n<p>A f\u00e9rfi kezdetben vonakodott elhagyni j\u00e1rm\u0171v\u00e9t, de v\u00e9g\u00fcl elfogadta a seg\u00edts\u00e9get. Partra \u00e9rve azonnal orvosi ell\u00e1t\u00e1sban r\u00e9szes\u00fclt, majd tov\u00e1bbi vizsg\u00e1latokra k\u00f3rh\u00e1zba sz\u00e1ll\u00edtott\u00e1k. <strong>\u00c1llapota stabil, de a hossz\u00fa \u00f3r\u00e1kon \u00e1t tart\u00f3 tengeri kitetts\u00e9g miatt sz\u00fcks\u00e9ges volt a r\u00e9szletes ellen\u0151rz\u00e9s.<\/strong> Az eset \u00fajabb figyelmeztet\u00e9s a 2026-os szezonban, amikor t\u00f6bb hasonl\u00f3 riaszt\u00e1s t\u00f6rt\u00e9nt az uruguayi keleti parton. A hat\u00f3s\u00e1gok hangs\u00falyozt\u00e1k: a v\u00edzi j\u00e1rm\u0171vek haszn\u00e1lata sor\u00e1n mindig be kell tartani a biztons\u00e1gi el\u0151\u00edr\u00e1sokat \u00e9s figyelembe kell venni az id\u0151j\u00e1r\u00e1si figyelmeztet\u00e9seket. A baleset ok\u00e1t vizsg\u00e1lj\u00e1k, de val\u00f3sz\u00edn\u0171leg a tengeri \u00e1ramlatok sodort\u00e1k el, vagy m\u0171szaki hiba l\u00e9pett fel.<\/p>\n\n\n\n<p>Hasonl\u00f3 eset t\u00f6rt\u00e9nt n\u00e9h\u00e1ny \u00e9vvel kor\u00e1bban a brazil Florian\u00f3polis k\u00f6zel\u00e9ben, amikor egy helyi f\u00e9rfi kajakkal indult el a lag\u00fan\u00e1b\u00f3l, de er\u0151s sz\u00e9l \u00e9s \u00e1ramlat miatt nem tudott visszat\u00e9rni. <strong>\u0150t csak m\u00e1snap reggel tal\u00e1lt\u00e1k meg a partt\u00f3l t\u00f6bb kilom\u00e9terre, kimer\u00fclten, de \u00e9letben. Akkor is dr\u00f3nok \u00e9s helikopterek seg\u00edtett\u00e9k a keres\u00e9st.<\/strong> Mindk\u00e9t t\u00f6rt\u00e9net r\u00e1vil\u00e1g\u00edt arra, hogy a tenger kisz\u00e1m\u00edthatatlan. Plusz a modern technol\u00f3gia \u2013 h\u0151kamer\u00e1k, dr\u00f3nok, rep\u00fcl\u0151g\u00e9pek \u2013 n\u00e9lk\u00fcl sokkal nehezebb lenne id\u0151ben megtal\u00e1lni az elt\u0171nteket.<\/p>\n","protected":false},"excerpt":{"rendered":"<div class=\"mh-excerpt\"><p>Egy d\u00e9lut\u00e1ni kikapcsol\u00f3d\u00e1s majdnem trag\u00e9di\u00e1ba torkollott az uruguayi tengerparton. Az 58 \u00e9ves argentin turista, Daniel Crisci cs\u00fct\u00f6rt\u00f6k\u00f6n indult el jet skij\u00e9vel a Portezuelo partszakaszr\u00f3l, \u00e1m <a class=\"mh-excerpt-more\" href=\"https:\/\/latinzona.hu\/index.php\/2026\/01\/24\/hatekony-es-profi-mentoakcio-uruguay-partjainal\/\" title=\"Egy csod\u00e1latos ment\u0151akci\u00f3 Uruguay partjain\u00e1l\">[&#8230;]<\/a><\/p>\n<\/div>","protected":false},"author":1,"featured_media":1879,"comment_status":"open","ping_status":"open","sticky":false,"template":"","format":"standard","meta":[],"categories":[13],"tags":[14],"yoast_head":"<!-- This site is optimized with the Yoast SEO plugin v15.5 - https:\/\/yoast.com\/wordpress\/plugins\/seo\/ -->\n<title>Egy csod\u00e1latos ment\u0151akci\u00f3 Uruguay partjain\u00e1l - Latin Z\u00f3na<\/title>\n<meta name=\"description\" content=\"Profi ment\u0151akci\u00f3 Uruguay partjain\u00e1l - egy elveszett argentin f\u00e9rfit tal\u00e1ltak meg a hat\u00f3s\u00e1gok sok \u00f3r\u00e1s keres\u00e9s ut\u00e1n.\" \/>\n<meta name=\"robots\" content=\"index, follow, max-snippet:-1, max-image-preview:large, max-video-preview:-1\" \/>\n<link rel=\"canonical\" href=\"https:\/\/latinzona.hu\/index.php\/2026\/01\/24\/hatekony-es-profi-mentoakcio-uruguay-partjainal\/\" \/>\n<meta property=\"og:locale\" content=\"hu_HU\" \/>\n<meta property=\"og:type\" content=\"article\" \/>\n<meta property=\"og:title\" content=\"Egy csod\u00e1latos ment\u0151akci\u00f3 Uruguay partjain\u00e1l - Latin Z\u00f3na\" \/>\n<meta property=\"og:description\" content=\"Profi ment\u0151akci\u00f3 Uruguay partjain\u00e1l - egy elveszett argentin f\u00e9rfit tal\u00e1ltak meg a hat\u00f3s\u00e1gok sok \u00f3r\u00e1s keres\u00e9s ut\u00e1n.\" \/>\n<meta property=\"og:url\" content=\"https:\/\/latinzona.hu\/index.php\/2026\/01\/24\/hatekony-es-profi-mentoakcio-uruguay-partjainal\/\" \/>\n<meta property=\"og:site_name\" content=\"Latin Z\u00f3na\" \/>\n<meta property=\"article:published_time\" content=\"2026-01-24T11:37:56+00:00\" \/>\n<meta property=\"article:modified_time\" content=\"2026-01-24T11:37:57+00:00\" \/>\n<meta property=\"og:image\" content=\"https:\/\/latinzona.hu\/wp-content\/uploads\/2026\/01\/jetski.png\" \/>\n\t<meta property=\"og:image:width\" content=\"953\" \/>\n\t<meta property=\"og:image:height\" content=\"555\" \/>\n<meta name=\"twitter:card\" content=\"summary_large_image\" \/>\n<meta name=\"twitter:label1\" content=\"Becs\u00fclt olvas\u00e1si id\u0151\">\n\t<meta name=\"twitter:data1\" content=\"2 perc\">\n<script type=\"application\/ld+json\" class=\"yoast-schema-graph\">{\"@context\":\"https:\/\/schema.org\",\"@graph\":[{\"@type\":\"WebSite\",\"@id\":\"https:\/\/latinzona.hu\/#website\",\"url\":\"https:\/\/latinzona.hu\/\",\"name\":\"Latin Z\\u00f3na\",\"description\":\"Mi D\\u00e9lre is figyel\\u00fcnk...\",\"potentialAction\":[{\"@type\":\"SearchAction\",\"target\":\"https:\/\/latinzona.hu\/?s={search_term_string}\",\"query-input\":\"required name=search_term_string\"}],\"inLanguage\":\"hu\"},{\"@type\":\"ImageObject\",\"@id\":\"https:\/\/latinzona.hu\/index.php\/2026\/01\/24\/hatekony-es-profi-mentoakcio-uruguay-partjainal\/#primaryimage\",\"inLanguage\":\"hu\",\"url\":\"https:\/\/latinzona.hu\/wp-content\/uploads\/2026\/01\/jetski.png\",\"width\":953,\"height\":555},{\"@type\":\"WebPage\",\"@id\":\"https:\/\/latinzona.hu\/index.php\/2026\/01\/24\/hatekony-es-profi-mentoakcio-uruguay-partjainal\/#webpage\",\"url\":\"https:\/\/latinzona.hu\/index.php\/2026\/01\/24\/hatekony-es-profi-mentoakcio-uruguay-partjainal\/\",\"name\":\"Egy csod\\u00e1latos ment\\u0151akci\\u00f3 Uruguay partjain\\u00e1l - Latin Z\\u00f3na\",\"isPartOf\":{\"@id\":\"https:\/\/latinzona.hu\/#website\"},\"primaryImageOfPage\":{\"@id\":\"https:\/\/latinzona.hu\/index.php\/2026\/01\/24\/hatekony-es-profi-mentoakcio-uruguay-partjainal\/#primaryimage\"},\"datePublished\":\"2026-01-24T11:37:56+00:00\",\"dateModified\":\"2026-01-24T11:37:57+00:00\",\"author\":{\"@id\":\"https:\/\/latinzona.hu\/#\/schema\/person\/de64af94bc35db4973955a05f752bd2d\"},\"description\":\"Profi ment\\u0151akci\\u00f3 Uruguay partjain\\u00e1l - egy elveszett argentin f\\u00e9rfit tal\\u00e1ltak meg a hat\\u00f3s\\u00e1gok sok \\u00f3r\\u00e1s keres\\u00e9s ut\\u00e1n.\",\"inLanguage\":\"hu\",\"potentialAction\":[{\"@type\":\"ReadAction\",\"target\":[\"https:\/\/latinzona.hu\/index.php\/2026\/01\/24\/hatekony-es-profi-mentoakcio-uruguay-partjainal\/\"]}]},{\"@type\":\"Person\",\"@id\":\"https:\/\/latinzona.hu\/#\/schema\/person\/de64af94bc35db4973955a05f752bd2d\",\"name\":\"Chileno\",\"image\":{\"@type\":\"ImageObject\",\"@id\":\"https:\/\/latinzona.hu\/#personlogo\",\"inLanguage\":\"hu\",\"url\":\"https:\/\/secure.gravatar.com\/avatar\/9a5fe6fe999607c0ed4bfce2f8ed2600?s=96&d=mm&r=g\",\"caption\":\"Chileno\"},\"sameAs\":[\"https:\/\/latinzona.hu\"]}]}<\/script>\n<!-- \/ Yoast SEO plugin. -->","_links":{"self":[{"href":"https:\/\/latinzona.hu\/index.php\/wp-json\/wp\/v2\/posts\/1878"}],"collection":[{"href":"https:\/\/latinzona.hu\/index.php\/wp-json\/wp\/v2\/posts"}],"about":[{"href":"https:\/\/latinzona.hu\/index.php\/wp-json\/wp\/v2\/types\/post"}],"author":[{"embeddable":true,"href":"https:\/\/latinzona.hu\/index.php\/wp-json\/wp\/v2\/users\/1"}],"replies":[{"embeddable":true,"href":"https:\/\/latinzona.hu\/index.php\/wp-json\/wp\/v2\/comments?post=1878"}],"version-history":[{"count":1,"href":"https:\/\/latinzona.hu\/index.php\/wp-json\/wp\/v2\/posts\/1878\/revisions"}],"predecessor-version":[{"id":1880,"href":"https:\/\/latinzona.hu\/index.php\/wp-json\/wp\/v2\/posts\/1878\/revisions\/1880"}],"wp:featuredmedia":[{"embeddable":true,"href":"https:\/\/latinzona.hu\/index.php\/wp-json\/wp\/v2\/media\/1879"}],"wp:attachment":[{"href":"https:\/\/latinzona.hu\/index.php\/wp-json\/wp\/v2\/media?parent=1878"}],"wp:term":[{"taxonomy":"category","embeddable":true,"href":"https:\/\/latinzona.hu\/index.php\/wp-json\/wp\/v2\/categories?post=1878"},{"taxonomy":"post_tag","embeddable":true,"href":"https:\/\/latinzona.hu\/index.php\/wp-json\/wp\/v2\/tags?post=1878"}],"curies":[{"name":"wp","href":"https:\/\/api.w.org\/{rel}","templated":true}]}}