{"id":1882,"date":"2026-01-25T13:51:22","date_gmt":"2026-01-25T13:51:22","guid":{"rendered":"https:\/\/latinzona.hu\/?p=1882"},"modified":"2026-01-25T13:51:23","modified_gmt":"2026-01-25T13:51:23","slug":"piratas-dos-solimoes-egy-szervezet-az-amazonas-melyen","status":"publish","type":"post","link":"https:\/\/latinzona.hu\/index.php\/2026\/01\/25\/piratas-dos-solimoes-egy-szervezet-az-amazonas-melyen\/","title":{"rendered":"A Piratas dos Solim\u00f5es szervezet\u00e9nek bemutat\u00e1sa"},"content":{"rendered":"\n<p><strong>A Piratas dos Solim\u00f5es egy braz\u00edliai b\u0171nszervezet, amely f\u0151k\u00e9nt az Amazonas vid\u00e9k\u00e9n m\u0171k\u00f6dik, \u00e9s a folyami \u00fatvonalak ellen\u0151rz\u00e9s\u00e9re, valamint a drogkereskedelem \u00e9s fegyvercsemp\u00e9szet biztos\u00edt\u00e1s\u00e1ra j\u00f6tt l\u00e9tre.<\/strong><\/p>\n\n\n\n<h3>A <strong>Piratas dos Solim\u00f5es<\/strong> t\u00f6rt\u00e9nete<\/h3>\n\n\n\n<p>Ez nem egy hivatalosan bejegyzett szervezet, hanem egy <strong>helyi b\u0171nbanda<\/strong>, amely az Amazonas foly\u00f3 <a href=\"https:\/\/latinzona.hu\/index.php\/2025\/01\/02\/a-guato-indian-torzset-alig-sikerult-megmenteni\/\">ment\u00e9n<\/a> alakult ki az elm\u00falt \u00e9vtizedekben. Pontos alap\u00edt\u00e1si d\u00e1tuma nem ismert, mivel spont\u00e1n m\u00f3don szervez\u0151d\u00f6tt a folyami kereskedelem \u00e9s a csemp\u00e9szet k\u00f6r\u00fcl. Nev\u00fck a Solim\u00f5es foly\u00f3ra utal, amely az Amazonas brazil szakasz\u00e1nak egyik elnevez\u00e9se.<\/p>\n\n\n\n<p>A csoport <strong>sz\u00e9khelye Amazonas \u00e1llam bels\u0151 ter\u00fcletein<\/strong> tal\u00e1lhat\u00f3, de nem egyetlen v\u00e1rosban koncentr\u00e1l\u00f3dik. Ink\u00e1bb <strong>foly\u00f3 menti telep\u00fcl\u00e9seken<\/strong> \u00e9s kik\u00f6t\u0151kben van jelen, ahol a v\u00edzi k\u00f6zleked\u00e9s kulcsfontoss\u00e1g\u00fa. A legfrissebb kutat\u00e1sok szerint a Piratas dos Solim\u00f5es <strong>h\u00e1rom telep\u00fcl\u00e9sen uralkod\u00f3 er\u0151k\u00e9nt<\/strong> van jelen, m\u00edg m\u00e1s helyeken a Comando Vermelho (CV) vagy a Primeiro Comando da Capital (PCC) domin\u00e1l .<\/p>\n\n\n\n<h3>L\u00e9tsz\u00e1m \u00e9s szervezetts\u00e9g<\/h3>\n\n\n\n<p>A pontos l\u00e9tsz\u00e1m nem ismert, de a becsl\u00e9sek szerint <strong>t\u00f6bb sz\u00e1z tagot<\/strong> sz\u00e1ml\u00e1lhatnak, akik kisebb csoportokban m\u0171k\u00f6dnek. A szervezet laza strukt\u00far\u00e1val rendelkezik, \u00e9s gyakran <strong>sz\u00f6vets\u00e9get k\u00f6t m\u00e1s b\u0171nband\u00e1kkal<\/strong>, p\u00e9ld\u00e1ul a PCC-vel, a CV-vel vagy ak\u00e1r kolumbiai kartellekkel .<\/p>\n\n\n\n<h3>C\u00e9lok \u00e9s tev\u00e9kenys\u00e9g<\/h3>\n\n\n\n<p>A csoport f\u0151 c\u00e9lja a <strong>drogkereskedelmi \u00fatvonalak ellen\u0151rz\u00e9se<\/strong> az Amazonas foly\u00f3n, valamint a fegyver- \u00e9s embercsemp\u00e9szet biztos\u00edt\u00e1sa. Emellett r\u00e9szt vesznek <strong>helyi er\u0151szakos konfliktusokban<\/strong>, amikor m\u00e1s band\u00e1kkal versengenek a ter\u00fclet\u00e9rt. A &#8220;k\u00fczdelm\u00fck&#8221; teh\u00e1t nem politikai vagy ideol\u00f3giai, hanem <strong>gazdas\u00e1gi \u00e9rdekekhez k\u00f6t\u0151dik<\/strong>: a folyami kereskedelem \u00e9s a csemp\u00e9szet profitj\u00e1nak megszerz\u00e9s\u00e9hez.<\/p>\n\n\n\n<p>A Piratas dos Solim\u00f5es teh\u00e1t egy <strong>helyi, foly\u00f3hoz k\u00f6t\u0151d\u0151 b\u0171nszervezet<\/strong>, amely az Amazonas bels\u0151 ter\u00fcletein m\u0171k\u00f6dik. Nem rendelkezik hivatalos sz\u00e9khellyel vagy ideol\u00f3giai programmal, hanem a <strong>drog- \u00e9s fegyverkereskedelemb\u0151l sz\u00e1rmaz\u00f3 haszon\u00e9rt harcol<\/strong>. Tagjai sz\u00e1ma bizonytalan, de befoly\u00e1suk jelent\u0151s, mivel a folyami \u00fatvonalak kulcsfontoss\u00e1g\u00faak a r\u00e9gi\u00f3 illeg\u00e1lis gazdas\u00e1g\u00e1ban.<\/p>\n","protected":false},"excerpt":{"rendered":"<div class=\"mh-excerpt\"><p>A Piratas dos Solim\u00f5es egy braz\u00edliai b\u0171nszervezet, amely f\u0151k\u00e9nt az Amazonas vid\u00e9k\u00e9n m\u0171k\u00f6dik, \u00e9s a folyami \u00fatvonalak ellen\u0151rz\u00e9s\u00e9re, valamint a drogkereskedelem \u00e9s fegyvercsemp\u00e9szet biztos\u00edt\u00e1s\u00e1ra j\u00f6tt <a class=\"mh-excerpt-more\" href=\"https:\/\/latinzona.hu\/index.php\/2026\/01\/25\/piratas-dos-solimoes-egy-szervezet-az-amazonas-melyen\/\" title=\"A Piratas dos Solim\u00f5es szervezet\u00e9nek bemutat\u00e1sa\">[&#8230;]<\/a><\/p>\n<\/div>","protected":false},"author":1,"featured_media":1883,"comment_status":"open","ping_status":"open","sticky":false,"template":"","format":"standard","meta":[],"categories":[42],"tags":[43],"yoast_head":"<!-- This site is optimized with the Yoast SEO plugin v15.5 - https:\/\/yoast.com\/wordpress\/plugins\/seo\/ -->\n<title>A Piratas dos Solim\u00f5es szervezet\u00e9nek bemutat\u00e1sa - Latin Z\u00f3na<\/title>\n<meta name=\"description\" content=\"Nem elvek \u00e9s c\u00e9lok, hanem kiz\u00e1r\u00f3lag a profit hajtja el\u0151re a Piratas dos Solim\u00f5es szervezet\u00e9t az Amazonos vid\u00e9k\u00e9n.\" \/>\n<meta name=\"robots\" content=\"index, follow, max-snippet:-1, max-image-preview:large, max-video-preview:-1\" \/>\n<link rel=\"canonical\" href=\"https:\/\/latinzona.hu\/index.php\/2026\/01\/25\/piratas-dos-solimoes-egy-szervezet-az-amazonas-melyen\/\" \/>\n<meta property=\"og:locale\" content=\"hu_HU\" \/>\n<meta property=\"og:type\" content=\"article\" \/>\n<meta property=\"og:title\" content=\"A Piratas dos Solim\u00f5es szervezet\u00e9nek bemutat\u00e1sa - Latin Z\u00f3na\" \/>\n<meta property=\"og:description\" content=\"Nem elvek \u00e9s c\u00e9lok, hanem kiz\u00e1r\u00f3lag a profit hajtja el\u0151re a Piratas dos Solim\u00f5es szervezet\u00e9t az Amazonos vid\u00e9k\u00e9n.\" \/>\n<meta property=\"og:url\" content=\"https:\/\/latinzona.hu\/index.php\/2026\/01\/25\/piratas-dos-solimoes-egy-szervezet-az-amazonas-melyen\/\" \/>\n<meta property=\"og:site_name\" content=\"Latin Z\u00f3na\" \/>\n<meta property=\"article:published_time\" content=\"2026-01-25T13:51:22+00:00\" \/>\n<meta property=\"article:modified_time\" content=\"2026-01-25T13:51:23+00:00\" \/>\n<meta property=\"og:image\" content=\"https:\/\/latinzona.hu\/wp-content\/uploads\/2026\/01\/piratas.jpg\" \/>\n\t<meta property=\"og:image:width\" content=\"600\" \/>\n\t<meta property=\"og:image:height\" content=\"338\" \/>\n<meta name=\"twitter:card\" content=\"summary_large_image\" \/>\n<meta name=\"twitter:label1\" content=\"Becs\u00fclt olvas\u00e1si id\u0151\">\n\t<meta name=\"twitter:data1\" content=\"2 perc\">\n<script type=\"application\/ld+json\" class=\"yoast-schema-graph\">{\"@context\":\"https:\/\/schema.org\",\"@graph\":[{\"@type\":\"WebSite\",\"@id\":\"https:\/\/latinzona.hu\/#website\",\"url\":\"https:\/\/latinzona.hu\/\",\"name\":\"Latin Z\\u00f3na\",\"description\":\"Mi D\\u00e9lre is figyel\\u00fcnk...\",\"potentialAction\":[{\"@type\":\"SearchAction\",\"target\":\"https:\/\/latinzona.hu\/?s={search_term_string}\",\"query-input\":\"required name=search_term_string\"}],\"inLanguage\":\"hu\"},{\"@type\":\"ImageObject\",\"@id\":\"https:\/\/latinzona.hu\/index.php\/2026\/01\/25\/piratas-dos-solimoes-egy-szervezet-az-amazonas-melyen\/#primaryimage\",\"inLanguage\":\"hu\",\"url\":\"https:\/\/latinzona.hu\/wp-content\/uploads\/2026\/01\/piratas.jpg\",\"width\":600,\"height\":338},{\"@type\":\"WebPage\",\"@id\":\"https:\/\/latinzona.hu\/index.php\/2026\/01\/25\/piratas-dos-solimoes-egy-szervezet-az-amazonas-melyen\/#webpage\",\"url\":\"https:\/\/latinzona.hu\/index.php\/2026\/01\/25\/piratas-dos-solimoes-egy-szervezet-az-amazonas-melyen\/\",\"name\":\"A Piratas dos Solim\\u00f5es szervezet\\u00e9nek bemutat\\u00e1sa - Latin Z\\u00f3na\",\"isPartOf\":{\"@id\":\"https:\/\/latinzona.hu\/#website\"},\"primaryImageOfPage\":{\"@id\":\"https:\/\/latinzona.hu\/index.php\/2026\/01\/25\/piratas-dos-solimoes-egy-szervezet-az-amazonas-melyen\/#primaryimage\"},\"datePublished\":\"2026-01-25T13:51:22+00:00\",\"dateModified\":\"2026-01-25T13:51:23+00:00\",\"author\":{\"@id\":\"https:\/\/latinzona.hu\/#\/schema\/person\/de64af94bc35db4973955a05f752bd2d\"},\"description\":\"Nem elvek \\u00e9s c\\u00e9lok, hanem kiz\\u00e1r\\u00f3lag a profit hajtja el\\u0151re a Piratas dos Solim\\u00f5es szervezet\\u00e9t az Amazonos vid\\u00e9k\\u00e9n.\",\"inLanguage\":\"hu\",\"potentialAction\":[{\"@type\":\"ReadAction\",\"target\":[\"https:\/\/latinzona.hu\/index.php\/2026\/01\/25\/piratas-dos-solimoes-egy-szervezet-az-amazonas-melyen\/\"]}]},{\"@type\":\"Person\",\"@id\":\"https:\/\/latinzona.hu\/#\/schema\/person\/de64af94bc35db4973955a05f752bd2d\",\"name\":\"Chileno\",\"image\":{\"@type\":\"ImageObject\",\"@id\":\"https:\/\/latinzona.hu\/#personlogo\",\"inLanguage\":\"hu\",\"url\":\"https:\/\/secure.gravatar.com\/avatar\/9a5fe6fe999607c0ed4bfce2f8ed2600?s=96&d=mm&r=g\",\"caption\":\"Chileno\"},\"sameAs\":[\"https:\/\/latinzona.hu\"]}]}<\/script>\n<!-- \/ Yoast SEO plugin. -->","_links":{"self":[{"href":"https:\/\/latinzona.hu\/index.php\/wp-json\/wp\/v2\/posts\/1882"}],"collection":[{"href":"https:\/\/latinzona.hu\/index.php\/wp-json\/wp\/v2\/posts"}],"about":[{"href":"https:\/\/latinzona.hu\/index.php\/wp-json\/wp\/v2\/types\/post"}],"author":[{"embeddable":true,"href":"https:\/\/latinzona.hu\/index.php\/wp-json\/wp\/v2\/users\/1"}],"replies":[{"embeddable":true,"href":"https:\/\/latinzona.hu\/index.php\/wp-json\/wp\/v2\/comments?post=1882"}],"version-history":[{"count":1,"href":"https:\/\/latinzona.hu\/index.php\/wp-json\/wp\/v2\/posts\/1882\/revisions"}],"predecessor-version":[{"id":1884,"href":"https:\/\/latinzona.hu\/index.php\/wp-json\/wp\/v2\/posts\/1882\/revisions\/1884"}],"wp:featuredmedia":[{"embeddable":true,"href":"https:\/\/latinzona.hu\/index.php\/wp-json\/wp\/v2\/media\/1883"}],"wp:attachment":[{"href":"https:\/\/latinzona.hu\/index.php\/wp-json\/wp\/v2\/media?parent=1882"}],"wp:term":[{"taxonomy":"category","embeddable":true,"href":"https:\/\/latinzona.hu\/index.php\/wp-json\/wp\/v2\/categories?post=1882"},{"taxonomy":"post_tag","embeddable":true,"href":"https:\/\/latinzona.hu\/index.php\/wp-json\/wp\/v2\/tags?post=1882"}],"curies":[{"name":"wp","href":"https:\/\/api.w.org\/{rel}","templated":true}]}}