{"id":2000,"date":"2026-03-08T13:09:16","date_gmt":"2026-03-08T13:09:16","guid":{"rendered":"https:\/\/latinzona.hu\/?p=2000"},"modified":"2026-03-08T13:09:18","modified_gmt":"2026-03-08T13:09:18","slug":"egyre-tobb-a-fiatalkoru-eletfogytiglan-buntetessel-argentinaban","status":"publish","type":"post","link":"https:\/\/latinzona.hu\/index.php\/2026\/03\/08\/egyre-tobb-a-fiatalkoru-eletfogytiglan-buntetessel-argentinaban\/","title":{"rendered":"Fiatalkor\u00fa \u00e9letfogytiglan &#8211; Lucas Mendoza t\u00f6rt\u00e9nete"},"content":{"rendered":"\n<p>Az argentin Lucas Mat\u00edas Mendoza t\u00f6rt\u00e9nete egy s\u00falyos \u00e9s \u00f6sszetett p\u00e9lda arra, hogyan t\u00f6rhet der\u00e9kba egy fiatal \u00e9letet az er\u0151szak, a szeg\u00e9nys\u00e9g \u00e9s az \u00e1llami vissza\u00e9l\u00e9sek rendszere. Mendoza 16 \u00e9vesen ker\u00fclt b\u00f6rt\u00f6nbe, miut\u00e1n gyerekkora Fuerte Apache nyomornegyed\u00e9ben drogokkal, band\u00e1kkal \u00e9s b\u0171ncselekm\u00e9nyekkel telt. <\/p>\n\n\n\n<figure class=\"wp-block-image size-large\"><img loading=\"lazy\" width=\"519\" height=\"248\" src=\"https:\/\/latinzona.hu\/wp-content\/uploads\/2026\/03\/Foto-Fuerte-Apache.png\" alt=\"\" class=\"wp-image-2003\" srcset=\"https:\/\/latinzona.hu\/wp-content\/uploads\/2026\/03\/Foto-Fuerte-Apache.png 519w, https:\/\/latinzona.hu\/wp-content\/uploads\/2026\/03\/Foto-Fuerte-Apache-300x143.png 300w\" sizes=\"(max-width: 519px) 100vw, 519px\" \/><\/figure>\n\n\n\n<p><strong>Tizen\u00e9vesk\u00e9nt \u00e9letfogytiglanra \u00edt\u00e9lt\u00e9k \u2013 annak ellen\u00e9re, hogy a Gyermekjogi Egyezm\u00e9ny tiltja a kiskor\u00fa \u00e9s fiatalkor\u00fa \u00e9letfogytiglan b\u00fcntet\u00e9st. T\u00f6bb mint h\u00fasz \u00e9vet t\u00f6lt\u00f6tt k\u00fcl\u00f6nb\u00f6z\u0151 int\u00e9zetekben \u00e9s b\u00f6rt\u00f6n\u00f6kben, <a href=\"https:\/\/www.pagina12.com.ar\/diario\/sociedad\/3-68168-2006-06-11.html\">ahol rendszeres ver\u00e9sek, k\u00ednz\u00e1sok \u00e9s elhanyagol\u00e1s \u00e9rte<\/a><\/strong>. Egy 1998-as s\u00e9r\u00fcl\u00e9s ut\u00e1n \u2013 amikor egy labda eltal\u00e1lta a szem\u00e9t \u2013 nem kapott megfelel\u0151 ell\u00e1t\u00e1st, \u00edgy r\u00e9szlegesen megvakult. 2007-ben \u0151t \u00e9s t\u00e1rs\u00e1t brut\u00e1lisan megk\u00ednozt\u00e1k az ezeizai b\u00f6rt\u00f6nben. A &#8220;pata pata&#8221; nev\u0171 m\u00f3dszer keret\u00e9ben gumibotokkal vert\u00e9k a talp\u00e1t \u00e9s l\u00e1b\u00e1t.<\/p>\n\n\n\n<h2>Fiatalkor\u00fa \u00e9letfogytiglan b\u00fcntet\u00e9s ut\u00e1n m\u00e9g szabadul\u00e1s eset\u00e9n sem lesz olyan, mint kor\u00e1bban<\/h2>\n\n\n\n<p>A b\u00f6rt\u00f6n\u00e9vek alatt t\u00f6bbsz\u00f6r megsebes\u00edtett\u00e9k rabt\u00e1rsai is, \u00e9s \u00e1lland\u00f3 f\u00e9lelemben \u00e9lt. A k\u00ednz\u00e1sok, az elszigetelts\u00e9g \u00e9s a folyamatos er\u0151szak maradand\u00f3 pszich\u00e9s k\u00e1rokat okoztak.<\/p>\n\n\n\n<figure class=\"wp-block-image size-large\"><img loading=\"lazy\" width=\"880\" height=\"495\" src=\"https:\/\/latinzona.hu\/wp-content\/uploads\/2026\/03\/20190703004719_367409.jpg\" alt=\"\" class=\"wp-image-2004\" srcset=\"https:\/\/latinzona.hu\/wp-content\/uploads\/2026\/03\/20190703004719_367409.jpg 880w, https:\/\/latinzona.hu\/wp-content\/uploads\/2026\/03\/20190703004719_367409-300x169.jpg 300w, https:\/\/latinzona.hu\/wp-content\/uploads\/2026\/03\/20190703004719_367409-768x432.jpg 768w, https:\/\/latinzona.hu\/wp-content\/uploads\/2026\/03\/20190703004719_367409-678x381.jpg 678w\" sizes=\"(max-width: 880px) 100vw, 880px\" \/><\/figure>\n\n\n\n<p> V\u00e9g\u00fcl 2013-ban az Inter-amerikai Emberi Jogi B\u00edr\u00f3s\u00e1g kimondta, hogy Argent\u00edna megs\u00e9rtette Mendoza \u00e9s m\u00e1s kiskor\u00fa el\u00edt\u00e9ltek jogait, \u00edgy szabadulhatott. Szabadul\u00e1sa ut\u00e1n ter\u00e1pi\u00e1ra j\u00e1r, \u00f6t gyermeket nevel, \u00e9s pr\u00f3b\u00e1l talpra \u00e1llni. Braille-k\u00f6nyveket k\u00e9sz\u00edt egy kiad\u00f3n\u00e1l, saj\u00e1t v\u00e1llalkoz\u00e1st ind\u00edtott, \u00e9s jogot tanul, hogy meg\u00e9rtse, hogyan \u00edt\u00e9lt\u00e9k el.<\/p>\n\n\n\n<p>Mendoza szerint a b\u00fcntet\u00e9s-v\u00e9grehajt\u00e1s nem rehabilit\u00e1l, hanem &#8220;\u00e1llatt\u00e1 tesz&#8221;. A fiatalkor\u00faak b\u00fcntethet\u0151s\u00e9gi korhat\u00e1r\u00e1nak cs\u00f6kkent\u00e9se csak tov\u00e1bb rontja a helyzetet. A gyerekek m\u00e9g s\u00e9r\u00fcl\u00e9kenyebbek, \u00e9s a b\u00f6rt\u00f6nb\u0151l t\u00f6bb er\u0151szakkal, t\u00f6bb traum\u00e1val ker\u00fclnek ki. \u00dagy \u00e9rzi, \u0151 maga is megrekedt az id\u0151ben, int\u00e9zm\u00e9nyes szok\u00e1sai m\u00e1ig k\u00eds\u00e9rik. <strong>M\u00e9g mindig Fuerte Apach\u00e9ban \u00e9l, ahonnan szeretn\u00e9 kimenek\u00edteni gyermekeit, de anyagilag nem tudja megtenni.<\/strong> M\u00e9gis pr\u00f3b\u00e1l p\u00e9ld\u00e1t mutatni, \u00e9s fiataloknak tartott el\u0151ad\u00e1sokkal igyekszik el\u00e9rni, hogy ne k\u00f6vess\u00e9k el ugyanazokat a hib\u00e1kat.<\/p>\n","protected":false},"excerpt":{"rendered":"<div class=\"mh-excerpt\"><p>Az argentin Lucas Mat\u00edas Mendoza t\u00f6rt\u00e9nete egy s\u00falyos \u00e9s \u00f6sszetett p\u00e9lda arra, hogyan t\u00f6rhet der\u00e9kba egy fiatal \u00e9letet az er\u0151szak, a szeg\u00e9nys\u00e9g \u00e9s az \u00e1llami <a class=\"mh-excerpt-more\" href=\"https:\/\/latinzona.hu\/index.php\/2026\/03\/08\/egyre-tobb-a-fiatalkoru-eletfogytiglan-buntetessel-argentinaban\/\" title=\"Fiatalkor\u00fa \u00e9letfogytiglan &#8211; Lucas Mendoza t\u00f6rt\u00e9nete\">[&#8230;]<\/a><\/p>\n<\/div>","protected":false},"author":1,"featured_media":2001,"comment_status":"open","ping_status":"open","sticky":false,"template":"","format":"standard","meta":[],"categories":[24],"tags":[17],"yoast_head":"<!-- This site is optimized with the Yoast SEO plugin v15.5 - https:\/\/yoast.com\/wordpress\/plugins\/seo\/ -->\n<title>Fiatalkor\u00fa \u00e9letfogytiglan - Lucas Mendoza t\u00f6rt\u00e9nete - Latin Z\u00f3na<\/title>\n<meta name=\"description\" content=\"Argent\u00edn\u00e1ban Lucas Mendoza t\u00f6rt\u00e9nete mutatja meg, hogy mire jut egy fiatalkor\u00fa \u00e9letfogytiglan b\u00fcntet\u00e9ssel, ha szabadulhat.\" \/>\n<meta name=\"robots\" content=\"index, follow, max-snippet:-1, max-image-preview:large, max-video-preview:-1\" \/>\n<link rel=\"canonical\" href=\"https:\/\/latinzona.hu\/index.php\/2026\/03\/08\/egyre-tobb-a-fiatalkoru-eletfogytiglan-buntetessel-argentinaban\/\" \/>\n<meta property=\"og:locale\" content=\"hu_HU\" \/>\n<meta property=\"og:type\" content=\"article\" \/>\n<meta property=\"og:title\" content=\"Fiatalkor\u00fa \u00e9letfogytiglan - Lucas Mendoza t\u00f6rt\u00e9nete - Latin Z\u00f3na\" \/>\n<meta property=\"og:description\" content=\"Argent\u00edn\u00e1ban Lucas Mendoza t\u00f6rt\u00e9nete mutatja meg, hogy mire jut egy fiatalkor\u00fa \u00e9letfogytiglan b\u00fcntet\u00e9ssel, ha szabadulhat.\" \/>\n<meta property=\"og:url\" content=\"https:\/\/latinzona.hu\/index.php\/2026\/03\/08\/egyre-tobb-a-fiatalkoru-eletfogytiglan-buntetessel-argentinaban\/\" \/>\n<meta property=\"og:site_name\" content=\"Latin Z\u00f3na\" \/>\n<meta property=\"article:published_time\" content=\"2026-03-08T13:09:16+00:00\" \/>\n<meta property=\"article:modified_time\" content=\"2026-03-08T13:09:18+00:00\" \/>\n<meta property=\"og:image\" content=\"https:\/\/latinzona.hu\/wp-content\/uploads\/2026\/03\/Screenshot-2026-03-08-140646.png\" \/>\n\t<meta property=\"og:image:width\" content=\"846\" \/>\n\t<meta property=\"og:image:height\" content=\"467\" \/>\n<meta name=\"twitter:card\" content=\"summary_large_image\" \/>\n<meta name=\"twitter:label1\" content=\"Becs\u00fclt olvas\u00e1si id\u0151\">\n\t<meta name=\"twitter:data1\" content=\"2 perc\">\n<script type=\"application\/ld+json\" class=\"yoast-schema-graph\">{\"@context\":\"https:\/\/schema.org\",\"@graph\":[{\"@type\":\"WebSite\",\"@id\":\"https:\/\/latinzona.hu\/#website\",\"url\":\"https:\/\/latinzona.hu\/\",\"name\":\"Latin Z\\u00f3na\",\"description\":\"Mi D\\u00e9lre is figyel\\u00fcnk...\",\"potentialAction\":[{\"@type\":\"SearchAction\",\"target\":\"https:\/\/latinzona.hu\/?s={search_term_string}\",\"query-input\":\"required name=search_term_string\"}],\"inLanguage\":\"hu\"},{\"@type\":\"ImageObject\",\"@id\":\"https:\/\/latinzona.hu\/index.php\/2026\/03\/08\/egyre-tobb-a-fiatalkoru-eletfogytiglan-buntetessel-argentinaban\/#primaryimage\",\"inLanguage\":\"hu\",\"url\":\"https:\/\/latinzona.hu\/wp-content\/uploads\/2026\/03\/Screenshot-2026-03-08-140646.png\",\"width\":846,\"height\":467},{\"@type\":\"WebPage\",\"@id\":\"https:\/\/latinzona.hu\/index.php\/2026\/03\/08\/egyre-tobb-a-fiatalkoru-eletfogytiglan-buntetessel-argentinaban\/#webpage\",\"url\":\"https:\/\/latinzona.hu\/index.php\/2026\/03\/08\/egyre-tobb-a-fiatalkoru-eletfogytiglan-buntetessel-argentinaban\/\",\"name\":\"Fiatalkor\\u00fa \\u00e9letfogytiglan - Lucas Mendoza t\\u00f6rt\\u00e9nete - Latin Z\\u00f3na\",\"isPartOf\":{\"@id\":\"https:\/\/latinzona.hu\/#website\"},\"primaryImageOfPage\":{\"@id\":\"https:\/\/latinzona.hu\/index.php\/2026\/03\/08\/egyre-tobb-a-fiatalkoru-eletfogytiglan-buntetessel-argentinaban\/#primaryimage\"},\"datePublished\":\"2026-03-08T13:09:16+00:00\",\"dateModified\":\"2026-03-08T13:09:18+00:00\",\"author\":{\"@id\":\"https:\/\/latinzona.hu\/#\/schema\/person\/de64af94bc35db4973955a05f752bd2d\"},\"description\":\"Argent\\u00edn\\u00e1ban Lucas Mendoza t\\u00f6rt\\u00e9nete mutatja meg, hogy mire jut egy fiatalkor\\u00fa \\u00e9letfogytiglan b\\u00fcntet\\u00e9ssel, ha szabadulhat.\",\"inLanguage\":\"hu\",\"potentialAction\":[{\"@type\":\"ReadAction\",\"target\":[\"https:\/\/latinzona.hu\/index.php\/2026\/03\/08\/egyre-tobb-a-fiatalkoru-eletfogytiglan-buntetessel-argentinaban\/\"]}]},{\"@type\":\"Person\",\"@id\":\"https:\/\/latinzona.hu\/#\/schema\/person\/de64af94bc35db4973955a05f752bd2d\",\"name\":\"Chileno\",\"image\":{\"@type\":\"ImageObject\",\"@id\":\"https:\/\/latinzona.hu\/#personlogo\",\"inLanguage\":\"hu\",\"url\":\"https:\/\/secure.gravatar.com\/avatar\/9a5fe6fe999607c0ed4bfce2f8ed2600?s=96&d=mm&r=g\",\"caption\":\"Chileno\"},\"sameAs\":[\"https:\/\/latinzona.hu\"]}]}<\/script>\n<!-- \/ Yoast SEO plugin. -->","_links":{"self":[{"href":"https:\/\/latinzona.hu\/index.php\/wp-json\/wp\/v2\/posts\/2000"}],"collection":[{"href":"https:\/\/latinzona.hu\/index.php\/wp-json\/wp\/v2\/posts"}],"about":[{"href":"https:\/\/latinzona.hu\/index.php\/wp-json\/wp\/v2\/types\/post"}],"author":[{"embeddable":true,"href":"https:\/\/latinzona.hu\/index.php\/wp-json\/wp\/v2\/users\/1"}],"replies":[{"embeddable":true,"href":"https:\/\/latinzona.hu\/index.php\/wp-json\/wp\/v2\/comments?post=2000"}],"version-history":[{"count":1,"href":"https:\/\/latinzona.hu\/index.php\/wp-json\/wp\/v2\/posts\/2000\/revisions"}],"predecessor-version":[{"id":2005,"href":"https:\/\/latinzona.hu\/index.php\/wp-json\/wp\/v2\/posts\/2000\/revisions\/2005"}],"wp:featuredmedia":[{"embeddable":true,"href":"https:\/\/latinzona.hu\/index.php\/wp-json\/wp\/v2\/media\/2001"}],"wp:attachment":[{"href":"https:\/\/latinzona.hu\/index.php\/wp-json\/wp\/v2\/media?parent=2000"}],"wp:term":[{"taxonomy":"category","embeddable":true,"href":"https:\/\/latinzona.hu\/index.php\/wp-json\/wp\/v2\/categories?post=2000"},{"taxonomy":"post_tag","embeddable":true,"href":"https:\/\/latinzona.hu\/index.php\/wp-json\/wp\/v2\/tags?post=2000"}],"curies":[{"name":"wp","href":"https:\/\/api.w.org\/{rel}","templated":true}]}}