{"id":2009,"date":"2026-03-10T21:21:47","date_gmt":"2026-03-10T21:21:47","guid":{"rendered":"https:\/\/latinzona.hu\/?p=2009"},"modified":"2026-03-10T21:21:49","modified_gmt":"2026-03-10T21:21:49","slug":"uruguay-vilagbajnoki-cime-a-feledes-homalyaba-merult","status":"publish","type":"post","link":"https:\/\/latinzona.hu\/index.php\/2026\/03\/10\/uruguay-vilagbajnoki-cime-a-feledes-homalyaba-merult\/","title":{"rendered":"Uruguay vil\u00e1gbajnoki c\u00edme &#8211; elfeledve?"},"content":{"rendered":"\n<p>Uruguay a <a href=\"https:\/\/latinzona.hu\/index.php\/2025\/03\/08\/natalia-oreiro-kedvenc-csapata-sulyos-problemakkal-kuzd\/\">labdar\u00fag\u00e1s h\u0151skor\u00e1nak<\/a> egyik meghat\u00e1roz\u00f3 v\u00e1logatottja volt, \u00e9s k\u00e9t vil\u00e1gbajnoki c\u00edmet is szerzett. Mindkett\u0151t m\u00e9g a r\u00e9gi, Jules Rimet-tr\u00f3fea korszak\u00e1ban. Az els\u0151 gy\u0151zelm\u00fcket <strong>1930-ban<\/strong>, az els\u0151 vil\u00e1gbajnoks\u00e1gon aratt\u00e1k, amelyet hazai p\u00e1ly\u00e1n, <strong>Montevideo<\/strong> v\u00e1ros\u00e1ban rendeztek. A d\u00f6nt\u0151t az Estadio Centenari\u00f3ban j\u00e1tszott\u00e1k, ahol Uruguay 4\u20132-re legy\u0151zte Argent\u00edn\u00e1t, ezzel t\u00f6rt\u00e9nelmet \u00edrva mint az els\u0151 vil\u00e1gbajnok.<\/p>\n\n\n\n<p>Uruguay m\u00e1sodik vil\u00e1gbajnoki c\u00edme <strong>1950-ben<\/strong> lett meg, Braz\u00edli\u00e1ban. A legend\u00e1s Maracanazo n\u00e9ven ismert m\u00e9rk\u0151z\u00e9sen Uruguay 2\u20131-re fel\u00fclm\u00falta a h\u00e1zigazda Braz\u00edli\u00e1t a Rio de Janeir\u00f3-i Maracan\u00e3 Stadionban. Ez a gy\u0151zelem m\u00e1ig a futballt\u00f6rt\u00e9nelem egyik legnagyobb meglepet\u00e9se.<\/p>\n\n\n\n<h3>A tr\u00f3fe\u00e1k t\u00f6rt\u00e9nete \u00e9s mi\u00e9rt nincs Uruguay vil\u00e1gbajnoki c\u00edme a mostani kup\u00e1n<\/h3>\n\n\n\n<p>A FIFA-vil\u00e1gbajnoks\u00e1g t\u00f6rt\u00e9net\u00e9ben k\u00e9t k\u00fcl\u00f6nb\u00f6z\u0151 tr\u00f3fe\u00e1t haszn\u00e1ltak:<\/p>\n\n\n\n<ul><li><strong>Jules Rimet-tr\u00f3fea (1930\u20131970)<\/strong> \u2013 ezt emelhette magasba Uruguay mindk\u00e9t alkalommal. A tr\u00f3fea Nike istenn\u0151t \u00e1br\u00e1zolta, \u00e9s aranyozott ez\u00fcstb\u0151l k\u00e9sz\u00fclt.<\/li><li><strong>FIFA World Cup Trophy (1974\u2013 )<\/strong> \u2013 a ma ismert, 6,175 kg-os arany tr\u00f3fea, amelyet el\u0151sz\u00f6r 1974-ben adtak \u00e1t. Ezt m\u00e1r csak az 1974 ut\u00e1ni vil\u00e1gbajnokok emelhett\u00e9k a magasba.<\/li><\/ul>\n\n\n\n<p>Mivel Uruguay \u00e9s Anglia is m\u00e9g a Jules Rimet-kupa korszak\u00e1ban lett vil\u00e1gbajnok, <strong>soha nem emelhett\u00e9k fel a jelenlegi tr\u00f3fe\u00e1t<\/strong>, ez\u00e9rt a nev\u00fck nem szerepel annak talapzat\u00e1n.<\/p>\n\n\n\n<h3>Val\u00f3ban hazavihette valaki v\u00e9gleg a tr\u00f3fe\u00e1t?<\/h3>\n\n\n\n<p>Igen. A Jules Rimet-tr\u00f3fea szab\u00e1lyai szerint az a v\u00e1logatott, amely <strong>h\u00e1romszor<\/strong> nyeri meg a vil\u00e1gbajnoks\u00e1got, v\u00e9gleg megtarthatja a kup\u00e1t. Ezt <strong>Braz\u00edlia<\/strong> \u00e9rte el els\u0151k\u00e9nt 1958-ban, 1962-ben \u00e9s 1970-ben, \u00edgy a tr\u00f3fea v\u00e9gleg az \u00f6v\u00e9k lett.<\/p>\n\n\n\n<p>A t\u00f6rt\u00e9net tragikus v\u00e9get \u00e9rt: a tr\u00f3fe\u00e1t 1983-ban ellopt\u00e1k Braz\u00edli\u00e1b\u00f3l, \u00e9s soha nem ker\u00fclt el\u0151. A forr\u00e1sok szerint a rabl\u00e1st egy S\u00e9rgio Pereira Ayres, m\u00e1s n\u00e9ven <em>S\u00e9rgio Peralta<\/em> nev\u0171 f\u00e9rfi szervezte, aki k\u00e9t t\u00e1rs\u00e1val \u2013 egy volt rend\u0151rrel, Francisco River\u00e1val \u00e9s egy dekor\u00e1torral, Jos\u00e9 Luiz Vieir\u00e1val egy\u00fctt hajtotta v\u00e9gre a bet\u00f6r\u00e9st. A tolvajok 1983. december 19-\u00e9n jutottak be a CBF \u00e9p\u00fclet\u00e9be, ahol kiiktatt\u00e1k az \u00e9jjeli\u0151rt, majd ellopt\u00e1k a tr\u00f3fe\u00e1t \u00e9s k\u00e9t m\u00e1sik kup\u00e1t is.<\/p>\n\n\n\n<p>A nyomoz\u00e1s sor\u00e1n t\u00f6bb jel is arra mutatott, hogy a tr\u00f3fe\u00e1t feltehet\u0151en beolvasztott\u00e1k, hogy az aranyat k\u00fcl\u00f6n \u00e9rt\u00e9kes\u00edts\u00e9k. A Jules Rimet-kupa aranyozott ez\u00fcstb\u0151l k\u00e9sz\u00fclt, de a tolvajok val\u00f3sz\u00edn\u0171leg nem tudt\u00e1k pontosan, mennyit \u00e9r, \u00e9s egyszer\u0171en nyersanyagk\u00e9nt pr\u00f3b\u00e1lt\u00e1k p\u00e9nzz\u00e9 tenni. A rend\u0151rs\u00e9g k\u00e9s\u0151bb letart\u00f3ztatta a r\u00e9sztvev\u0151ket, de a tr\u00f3fea soha nem ker\u00fclt el\u0151, \u00e9s a hat\u00f3s\u00e1gok sem tal\u00e1ltak semmilyen fizikai maradv\u00e1nyt, ami alapj\u00e1n rekonstru\u00e1lni lehetett volna.<\/p>\n","protected":false},"excerpt":{"rendered":"<div class=\"mh-excerpt\"><p>Uruguay a labdar\u00fag\u00e1s h\u0151skor\u00e1nak egyik meghat\u00e1roz\u00f3 v\u00e1logatottja volt, \u00e9s k\u00e9t vil\u00e1gbajnoki c\u00edmet is szerzett. Mindkett\u0151t m\u00e9g a r\u00e9gi, Jules Rimet-tr\u00f3fea korszak\u00e1ban. Az els\u0151 gy\u0151zelm\u00fcket 1930-ban, <a class=\"mh-excerpt-more\" href=\"https:\/\/latinzona.hu\/index.php\/2026\/03\/10\/uruguay-vilagbajnoki-cime-a-feledes-homalyaba-merult\/\" title=\"Uruguay vil\u00e1gbajnoki c\u00edme &#8211; elfeledve?\">[&#8230;]<\/a><\/p>\n<\/div>","protected":false},"author":1,"featured_media":2010,"comment_status":"open","ping_status":"open","sticky":false,"template":"","format":"standard","meta":[],"categories":[13],"tags":[14],"yoast_head":"<!-- This site is optimized with the Yoast SEO plugin v15.5 - https:\/\/yoast.com\/wordpress\/plugins\/seo\/ -->\n<title>Uruguay vil\u00e1gbajnoki c\u00edme - elfeledve? - Latin Z\u00f3na<\/title>\n<meta name=\"description\" content=\"B\u00e1r k\u00e9tszer is megt\u00f6rt\u00e9nt Uruguay vil\u00e1gbajnoki c\u00edme, m\u00e9gsem szerepelnek a vil\u00e1gbajnoki tr\u00f3fea talpazat\u00e1n.\" \/>\n<meta name=\"robots\" content=\"index, follow, max-snippet:-1, max-image-preview:large, max-video-preview:-1\" \/>\n<link rel=\"canonical\" href=\"https:\/\/latinzona.hu\/index.php\/2026\/03\/10\/uruguay-vilagbajnoki-cime-a-feledes-homalyaba-merult\/\" \/>\n<meta property=\"og:locale\" content=\"hu_HU\" \/>\n<meta property=\"og:type\" content=\"article\" \/>\n<meta property=\"og:title\" content=\"Uruguay vil\u00e1gbajnoki c\u00edme - elfeledve? - Latin Z\u00f3na\" \/>\n<meta property=\"og:description\" content=\"B\u00e1r k\u00e9tszer is megt\u00f6rt\u00e9nt Uruguay vil\u00e1gbajnoki c\u00edme, m\u00e9gsem szerepelnek a vil\u00e1gbajnoki tr\u00f3fea talpazat\u00e1n.\" \/>\n<meta property=\"og:url\" content=\"https:\/\/latinzona.hu\/index.php\/2026\/03\/10\/uruguay-vilagbajnoki-cime-a-feledes-homalyaba-merult\/\" \/>\n<meta property=\"og:site_name\" content=\"Latin Z\u00f3na\" \/>\n<meta property=\"article:published_time\" content=\"2026-03-10T21:21:47+00:00\" \/>\n<meta property=\"article:modified_time\" content=\"2026-03-10T21:21:49+00:00\" \/>\n<meta property=\"og:image\" content=\"https:\/\/latinzona.hu\/wp-content\/uploads\/2026\/03\/Screenshot-2026-03-10-221825.png\" \/>\n\t<meta property=\"og:image:width\" content=\"1072\" \/>\n\t<meta property=\"og:image:height\" content=\"707\" \/>\n<meta name=\"twitter:card\" content=\"summary_large_image\" \/>\n<meta name=\"twitter:label1\" content=\"Becs\u00fclt olvas\u00e1si id\u0151\">\n\t<meta name=\"twitter:data1\" content=\"2 perc\">\n<script type=\"application\/ld+json\" class=\"yoast-schema-graph\">{\"@context\":\"https:\/\/schema.org\",\"@graph\":[{\"@type\":\"WebSite\",\"@id\":\"https:\/\/latinzona.hu\/#website\",\"url\":\"https:\/\/latinzona.hu\/\",\"name\":\"Latin Z\\u00f3na\",\"description\":\"Mi D\\u00e9lre is figyel\\u00fcnk...\",\"potentialAction\":[{\"@type\":\"SearchAction\",\"target\":\"https:\/\/latinzona.hu\/?s={search_term_string}\",\"query-input\":\"required name=search_term_string\"}],\"inLanguage\":\"hu\"},{\"@type\":\"ImageObject\",\"@id\":\"https:\/\/latinzona.hu\/index.php\/2026\/03\/10\/uruguay-vilagbajnoki-cime-a-feledes-homalyaba-merult\/#primaryimage\",\"inLanguage\":\"hu\",\"url\":\"https:\/\/latinzona.hu\/wp-content\/uploads\/2026\/03\/Screenshot-2026-03-10-221825.png\",\"width\":1072,\"height\":707},{\"@type\":\"WebPage\",\"@id\":\"https:\/\/latinzona.hu\/index.php\/2026\/03\/10\/uruguay-vilagbajnoki-cime-a-feledes-homalyaba-merult\/#webpage\",\"url\":\"https:\/\/latinzona.hu\/index.php\/2026\/03\/10\/uruguay-vilagbajnoki-cime-a-feledes-homalyaba-merult\/\",\"name\":\"Uruguay vil\\u00e1gbajnoki c\\u00edme - elfeledve? - Latin Z\\u00f3na\",\"isPartOf\":{\"@id\":\"https:\/\/latinzona.hu\/#website\"},\"primaryImageOfPage\":{\"@id\":\"https:\/\/latinzona.hu\/index.php\/2026\/03\/10\/uruguay-vilagbajnoki-cime-a-feledes-homalyaba-merult\/#primaryimage\"},\"datePublished\":\"2026-03-10T21:21:47+00:00\",\"dateModified\":\"2026-03-10T21:21:49+00:00\",\"author\":{\"@id\":\"https:\/\/latinzona.hu\/#\/schema\/person\/de64af94bc35db4973955a05f752bd2d\"},\"description\":\"B\\u00e1r k\\u00e9tszer is megt\\u00f6rt\\u00e9nt Uruguay vil\\u00e1gbajnoki c\\u00edme, m\\u00e9gsem szerepelnek a vil\\u00e1gbajnoki tr\\u00f3fea talpazat\\u00e1n.\",\"inLanguage\":\"hu\",\"potentialAction\":[{\"@type\":\"ReadAction\",\"target\":[\"https:\/\/latinzona.hu\/index.php\/2026\/03\/10\/uruguay-vilagbajnoki-cime-a-feledes-homalyaba-merult\/\"]}]},{\"@type\":\"Person\",\"@id\":\"https:\/\/latinzona.hu\/#\/schema\/person\/de64af94bc35db4973955a05f752bd2d\",\"name\":\"Chileno\",\"image\":{\"@type\":\"ImageObject\",\"@id\":\"https:\/\/latinzona.hu\/#personlogo\",\"inLanguage\":\"hu\",\"url\":\"https:\/\/secure.gravatar.com\/avatar\/9a5fe6fe999607c0ed4bfce2f8ed2600?s=96&d=mm&r=g\",\"caption\":\"Chileno\"},\"sameAs\":[\"https:\/\/latinzona.hu\"]}]}<\/script>\n<!-- \/ Yoast SEO plugin. -->","_links":{"self":[{"href":"https:\/\/latinzona.hu\/index.php\/wp-json\/wp\/v2\/posts\/2009"}],"collection":[{"href":"https:\/\/latinzona.hu\/index.php\/wp-json\/wp\/v2\/posts"}],"about":[{"href":"https:\/\/latinzona.hu\/index.php\/wp-json\/wp\/v2\/types\/post"}],"author":[{"embeddable":true,"href":"https:\/\/latinzona.hu\/index.php\/wp-json\/wp\/v2\/users\/1"}],"replies":[{"embeddable":true,"href":"https:\/\/latinzona.hu\/index.php\/wp-json\/wp\/v2\/comments?post=2009"}],"version-history":[{"count":1,"href":"https:\/\/latinzona.hu\/index.php\/wp-json\/wp\/v2\/posts\/2009\/revisions"}],"predecessor-version":[{"id":2011,"href":"https:\/\/latinzona.hu\/index.php\/wp-json\/wp\/v2\/posts\/2009\/revisions\/2011"}],"wp:featuredmedia":[{"embeddable":true,"href":"https:\/\/latinzona.hu\/index.php\/wp-json\/wp\/v2\/media\/2010"}],"wp:attachment":[{"href":"https:\/\/latinzona.hu\/index.php\/wp-json\/wp\/v2\/media?parent=2009"}],"wp:term":[{"taxonomy":"category","embeddable":true,"href":"https:\/\/latinzona.hu\/index.php\/wp-json\/wp\/v2\/categories?post=2009"},{"taxonomy":"post_tag","embeddable":true,"href":"https:\/\/latinzona.hu\/index.php\/wp-json\/wp\/v2\/tags?post=2009"}],"curies":[{"name":"wp","href":"https:\/\/api.w.org\/{rel}","templated":true}]}}