{"id":2016,"date":"2026-03-13T21:06:17","date_gmt":"2026-03-13T21:06:17","guid":{"rendered":"https:\/\/latinzona.hu\/?p=2016"},"modified":"2026-03-13T21:06:19","modified_gmt":"2026-03-13T21:06:19","slug":"az-orinocoi-krokodil-utolso-utani-eselye-az-eletbenmaradasra","status":"publish","type":"post","link":"https:\/\/latinzona.hu\/index.php\/2026\/03\/13\/az-orinocoi-krokodil-utolso-utani-eselye-az-eletbenmaradasra\/","title":{"rendered":"Az orinoc\u00f3i krokodil utols\u00f3 ut\u00e1ni es\u00e9lye"},"content":{"rendered":"\n<p>Az orinoc\u00f3i krokodil (<em>Crocodylus intermedius<\/em>) a vil\u00e1g egyik legritk\u00e1bb krokodilfaja, \u00e9s a friss h\u00edrek szerint a venezuelai kutat\u00f3k att\u00f3l tartanak, hogy elvesz\u00edtik a versenyt az id\u0151vel. <strong><a href=\"https:\/\/latinzona.hu\/index.php\/2025\/03\/30\/a-simpons-varangy-egyertelmuen-hasonlit-a-sorozat-egyik-karakterere\/\">A faj \u00e1llapota<\/a> tov\u00e1bbra is kritikusan vesz\u00e9lyeztetett, \u00e9s a term\u00e9szetv\u00e9d\u0151k szerint minden egyes \u00e9v sz\u00e1m\u00edt.<\/strong> Az orinoc\u00f3i krokodil kiz\u00e1r\u00f3lag az Orinoco-foly\u00f3 v\u00edzgy\u0171jt\u0151 ter\u00fclet\u00e9n fordul el\u0151, f\u0151k\u00e9nt Venezuel\u00e1ban, kisebb sz\u00e1mban pedig Kolumbi\u00e1ban. <\/p>\n\n\n\n<h2>Az orinoc\u00f3i krokodil szinte biztos, hogy elveszett<\/h2>\n\n\n\n<p>A rendk\u00edv\u00fcl sz\u0171k elterjed\u00e9si ter\u00fclet az egyik oka annak, hogy a faj ilyen s\u00e9r\u00fcl\u00e9keny. <strong>A pontos sz\u00e1m nem ismert, de a kutat\u00f3k szerint a vadon \u00e9l\u0151 popul\u00e1ci\u00f3 nagyon kicsi, \u00e9s a faj a vil\u00e1g egyik legvesz\u00e9lyeztetettebb krokodilja. <\/strong>A t\u00f6rt\u00e9nelmi t\u00falzott vad\u00e1szat, majd a lass\u00fa szaporod\u00e1s miatt a term\u00e9szetes \u00e1llom\u00e1ny m\u00e1ra t\u00f6red\u00e9k\u00e9re zsugorodott. Az orinoc\u00f3i krokodil fennmarad\u00e1s\u00e1t t\u00f6bb t\u00e9nyez\u0151 fenyegeti. <\/p>\n\n\n\n<p>P\u00e9ld\u00e1ul a 19\u201320. sz\u00e1zadban a b\u0151r\u00fck\u00e9rt szinte kipuszt\u00edtott\u00e1k \u0151ket. De a foly\u00f3szab\u00e1lyoz\u00e1s, emberi terjeszked\u00e9s, szennyez\u00e9s is komoly k\u00e1rokat okoz az \u00e9l\u0151helyein, plusz a venezuelai v\u00e1ls\u00e1g miatt a t\u00e1mogat\u00f3 szervezetek forr\u00e1shi\u00e1nnyal is k\u00fczdenek. <strong><a href=\"https:\/\/www.dw.com\/en\/how-venezuelan-researchers-are-saving-an-endangered-crocodile-species\/g-72621835\">A legfrissebb besz\u00e1mol\u00f3k szerint<\/a> a venezuelai szakemberek fogs\u00e1gban nevelik a fiatal krokodilokat, majd visszaengedik \u0151ket a term\u00e9szetbe.<\/strong> M\u00e9rik \u00e9s nyomon k\u00f6vetik a n\u00f6veked\u00e9s\u00fcket, hogy a lehet\u0151 legjobb t\u00fal\u00e9l\u00e9si es\u00e9llyel ker\u00fcljenek ki. a vadonba. Tov\u00e1bb\u00e1 \u00fajabb szapor\u00edt\u00f3programokat ind\u00edtanak, b\u00e1r att\u00f3l tartanak, hogy ez m\u00e1r nem lesz el\u00e9g gyors. A kutat\u00f3k \u00fagy fogalmaznak, hogy ez egy &#8220;k\u00e9ts\u00e9gbeesett utols\u00f3 k\u00eds\u00e9rlet&#8221; a faj megment\u00e9s\u00e9re. <\/p>\n\n\n\n<p>Az orinoc\u00f3i krokodil csak az Orinoco-medenc\u00e9ben fordul el\u0151, teh\u00e1t Venezuela \u00e9s Kolumbia hat\u00e1rain bel\u00fcl. Nincs term\u00e9szetes popul\u00e1ci\u00f3ja m\u00e1s kontinensen vagy orsz\u00e1gban. <strong>Az orinoc\u00f3i krokodil Eur\u00f3p\u00e1ban igen ritka, de n\u00e9h\u00e1ny \u00e1llatkertben m\u00e9gis megtal\u00e1lhat\u00f3. A legmegb\u00edzhat\u00f3bb, friss inform\u00e1ci\u00f3 szerint D\u00e1ni\u00e1ban, a <em>Krokodille Zoo<\/em> (Falster szigete) tart ilyen \u00e1llatokat,<\/strong> \u00e9s ez az eur\u00f3pai int\u00e9zm\u00e9ny szinte az \u00f6sszes krokodilfajt bemutatja, k\u00f6zt\u00fck az orinoc\u00f3i krokodilt is.<\/p>\n","protected":false},"excerpt":{"rendered":"<div class=\"mh-excerpt\"><p>Az orinoc\u00f3i krokodil (Crocodylus intermedius) a vil\u00e1g egyik legritk\u00e1bb krokodilfaja, \u00e9s a friss h\u00edrek szerint a venezuelai kutat\u00f3k att\u00f3l tartanak, hogy elvesz\u00edtik a versenyt az <a class=\"mh-excerpt-more\" href=\"https:\/\/latinzona.hu\/index.php\/2026\/03\/13\/az-orinocoi-krokodil-utolso-utani-eselye-az-eletbenmaradasra\/\" title=\"Az orinoc\u00f3i krokodil utols\u00f3 ut\u00e1ni es\u00e9lye\">[&#8230;]<\/a><\/p>\n<\/div>","protected":false},"author":1,"featured_media":2017,"comment_status":"open","ping_status":"open","sticky":false,"template":"","format":"standard","meta":[],"categories":[67],"tags":[68],"yoast_head":"<!-- This site is optimized with the Yoast SEO plugin v15.5 - https:\/\/yoast.com\/wordpress\/plugins\/seo\/ -->\n<title>Az orinoc\u00f3i krokodil utols\u00f3 ut\u00e1ni es\u00e9lye - Latin Z\u00f3na<\/title>\n<meta name=\"description\" content=\"Az orinoc\u00f3i krokodil megment\u00e9s\u00e9\u00e9rt a forr\u00e1shi\u00e1nnyal k\u00fcszk\u00f6d\u0151 kutat\u00f3szervezetek mindent elk\u00f6vetnek, de val\u00f3sz\u00edn\u0171leg m\u00e1r t\u00fal k\u00e9s\u0151.\" \/>\n<meta name=\"robots\" content=\"index, follow, max-snippet:-1, max-image-preview:large, max-video-preview:-1\" \/>\n<link rel=\"canonical\" href=\"https:\/\/latinzona.hu\/index.php\/2026\/03\/13\/az-orinocoi-krokodil-utolso-utani-eselye-az-eletbenmaradasra\/\" \/>\n<meta property=\"og:locale\" content=\"hu_HU\" \/>\n<meta property=\"og:type\" content=\"article\" \/>\n<meta property=\"og:title\" content=\"Az orinoc\u00f3i krokodil utols\u00f3 ut\u00e1ni es\u00e9lye - Latin Z\u00f3na\" \/>\n<meta property=\"og:description\" content=\"Az orinoc\u00f3i krokodil megment\u00e9s\u00e9\u00e9rt a forr\u00e1shi\u00e1nnyal k\u00fcszk\u00f6d\u0151 kutat\u00f3szervezetek mindent elk\u00f6vetnek, de val\u00f3sz\u00edn\u0171leg m\u00e1r t\u00fal k\u00e9s\u0151.\" \/>\n<meta property=\"og:url\" content=\"https:\/\/latinzona.hu\/index.php\/2026\/03\/13\/az-orinocoi-krokodil-utolso-utani-eselye-az-eletbenmaradasra\/\" \/>\n<meta property=\"og:site_name\" content=\"Latin Z\u00f3na\" \/>\n<meta property=\"article:published_time\" content=\"2026-03-13T21:06:17+00:00\" \/>\n<meta property=\"article:modified_time\" content=\"2026-03-13T21:06:19+00:00\" \/>\n<meta property=\"og:image\" content=\"https:\/\/latinzona.hu\/wp-content\/uploads\/2026\/03\/big_883337.jpg\" \/>\n\t<meta property=\"og:image:width\" content=\"1024\" \/>\n\t<meta property=\"og:image:height\" content=\"465\" \/>\n<meta name=\"twitter:card\" content=\"summary_large_image\" \/>\n<meta name=\"twitter:label1\" content=\"Becs\u00fclt olvas\u00e1si id\u0151\">\n\t<meta name=\"twitter:data1\" content=\"2 perc\">\n<script type=\"application\/ld+json\" class=\"yoast-schema-graph\">{\"@context\":\"https:\/\/schema.org\",\"@graph\":[{\"@type\":\"WebSite\",\"@id\":\"https:\/\/latinzona.hu\/#website\",\"url\":\"https:\/\/latinzona.hu\/\",\"name\":\"Latin Z\\u00f3na\",\"description\":\"Mi D\\u00e9lre is figyel\\u00fcnk...\",\"potentialAction\":[{\"@type\":\"SearchAction\",\"target\":\"https:\/\/latinzona.hu\/?s={search_term_string}\",\"query-input\":\"required name=search_term_string\"}],\"inLanguage\":\"hu\"},{\"@type\":\"ImageObject\",\"@id\":\"https:\/\/latinzona.hu\/index.php\/2026\/03\/13\/az-orinocoi-krokodil-utolso-utani-eselye-az-eletbenmaradasra\/#primaryimage\",\"inLanguage\":\"hu\",\"url\":\"https:\/\/latinzona.hu\/wp-content\/uploads\/2026\/03\/big_883337.jpg\",\"width\":1024,\"height\":465},{\"@type\":\"WebPage\",\"@id\":\"https:\/\/latinzona.hu\/index.php\/2026\/03\/13\/az-orinocoi-krokodil-utolso-utani-eselye-az-eletbenmaradasra\/#webpage\",\"url\":\"https:\/\/latinzona.hu\/index.php\/2026\/03\/13\/az-orinocoi-krokodil-utolso-utani-eselye-az-eletbenmaradasra\/\",\"name\":\"Az orinoc\\u00f3i krokodil utols\\u00f3 ut\\u00e1ni es\\u00e9lye - Latin Z\\u00f3na\",\"isPartOf\":{\"@id\":\"https:\/\/latinzona.hu\/#website\"},\"primaryImageOfPage\":{\"@id\":\"https:\/\/latinzona.hu\/index.php\/2026\/03\/13\/az-orinocoi-krokodil-utolso-utani-eselye-az-eletbenmaradasra\/#primaryimage\"},\"datePublished\":\"2026-03-13T21:06:17+00:00\",\"dateModified\":\"2026-03-13T21:06:19+00:00\",\"author\":{\"@id\":\"https:\/\/latinzona.hu\/#\/schema\/person\/de64af94bc35db4973955a05f752bd2d\"},\"description\":\"Az orinoc\\u00f3i krokodil megment\\u00e9s\\u00e9\\u00e9rt a forr\\u00e1shi\\u00e1nnyal k\\u00fcszk\\u00f6d\\u0151 kutat\\u00f3szervezetek mindent elk\\u00f6vetnek, de val\\u00f3sz\\u00edn\\u0171leg m\\u00e1r t\\u00fal k\\u00e9s\\u0151.\",\"inLanguage\":\"hu\",\"potentialAction\":[{\"@type\":\"ReadAction\",\"target\":[\"https:\/\/latinzona.hu\/index.php\/2026\/03\/13\/az-orinocoi-krokodil-utolso-utani-eselye-az-eletbenmaradasra\/\"]}]},{\"@type\":\"Person\",\"@id\":\"https:\/\/latinzona.hu\/#\/schema\/person\/de64af94bc35db4973955a05f752bd2d\",\"name\":\"Chileno\",\"image\":{\"@type\":\"ImageObject\",\"@id\":\"https:\/\/latinzona.hu\/#personlogo\",\"inLanguage\":\"hu\",\"url\":\"https:\/\/secure.gravatar.com\/avatar\/9a5fe6fe999607c0ed4bfce2f8ed2600?s=96&d=mm&r=g\",\"caption\":\"Chileno\"},\"sameAs\":[\"https:\/\/latinzona.hu\"]}]}<\/script>\n<!-- \/ Yoast SEO plugin. -->","_links":{"self":[{"href":"https:\/\/latinzona.hu\/index.php\/wp-json\/wp\/v2\/posts\/2016"}],"collection":[{"href":"https:\/\/latinzona.hu\/index.php\/wp-json\/wp\/v2\/posts"}],"about":[{"href":"https:\/\/latinzona.hu\/index.php\/wp-json\/wp\/v2\/types\/post"}],"author":[{"embeddable":true,"href":"https:\/\/latinzona.hu\/index.php\/wp-json\/wp\/v2\/users\/1"}],"replies":[{"embeddable":true,"href":"https:\/\/latinzona.hu\/index.php\/wp-json\/wp\/v2\/comments?post=2016"}],"version-history":[{"count":1,"href":"https:\/\/latinzona.hu\/index.php\/wp-json\/wp\/v2\/posts\/2016\/revisions"}],"predecessor-version":[{"id":2018,"href":"https:\/\/latinzona.hu\/index.php\/wp-json\/wp\/v2\/posts\/2016\/revisions\/2018"}],"wp:featuredmedia":[{"embeddable":true,"href":"https:\/\/latinzona.hu\/index.php\/wp-json\/wp\/v2\/media\/2017"}],"wp:attachment":[{"href":"https:\/\/latinzona.hu\/index.php\/wp-json\/wp\/v2\/media?parent=2016"}],"wp:term":[{"taxonomy":"category","embeddable":true,"href":"https:\/\/latinzona.hu\/index.php\/wp-json\/wp\/v2\/categories?post=2016"},{"taxonomy":"post_tag","embeddable":true,"href":"https:\/\/latinzona.hu\/index.php\/wp-json\/wp\/v2\/tags?post=2016"}],"curies":[{"name":"wp","href":"https:\/\/api.w.org\/{rel}","templated":true}]}}