{"id":2019,"date":"2026-03-14T13:03:56","date_gmt":"2026-03-14T13:03:56","guid":{"rendered":"https:\/\/latinzona.hu\/?p=2019"},"modified":"2026-03-14T13:03:58","modified_gmt":"2026-03-14T13:03:58","slug":"emberi-betegsegben-pusztult-el-egy-pokmajom","status":"publish","type":"post","link":"https:\/\/latinzona.hu\/index.php\/2026\/03\/14\/emberi-betegsegben-pusztult-el-egy-pokmajom\/","title":{"rendered":"Egy p\u00f3kmajom k\u00fcl\u00f6nleges m\u00f3don pusztult el"},"content":{"rendered":"\n<p>Nagyon \u00e9rdekes \u00e9s aggaszt\u00f3 eset t\u00f6rt\u00e9nt nem olyan r\u00e9gen Panam\u00e1ban. <strong>Egy n\u00e9gy\u00e9ves n\u0151st\u00e9ny p\u00f3kmajom (Ateles fusciceps) \u2013 egy feketefej\u0171 p\u00f3kmajom, amely K\u00f6z\u00e9p- \u00e9s D\u00e9l-Amerika erdeiben \u0151shonos, \u00e9s a hossz\u00fa v\u00e9gtagjair\u00f3l, kapaszkod\u00f3 fark\u00e1r\u00f3l ismert \u2013 emberr\u0151l \u00e1tterjedt tuberkul\u00f3zisban pusztult el<\/strong>. A faj k\u00fcl\u00f6n\u00f6sen \u00e9rz\u00e9keny a stresszre \u00e9s a rossz tart\u00e1si k\u00f6r\u00fclm\u00e9nyekre, ez\u00e9rt az illeg\u00e1lis h\u00e1zi\u00e1llatk\u00e9nt tart\u00e1s sz\u00e1mukra s\u00falyos eg\u00e9szs\u00e9g\u00fcgyi kock\u00e1zatot jelent. A majmot novemberben foglalt\u00e1k le illeg\u00e1lis tart\u00e1s miatt, \u00e9s m\u00e1r akkor is rossz \u00e1llapotban volt. Er\u0151s k\u00f6h\u00f6g\u00e9s, b\u0151s\u00e9ges orrv\u00e1lad\u00e9k, sz\u0151rhull\u00e1s, pelenkaki\u00fct\u00e9s \u00e9s elh\u00edz\u00e1s jellemezte.<\/p>\n\n\n\n<h2>Egy n\u0151st\u00e9ny p\u00f3kmajom emberi betegs\u00e9gben pusztult el<\/h2>\n\n\n\n<p>A vizsg\u00e1latok kimutatt\u00e1k, hogy zoonotikus, emberi eredet\u0171 tuberkul\u00f3zissal fert\u0151z\u0151d\u00f6tt meg. Ez azt jelenti, hogy a k\u00f3rokoz\u00f3 \u2013 a Mycobacterium tuberculosis \u2013 egy fert\u0151z\u00f6tt emberr\u0151l ker\u00fclt \u00e1t az \u00e1llatra. A tuberkul\u00f3zis alapvet\u0151en l\u00e9g\u00fati \u00faton terjed, \u00e9s mindk\u00e9t ir\u00e1nyban k\u00e9pes gazd\u00e1t v\u00e1ltani, emberr\u0151l \u00e1llatra \u00e9s \u00e1llatr\u00f3l emberre is. A miniszt\u00e9rium szerint a majom \u00e1llapota folyamatosan romlott, \u00e9s a betegs\u00e9g sz\u00f6v\u0151dm\u00e9nyei miatt v\u00e9g\u00fcl elpusztult.<\/p>\n\n\n\n<p><strong>A tuberkul\u00f3zis emberben kr\u00f3nikus, fert\u0151z\u0151 t\u00fcd\u0151betegs\u00e9g, amely kezeletlen\u00fcl s\u00falyos, ak\u00e1r hal\u00e1los is lehet.<\/strong> Leggyakoribb t\u00fcnetei a hosszan tart\u00f3 k\u00f6h\u00f6g\u00e9s, v\u00e9res k\u00f6pet, mellkasi f\u00e1jdalom, l\u00e1z, \u00e9jszakai izzad\u00e1s, fogy\u00e1s \u00e9s \u00e1ltal\u00e1nos gyenges\u00e9g. A bakt\u00e9rium els\u0151sorban a t\u00fcd\u0151t t\u00e1madja meg, de m\u00e1s szervekre is \u00e1tterjedhet. A kezel\u00e9s \u00e1ltal\u00e1ban hossz\u00fa h\u00f3napokig tart\u00f3 antibiotikum-kombin\u00e1ci\u00f3t ig\u00e9nyel, amelyet orvos \u00e1ll\u00edt \u00f6ssze \u00e9s fel\u00fcgyel. Ha valaki ilyen t\u00fcneteket tapasztal, fontos, hogy miel\u0151bb eg\u00e9szs\u00e9g\u00fcgyi szakemberhez forduljon.<\/p>\n\n\n\n<p><a href=\"https:\/\/latinzona.hu\/index.php\/2026\/02\/16\/enrique-jimenez-aki-uj-utra-helyezte-panamat\/\">A panamai hat\u00f3s\u00e1gok<\/a> most vizsg\u00e1lj\u00e1k, hogyan t\u00f6rt\u00e9nhetett a fert\u0151z\u00e9s, \u00e9s minden olyan embert sz\u0171rnek, aki kapcsolatba ker\u00fclt a majommal. <strong>Az \u00fcgy r\u00e1mutat arra, hogy a vad\u00e1llatok illeg\u00e1lis tart\u00e1sa nemcsak \u00e1llatv\u00e9delmi, hanem komoly k\u00f6zeg\u00e9szs\u00e9g\u00fcgyi kock\u00e1zat is<\/strong>. A nem megfelel\u0151 k\u00f6r\u00fclm\u00e9nyek \u00e9s a kontroll hi\u00e1nya el\u0151seg\u00edti a vesz\u00e9lyes betegs\u00e9gek terjed\u00e9s\u00e9t. A miniszt\u00e9rium ez\u00e9rt ism\u00e9telten arra figyelmeztet, hogy vadon \u00e9l\u0151 \u00e1llatokat tilos \u00e9s vesz\u00e9lyes h\u00e1zi kedvenck\u00e9nt tartani. A p\u00f3kmajmok k\u00fcl\u00f6n\u00f6sen \u00e9rz\u00e9kenyek az emberi l\u00e9g\u00fati betegs\u00e9gekre, \u00e9s az emberi k\u00f6zels\u00e9g sz\u00e1mukra komoly kock\u00e1zat.<\/p>\n","protected":false},"excerpt":{"rendered":"<div class=\"mh-excerpt\"><p>Nagyon \u00e9rdekes \u00e9s aggaszt\u00f3 eset t\u00f6rt\u00e9nt nem olyan r\u00e9gen Panam\u00e1ban. Egy n\u00e9gy\u00e9ves n\u0151st\u00e9ny p\u00f3kmajom (Ateles fusciceps) \u2013 egy feketefej\u0171 p\u00f3kmajom, amely K\u00f6z\u00e9p- \u00e9s D\u00e9l-Amerika erdeiben <a class=\"mh-excerpt-more\" href=\"https:\/\/latinzona.hu\/index.php\/2026\/03\/14\/emberi-betegsegben-pusztult-el-egy-pokmajom\/\" title=\"Egy p\u00f3kmajom k\u00fcl\u00f6nleges m\u00f3don pusztult el\">[&#8230;]<\/a><\/p>\n<\/div>","protected":false},"author":1,"featured_media":2020,"comment_status":"open","ping_status":"open","sticky":false,"template":"","format":"standard","meta":[],"categories":[125],"tags":[287],"yoast_head":"<!-- This site is optimized with the Yoast SEO plugin v15.5 - https:\/\/yoast.com\/wordpress\/plugins\/seo\/ -->\n<title>Egy p\u00f3kmajom k\u00fcl\u00f6nleges m\u00f3don pusztult el - Latin Z\u00f3na<\/title>\n<meta name=\"description\" content=\"Egy fogs\u00e1gban tartott p\u00f3kmajom nemr\u00e9giben emberi betegs\u00e9gben pusztult el, ami egy\u00e9rtelm\u0171en a rossz tart\u00e1s k\u00f6vetkezm\u00e9nye.\" \/>\n<meta name=\"robots\" content=\"index, follow, max-snippet:-1, max-image-preview:large, max-video-preview:-1\" \/>\n<link rel=\"canonical\" href=\"https:\/\/latinzona.hu\/index.php\/2026\/03\/14\/emberi-betegsegben-pusztult-el-egy-pokmajom\/\" \/>\n<meta property=\"og:locale\" content=\"hu_HU\" \/>\n<meta property=\"og:type\" content=\"article\" \/>\n<meta property=\"og:title\" content=\"Egy p\u00f3kmajom k\u00fcl\u00f6nleges m\u00f3don pusztult el - Latin Z\u00f3na\" \/>\n<meta property=\"og:description\" content=\"Egy fogs\u00e1gban tartott p\u00f3kmajom nemr\u00e9giben emberi betegs\u00e9gben pusztult el, ami egy\u00e9rtelm\u0171en a rossz tart\u00e1s k\u00f6vetkezm\u00e9nye.\" \/>\n<meta property=\"og:url\" content=\"https:\/\/latinzona.hu\/index.php\/2026\/03\/14\/emberi-betegsegben-pusztult-el-egy-pokmajom\/\" \/>\n<meta property=\"og:site_name\" content=\"Latin Z\u00f3na\" \/>\n<meta property=\"article:published_time\" content=\"2026-03-14T13:03:56+00:00\" \/>\n<meta property=\"article:modified_time\" content=\"2026-03-14T13:03:58+00:00\" \/>\n<meta property=\"og:image\" content=\"https:\/\/latinzona.hu\/wp-content\/uploads\/2026\/03\/large-1.jpeg\" \/>\n\t<meta property=\"og:image:width\" content=\"1024\" \/>\n\t<meta property=\"og:image:height\" content=\"683\" \/>\n<meta name=\"twitter:card\" content=\"summary_large_image\" \/>\n<meta name=\"twitter:label1\" content=\"Becs\u00fclt olvas\u00e1si id\u0151\">\n\t<meta name=\"twitter:data1\" content=\"2 perc\">\n<script type=\"application\/ld+json\" class=\"yoast-schema-graph\">{\"@context\":\"https:\/\/schema.org\",\"@graph\":[{\"@type\":\"WebSite\",\"@id\":\"https:\/\/latinzona.hu\/#website\",\"url\":\"https:\/\/latinzona.hu\/\",\"name\":\"Latin Z\\u00f3na\",\"description\":\"Mi D\\u00e9lre is figyel\\u00fcnk...\",\"potentialAction\":[{\"@type\":\"SearchAction\",\"target\":\"https:\/\/latinzona.hu\/?s={search_term_string}\",\"query-input\":\"required name=search_term_string\"}],\"inLanguage\":\"hu\"},{\"@type\":\"ImageObject\",\"@id\":\"https:\/\/latinzona.hu\/index.php\/2026\/03\/14\/emberi-betegsegben-pusztult-el-egy-pokmajom\/#primaryimage\",\"inLanguage\":\"hu\",\"url\":\"https:\/\/latinzona.hu\/wp-content\/uploads\/2026\/03\/large-1.jpeg\",\"width\":1024,\"height\":683},{\"@type\":\"WebPage\",\"@id\":\"https:\/\/latinzona.hu\/index.php\/2026\/03\/14\/emberi-betegsegben-pusztult-el-egy-pokmajom\/#webpage\",\"url\":\"https:\/\/latinzona.hu\/index.php\/2026\/03\/14\/emberi-betegsegben-pusztult-el-egy-pokmajom\/\",\"name\":\"Egy p\\u00f3kmajom k\\u00fcl\\u00f6nleges m\\u00f3don pusztult el - Latin Z\\u00f3na\",\"isPartOf\":{\"@id\":\"https:\/\/latinzona.hu\/#website\"},\"primaryImageOfPage\":{\"@id\":\"https:\/\/latinzona.hu\/index.php\/2026\/03\/14\/emberi-betegsegben-pusztult-el-egy-pokmajom\/#primaryimage\"},\"datePublished\":\"2026-03-14T13:03:56+00:00\",\"dateModified\":\"2026-03-14T13:03:58+00:00\",\"author\":{\"@id\":\"https:\/\/latinzona.hu\/#\/schema\/person\/de64af94bc35db4973955a05f752bd2d\"},\"description\":\"Egy fogs\\u00e1gban tartott p\\u00f3kmajom nemr\\u00e9giben emberi betegs\\u00e9gben pusztult el, ami egy\\u00e9rtelm\\u0171en a rossz tart\\u00e1s k\\u00f6vetkezm\\u00e9nye.\",\"inLanguage\":\"hu\",\"potentialAction\":[{\"@type\":\"ReadAction\",\"target\":[\"https:\/\/latinzona.hu\/index.php\/2026\/03\/14\/emberi-betegsegben-pusztult-el-egy-pokmajom\/\"]}]},{\"@type\":\"Person\",\"@id\":\"https:\/\/latinzona.hu\/#\/schema\/person\/de64af94bc35db4973955a05f752bd2d\",\"name\":\"Chileno\",\"image\":{\"@type\":\"ImageObject\",\"@id\":\"https:\/\/latinzona.hu\/#personlogo\",\"inLanguage\":\"hu\",\"url\":\"https:\/\/secure.gravatar.com\/avatar\/9a5fe6fe999607c0ed4bfce2f8ed2600?s=96&d=mm&r=g\",\"caption\":\"Chileno\"},\"sameAs\":[\"https:\/\/latinzona.hu\"]}]}<\/script>\n<!-- \/ Yoast SEO plugin. -->","_links":{"self":[{"href":"https:\/\/latinzona.hu\/index.php\/wp-json\/wp\/v2\/posts\/2019"}],"collection":[{"href":"https:\/\/latinzona.hu\/index.php\/wp-json\/wp\/v2\/posts"}],"about":[{"href":"https:\/\/latinzona.hu\/index.php\/wp-json\/wp\/v2\/types\/post"}],"author":[{"embeddable":true,"href":"https:\/\/latinzona.hu\/index.php\/wp-json\/wp\/v2\/users\/1"}],"replies":[{"embeddable":true,"href":"https:\/\/latinzona.hu\/index.php\/wp-json\/wp\/v2\/comments?post=2019"}],"version-history":[{"count":1,"href":"https:\/\/latinzona.hu\/index.php\/wp-json\/wp\/v2\/posts\/2019\/revisions"}],"predecessor-version":[{"id":2021,"href":"https:\/\/latinzona.hu\/index.php\/wp-json\/wp\/v2\/posts\/2019\/revisions\/2021"}],"wp:featuredmedia":[{"embeddable":true,"href":"https:\/\/latinzona.hu\/index.php\/wp-json\/wp\/v2\/media\/2020"}],"wp:attachment":[{"href":"https:\/\/latinzona.hu\/index.php\/wp-json\/wp\/v2\/media?parent=2019"}],"wp:term":[{"taxonomy":"category","embeddable":true,"href":"https:\/\/latinzona.hu\/index.php\/wp-json\/wp\/v2\/categories?post=2019"},{"taxonomy":"post_tag","embeddable":true,"href":"https:\/\/latinzona.hu\/index.php\/wp-json\/wp\/v2\/tags?post=2019"}],"curies":[{"name":"wp","href":"https:\/\/api.w.org\/{rel}","templated":true}]}}