{"id":2026,"date":"2026-03-16T20:14:52","date_gmt":"2026-03-16T20:14:52","guid":{"rendered":"https:\/\/latinzona.hu\/?p=2026"},"modified":"2026-03-16T20:14:53","modified_gmt":"2026-03-16T20:14:53","slug":"brazilia-legmagasabb-hegye-talan-megkozelitheto-lesz","status":"publish","type":"post","link":"https:\/\/latinzona.hu\/index.php\/2026\/03\/16\/brazilia-legmagasabb-hegye-talan-megkozelitheto-lesz\/","title":{"rendered":"V\u00e9gre jobban megk\u00f6zel\u00edthet\u0151 lesz Braz\u00edlia legmagasabb hegye"},"content":{"rendered":"\n<p>A Pico da Neblina-exped\u00edci\u00f3 c\u00e9lja az volt, hogy <strong>felm\u00e9rje \u00e9s jav\u00edt\u00e1si javaslatokat tegyen Braz\u00edlia legmagasabb hegye megk\u00f6zel\u00edthet\u0151s\u00e9g\u00e9re \u00e9s turisztikai infrastrukt\u00far\u00e1j\u00e1ra.<\/strong> A munk\u00e1t t\u00f6bb miniszt\u00e9riumi szervezet \u00e9s \u0151slakos k\u00f6z\u00f6ss\u00e9gek szervezt\u00e9k. A csapat 2026. janu\u00e1r 26. \u00e9s febru\u00e1r 6. k\u00f6z\u00f6tt j\u00e1rta be a terepet, \u00f6sszesen 11 nem \u0151slakos \u00e9s 22 Yanomami r\u00e9szv\u00e9tel\u00e9vel, akik vezet\u0151k\u00e9nt, hord\u00e1rk\u00e9nt \u00e9s szak\u00e1csk\u00e9nt dolgoztak. <\/p>\n\n\n\n<p>A vizsg\u00e1lat a Yaripo Ecoturismo Yanomami l\u00e1togat\u00e1si terv alapj\u00e1n zajlott, amely a t\u00e9rs\u00e9g fenntarthat\u00f3 turizmus\u00e1t hivatott szab\u00e1lyozni. A szakemberek technikai elemz\u00e9st v\u00e9geztek a teljes \u00fatvonalon, k\u00fcl\u00f6n\u00f6s tekintettel a balesetvesz\u00e9ly cs\u00f6kkent\u00e9s\u00e9re \u00e9s a t\u00e1borhelyek fejleszt\u00e9s\u00e9re. <\/p>\n\n\n\n<h2>Braz\u00edlia legmagasabb hegye m\u00e9g mindig el\u00e9gg\u00e9 megk\u00f6zel\u00edthetetlen<\/h2>\n\n\n\n<p>A felm\u00e9r\u00e9s eredm\u00e9nyei alapj\u00e1n t\u00f6bb konkr\u00e9t int\u00e9zked\u00e9st is meghat\u00e1roztak. P\u00e9ld\u00e1ul \u00f6tven l\u00e9pcs\u0151fok telep\u00edt\u00e9s\u00e9t \u00e9s a biztos\u00edt\u00f3k\u00f6telek, l\u00e1ncok meger\u0151s\u00edt\u00e9s\u00e9t a cs\u00facs el\u0151tti utols\u00f3 szakaszon, amelyet 2026 augusztus\u00e1ra terveznek. <strong>Emellett dr\u00f3nos k\u00f6rnyezeti felt\u00e9rk\u00e9pez\u00e9st is el\u0151ir\u00e1nyoztak, hogy azonos\u00edts\u00e1k a kor\u00e1bbi illeg\u00e1lis b\u00e1ny\u00e1szat nyomait a Gelo-v\u00edzgy\u0171jt\u0151 ter\u00fclet\u00e9n<\/strong>. Valamint friss\u00edtik a m\u0171k\u00f6d\u00e9si protokollokat, p\u00e9ld\u00e1ul a teherm\u00e9r\u00e9s \u00e9s a Yanomami-k\u00eds\u00e9ret szervez\u00e9s\u00e9nek szab\u00e1lyait.<\/p>\n\n\n\n<p> A csapat felkereste a 31 de Mar\u00e7o-cs\u00facsot is, amely az orsz\u00e1g m\u00e1sodik legmagasabb pontja, \u00e9s arra a k\u00f6vetkeztet\u00e9sre jutott, hogy azt nem szabad megnyitni a turizmus sz\u00e1m\u00e1ra, mivel a terep vesz\u00e9lyes, a k\u00f6rnyezet s\u00e9r\u00fcl\u00e9keny, \u00e9s a helysz\u00edn szent a Yanomami n\u00e9p sz\u00e1m\u00e1ra. <strong>A Pico da Neblina, amely 2 995,30 m\u00e9teres magass\u00e1g\u00e1val Braz\u00edlia legmagasabb cs\u00facsa, az Amazonas \u00e1llamban, a Serra do Imeri hegys\u00e9gben tal\u00e1lhat\u00f3, k\u00f6zvetlen\u00fcl <a href=\"https:\/\/latinzona.hu\/index.php\/2026\/02\/17\/egy-anakonda-ami-egy-olyan-termeszetes-bortonben-el-ahonnan-nem-lehet-kijutni\/\">a venezuelai hat\u00e1r mellett.<\/a><\/strong> <\/p>\n\n\n\n<p>A hegy k\u00fcl\u00f6nleges jelent\u0151s\u00e9ggel b\u00edr. A Yanomami kult\u00far\u00e1ban Yarip\u00f3nak, a Szelek Hegy\u00e9nek nevezik, \u00e9s a t\u00e9rs\u00e9g egyik legelszigeteltebb, leg\u00e9rintetlenebb ter\u00fclet\u00e9nek sz\u00e1m\u00edt. A megk\u00f6zel\u00edt\u00e9s rendk\u00edv\u00fcl neh\u00e9z, a terep meredek, nedves \u00e9s technikailag kih\u00edv\u00e1st jelent\u0151, ez\u00e9rt a turizmus csak szigor\u00fa szab\u00e1lyoz\u00e1s mellett lehets\u00e9ges. A mostani exped\u00edci\u00f3 c\u00e9lja \u00e9ppen az volt, hogy olyan fejleszt\u00e9seket alapozzon meg, amelyek egyszerre jav\u00edtj\u00e1k a biztons\u00e1got, t\u00e1mogatj\u00e1k a helyi k\u00f6z\u00f6ss\u00e9geket \u00e9s meg\u0151rzik a hegy \u00f6kol\u00f3giai \u00e9s kultur\u00e1lis \u00e9rt\u00e9keit. <\/p>\n\n\n\n<p>A felm\u00e9r\u00e9s eredm\u00e9nyei hossz\u00fa t\u00e1von meghat\u00e1rozhatj\u00e1k, hogyan v\u00e1lhat a Pico da Neblina fenntarthat\u00f3 m\u00f3don l\u00e1togathat\u00f3v\u00e1 an\u00e9lk\u00fcl, hogy s\u00e9r\u00fclne a t\u00e9rs\u00e9g egyed\u00fcl\u00e1ll\u00f3 term\u00e9szeti \u00e9s spiritu\u00e1lis \u00f6r\u00f6ks\u00e9ge.<\/p>\n","protected":false},"excerpt":{"rendered":"<div class=\"mh-excerpt\"><p>A Pico da Neblina-exped\u00edci\u00f3 c\u00e9lja az volt, hogy felm\u00e9rje \u00e9s jav\u00edt\u00e1si javaslatokat tegyen Braz\u00edlia legmagasabb hegye megk\u00f6zel\u00edthet\u0151s\u00e9g\u00e9re \u00e9s turisztikai infrastrukt\u00far\u00e1j\u00e1ra. A munk\u00e1t t\u00f6bb miniszt\u00e9riumi szervezet <a class=\"mh-excerpt-more\" href=\"https:\/\/latinzona.hu\/index.php\/2026\/03\/16\/brazilia-legmagasabb-hegye-talan-megkozelitheto-lesz\/\" title=\"V\u00e9gre jobban megk\u00f6zel\u00edthet\u0151 lesz Braz\u00edlia legmagasabb hegye\">[&#8230;]<\/a><\/p>\n<\/div>","protected":false},"author":1,"featured_media":2027,"comment_status":"open","ping_status":"open","sticky":false,"template":"","format":"standard","meta":[],"categories":[42],"tags":[43],"yoast_head":"<!-- This site is optimized with the Yoast SEO plugin v15.5 - https:\/\/yoast.com\/wordpress\/plugins\/seo\/ -->\n<title>V\u00e9gre jobban megk\u00f6zel\u00edthet\u0151 lesz Braz\u00edlia legmagasabb hegye - Latin Z\u00f3na<\/title>\n<meta name=\"description\" content=\"Kifejezetten \u00e9rintetlen volt eddig, de most egy \u00faj kezdem\u00e9nyez\u00e9snek k\u00f6sz\u00f6nhet\u0151en tal\u00e1n megk\u00f6zel\u00edthet\u0151bb lesz Braz\u00edlia legmagasabb hegye.\" \/>\n<meta name=\"robots\" content=\"index, follow, max-snippet:-1, max-image-preview:large, max-video-preview:-1\" \/>\n<link rel=\"canonical\" href=\"https:\/\/latinzona.hu\/index.php\/2026\/03\/16\/brazilia-legmagasabb-hegye-talan-megkozelitheto-lesz\/\" \/>\n<meta property=\"og:locale\" content=\"hu_HU\" \/>\n<meta property=\"og:type\" content=\"article\" \/>\n<meta property=\"og:title\" content=\"V\u00e9gre jobban megk\u00f6zel\u00edthet\u0151 lesz Braz\u00edlia legmagasabb hegye - Latin Z\u00f3na\" \/>\n<meta property=\"og:description\" content=\"Kifejezetten \u00e9rintetlen volt eddig, de most egy \u00faj kezdem\u00e9nyez\u00e9snek k\u00f6sz\u00f6nhet\u0151en tal\u00e1n megk\u00f6zel\u00edthet\u0151bb lesz Braz\u00edlia legmagasabb hegye.\" \/>\n<meta property=\"og:url\" content=\"https:\/\/latinzona.hu\/index.php\/2026\/03\/16\/brazilia-legmagasabb-hegye-talan-megkozelitheto-lesz\/\" \/>\n<meta property=\"og:site_name\" content=\"Latin Z\u00f3na\" \/>\n<meta property=\"article:published_time\" content=\"2026-03-16T20:14:52+00:00\" \/>\n<meta property=\"article:modified_time\" content=\"2026-03-16T20:14:53+00:00\" \/>\n<meta property=\"og:image\" content=\"https:\/\/latinzona.hu\/wp-content\/uploads\/2026\/03\/Pico_da_Neblina_FAB.jpg\" \/>\n\t<meta property=\"og:image:width\" content=\"1024\" \/>\n\t<meta property=\"og:image:height\" content=\"683\" \/>\n<meta name=\"twitter:card\" content=\"summary_large_image\" \/>\n<meta name=\"twitter:label1\" content=\"Becs\u00fclt olvas\u00e1si id\u0151\">\n\t<meta name=\"twitter:data1\" content=\"2 perc\">\n<script type=\"application\/ld+json\" class=\"yoast-schema-graph\">{\"@context\":\"https:\/\/schema.org\",\"@graph\":[{\"@type\":\"WebSite\",\"@id\":\"https:\/\/latinzona.hu\/#website\",\"url\":\"https:\/\/latinzona.hu\/\",\"name\":\"Latin Z\\u00f3na\",\"description\":\"Mi D\\u00e9lre is figyel\\u00fcnk...\",\"potentialAction\":[{\"@type\":\"SearchAction\",\"target\":\"https:\/\/latinzona.hu\/?s={search_term_string}\",\"query-input\":\"required name=search_term_string\"}],\"inLanguage\":\"hu\"},{\"@type\":\"ImageObject\",\"@id\":\"https:\/\/latinzona.hu\/index.php\/2026\/03\/16\/brazilia-legmagasabb-hegye-talan-megkozelitheto-lesz\/#primaryimage\",\"inLanguage\":\"hu\",\"url\":\"https:\/\/latinzona.hu\/wp-content\/uploads\/2026\/03\/Pico_da_Neblina_FAB.jpg\",\"width\":1024,\"height\":683},{\"@type\":\"WebPage\",\"@id\":\"https:\/\/latinzona.hu\/index.php\/2026\/03\/16\/brazilia-legmagasabb-hegye-talan-megkozelitheto-lesz\/#webpage\",\"url\":\"https:\/\/latinzona.hu\/index.php\/2026\/03\/16\/brazilia-legmagasabb-hegye-talan-megkozelitheto-lesz\/\",\"name\":\"V\\u00e9gre jobban megk\\u00f6zel\\u00edthet\\u0151 lesz Braz\\u00edlia legmagasabb hegye - Latin Z\\u00f3na\",\"isPartOf\":{\"@id\":\"https:\/\/latinzona.hu\/#website\"},\"primaryImageOfPage\":{\"@id\":\"https:\/\/latinzona.hu\/index.php\/2026\/03\/16\/brazilia-legmagasabb-hegye-talan-megkozelitheto-lesz\/#primaryimage\"},\"datePublished\":\"2026-03-16T20:14:52+00:00\",\"dateModified\":\"2026-03-16T20:14:53+00:00\",\"author\":{\"@id\":\"https:\/\/latinzona.hu\/#\/schema\/person\/de64af94bc35db4973955a05f752bd2d\"},\"description\":\"Kifejezetten \\u00e9rintetlen volt eddig, de most egy \\u00faj kezdem\\u00e9nyez\\u00e9snek k\\u00f6sz\\u00f6nhet\\u0151en tal\\u00e1n megk\\u00f6zel\\u00edthet\\u0151bb lesz Braz\\u00edlia legmagasabb hegye.\",\"inLanguage\":\"hu\",\"potentialAction\":[{\"@type\":\"ReadAction\",\"target\":[\"https:\/\/latinzona.hu\/index.php\/2026\/03\/16\/brazilia-legmagasabb-hegye-talan-megkozelitheto-lesz\/\"]}]},{\"@type\":\"Person\",\"@id\":\"https:\/\/latinzona.hu\/#\/schema\/person\/de64af94bc35db4973955a05f752bd2d\",\"name\":\"Chileno\",\"image\":{\"@type\":\"ImageObject\",\"@id\":\"https:\/\/latinzona.hu\/#personlogo\",\"inLanguage\":\"hu\",\"url\":\"https:\/\/secure.gravatar.com\/avatar\/9a5fe6fe999607c0ed4bfce2f8ed2600?s=96&d=mm&r=g\",\"caption\":\"Chileno\"},\"sameAs\":[\"https:\/\/latinzona.hu\"]}]}<\/script>\n<!-- \/ Yoast SEO plugin. -->","_links":{"self":[{"href":"https:\/\/latinzona.hu\/index.php\/wp-json\/wp\/v2\/posts\/2026"}],"collection":[{"href":"https:\/\/latinzona.hu\/index.php\/wp-json\/wp\/v2\/posts"}],"about":[{"href":"https:\/\/latinzona.hu\/index.php\/wp-json\/wp\/v2\/types\/post"}],"author":[{"embeddable":true,"href":"https:\/\/latinzona.hu\/index.php\/wp-json\/wp\/v2\/users\/1"}],"replies":[{"embeddable":true,"href":"https:\/\/latinzona.hu\/index.php\/wp-json\/wp\/v2\/comments?post=2026"}],"version-history":[{"count":1,"href":"https:\/\/latinzona.hu\/index.php\/wp-json\/wp\/v2\/posts\/2026\/revisions"}],"predecessor-version":[{"id":2028,"href":"https:\/\/latinzona.hu\/index.php\/wp-json\/wp\/v2\/posts\/2026\/revisions\/2028"}],"wp:featuredmedia":[{"embeddable":true,"href":"https:\/\/latinzona.hu\/index.php\/wp-json\/wp\/v2\/media\/2027"}],"wp:attachment":[{"href":"https:\/\/latinzona.hu\/index.php\/wp-json\/wp\/v2\/media?parent=2026"}],"wp:term":[{"taxonomy":"category","embeddable":true,"href":"https:\/\/latinzona.hu\/index.php\/wp-json\/wp\/v2\/categories?post=2026"},{"taxonomy":"post_tag","embeddable":true,"href":"https:\/\/latinzona.hu\/index.php\/wp-json\/wp\/v2\/tags?post=2026"}],"curies":[{"name":"wp","href":"https:\/\/api.w.org\/{rel}","templated":true}]}}