{"id":2113,"date":"2026-05-01T20:15:31","date_gmt":"2026-05-01T20:15:31","guid":{"rendered":"https:\/\/latinzona.hu\/?p=2113"},"modified":"2026-05-01T20:15:33","modified_gmt":"2026-05-01T20:15:33","slug":"mar-szabadlabon-a-2005-os-etnocacerista-felkeles-vezetoje","status":"publish","type":"post","link":"https:\/\/latinzona.hu\/index.php\/2026\/05\/01\/mar-szabadlabon-a-2005-os-etnocacerista-felkeles-vezetoje\/","title":{"rendered":"A f\u00e9lelmetes 2005-\u00f6s etnocacerista l\u00e1zad\u00e1s"},"content":{"rendered":"\n<p>2005. janu\u00e1r elsej\u00e9n felkel\u00e9s r\u00e1zta meg Andahuaylas v\u00e1ros\u00e1t Peru d\u00e9li r\u00e9sz\u00e9n. <strong>Antauro Humala, a radik\u00e1lis etnocacerista mozgalom vezet\u0151je \u00e9s 160 tartal\u00e9kos k\u00f6vet\u0151je elfoglalta a helyi rend\u0151rkapit\u00e1nys\u00e1got, ny\u00edltan k\u00f6vetelve Alejandro Toledo eln\u00f6k lemond\u00e1s\u00e1t.<\/strong> <\/p>\n\n\n\n<p>A t\u00e1mad\u00e1s h\u00f3napok \u00f3ta \u00e9rlel\u0151d\u00f6tt. Antauro m\u00e1r 2004 k\u00f6zep\u00e9t\u0151l szervezte a felkel\u00e9st, mik\u00f6zben egyre sz\u00e9ls\u0151s\u00e9gesebb retorik\u00e1t hangoztatott, \u00e9s a hadsereg decemberi tisztogat\u00e1sa \u2013 amelynek sor\u00e1n testv\u00e9r\u00e9t, Ollanta Humal\u00e1t is nyugd\u00edjazt\u00e1k \u2013 v\u00e9g\u00fcl \u00fcr\u00fcgyet adott a l\u00e1zad\u00e1sra. <\/p>\n\n\n\n<h2>Az etnocacerista mozgalom l\u00e1zad\u00e1sa<\/h2>\n\n\n\n<p>A t\u00e1mad\u00e1s sor\u00e1n a felkel\u0151k k\u00f6nnyed\u00e9n vett\u00e9k \u00e1t az ir\u00e1ny\u00edt\u00e1st a gyeng\u00e9n \u0151rz\u00f6tt rend\u0151rkapit\u00e1nys\u00e1g felett, jelent\u0151s mennyis\u00e9g\u0171 fegyvert zs\u00e1km\u00e1nyolva, \u00e9s tizenh\u00e9t rend\u0151rt t\u00faszul ejtve. A helyi lakoss\u00e1g egy r\u00e9sze \u2013 Antauro propagand\u00e1j\u00e1nak hat\u00e1s\u00e1ra \u2013 kezdetben t\u00e1mogatta \u0151ket, \u00e9lelmet \u00e9s ruh\u00e1t biztos\u00edtva a l\u00e1zad\u00f3knak. A felkel\u0151k k\u00e9s\u0151bb megpr\u00f3b\u00e1lt\u00e1k elfoglalni a k\u00f6zeli Los Chancas katonai b\u00e1zist is, de a hadsereg ellen\u00e1llt.<\/p>\n\n\n\n<p>A konfliktus m\u00e1snap tragikus fordulatot vett. <strong>Janu\u00e1r 2-\u00e1n az etnocacerist\u00e1k rajta\u00fct\u00f6ttek egy rend\u0151ri egys\u00e9gen az Anccoyllo h\u00eddn\u00e1l, ahol n\u00e9gy rend\u0151r \u00e9let\u00e9t vesztette.<\/strong> A vizsg\u00e1latok szerint a l\u00f6v\u00e9sek egy r\u00e9sze a k\u00f6zeli dombokr\u00f3l \u00e9rkezett, \u00e9s a felkel\u0151k egyik tagja kiv\u00e9gzett egy sebes\u00fclt rend\u0151rt is. A v\u00e1rosban k\u00e1osz uralkodott, barik\u00e1dok emelkedtek, \u00e9s Antauro Humala tov\u00e1bb sz\u00edtotta a fesz\u00fclts\u00e9get.<\/p>\n\n\n\n<figure class=\"wp-block-image size-large\"><img loading=\"lazy\" width=\"907\" height=\"687\" src=\"https:\/\/latinzona.hu\/wp-content\/uploads\/2026\/05\/Screenshot-2026-05-01-221356.png\" alt=\"\" class=\"wp-image-2115\" srcset=\"https:\/\/latinzona.hu\/wp-content\/uploads\/2026\/05\/Screenshot-2026-05-01-221356.png 907w, https:\/\/latinzona.hu\/wp-content\/uploads\/2026\/05\/Screenshot-2026-05-01-221356-300x227.png 300w, https:\/\/latinzona.hu\/wp-content\/uploads\/2026\/05\/Screenshot-2026-05-01-221356-768x582.png 768w, https:\/\/latinzona.hu\/wp-content\/uploads\/2026\/05\/Screenshot-2026-05-01-221356-80x60.png 80w\" sizes=\"(max-width: 907px) 100vw, 907px\" \/><\/figure>\n\n\n\n<p>Janu\u00e1r 3-\u00e1n Humala l\u00e1tsz\u00f3lagos &#8220;diadalmenet&#8221; keret\u00e9ben megadta mag\u00e1t, majd letart\u00f3ztatt\u00e1k. M\u00e1snap k\u00f6vet\u0151i is letett\u00e9k a fegyvert. \u00d6sszesen 163 embert tart\u00f3ztattak le, \u00e9s t\u00f6bb helysz\u00ednen h\u00e1zkutat\u00e1st tartottak, ahol fegyvereket \u00e9s sz\u00e9ls\u0151s\u00e9ges ideol\u00f3gi\u00e1ra utal\u00f3 jelk\u00e9peket tal\u00e1ltak.<\/p>\n\n\n\n<p>Antauro Humal\u00e1t l\u00e1zad\u00e1s, ember\u00f6l\u00e9s, fegyverlop\u00e1s \u00e9s t\u00faszejt\u00e9s miatt \u00edt\u00e9lt\u00e9k el. <strong>2009-ben 25 \u00e9v b\u00f6rt\u00f6nt kapott, amelyet k\u00e9s\u0151bb 19 \u00e9vre cs\u00f6kkentettek. 2022-ben j\u00f3 magaviselet \u00e9s munkav\u00e9gz\u00e9s miatt szabadult, ami nagy felh\u00e1borod\u00e1st v\u00e1ltott ki, k\u00fcl\u00f6n\u00f6sen az \u00e1ldozatok csal\u00e1djai k\u00f6r\u00e9ben.<\/strong> A mai napig nem fizette ki a b\u00edr\u00f3s\u00e1g \u00e1ltal meg\u00edt\u00e9lt k\u00e1rt\u00e9r\u00edt\u00e9st, \u00e9s tov\u00e1bbra is <a href=\"https:\/\/latinzona.hu\/index.php\/2024\/12\/27\/szabadlabon-egy-perui-paramilitaris-csoport-egyik-gyilkos-tagja\/\">radik\u00e1lis hangot \u00fct meg<\/a>, ami sokak szerint vesz\u00e9lyes \u00f6r\u00f6ks\u00e9get hagy maga ut\u00e1n.<\/p>\n\n\n\n<p>Az <strong>etnocacerista mozgalom<\/strong> (Movimiento Etnocacerista) egy perui, radik\u00e1lis nacionalista \u00e9s katonai jelleg\u0171 politikai ir\u00e1nyzat, amelyet f\u0151k\u00e9nt <strong>Isaac Humala<\/strong> ideol\u00f3gi\u00e1ja \u00e9s fiai, <strong>Antauro \u00e9s Ollanta Humala<\/strong> katonai m\u00faltja form\u00e1lt. A mozgalom neve k\u00e9t elem \u00f6sszevon\u00e1s\u00e1b\u00f3l ered. Az ento az \u0151slakos, f\u0151k\u00e9nt andoki n\u00e9pek kultur\u00e1lis fels\u0151bbrend\u0171s\u00e9g\u00e9t hirdet\u0151 gondolat.   A caceres pedig Andr\u00e9s Avelino C\u00e1ceres 19. sz\u00e1zadi perui hadvez\u00e9rre utal, aki a csendes-\u00f3ce\u00e1ni h\u00e1bor\u00faban gerillaharcot folytatott a chilei megsz\u00e1ll\u00e1s ellen.  A perui t\u00e1rsadalomban az etnocacerizmus sokak szerint <strong>sz\u00e9ls\u0151s\u00e9ges, er\u0151szakos \u00e9s antidemokratikus<\/strong> ir\u00e1nyzat.<\/p>\n","protected":false},"excerpt":{"rendered":"<div class=\"mh-excerpt\"><p>2005. janu\u00e1r elsej\u00e9n felkel\u00e9s r\u00e1zta meg Andahuaylas v\u00e1ros\u00e1t Peru d\u00e9li r\u00e9sz\u00e9n. Antauro Humala, a radik\u00e1lis etnocacerista mozgalom vezet\u0151je \u00e9s 160 tartal\u00e9kos k\u00f6vet\u0151je elfoglalta a helyi <a class=\"mh-excerpt-more\" href=\"https:\/\/latinzona.hu\/index.php\/2026\/05\/01\/mar-szabadlabon-a-2005-os-etnocacerista-felkeles-vezetoje\/\" title=\"A f\u00e9lelmetes 2005-\u00f6s etnocacerista l\u00e1zad\u00e1s\">[&#8230;]<\/a><\/p>\n<\/div>","protected":false},"author":1,"featured_media":2114,"comment_status":"open","ping_status":"open","sticky":false,"template":"","format":"standard","meta":[],"categories":[2],"tags":[3],"yoast_head":"<!-- This site is optimized with the Yoast SEO plugin v15.5 - https:\/\/yoast.com\/wordpress\/plugins\/seo\/ -->\n<title>A f\u00e9lelmetes 2005-\u00f6s etnocacerista l\u00e1zad\u00e1s - Latin Z\u00f3na<\/title>\n<meta name=\"description\" content=\"2005-ben s\u00falyos etnocacerista felkel\u00e9s r\u00e1zta meg Perut, de a l\u00e1zad\u00e1s vezet\u0151je m\u00e1r szabadl\u00e1bon is van a s\u00falyos esem\u00e9nyek ut\u00e1n.\" \/>\n<meta name=\"robots\" content=\"index, follow, max-snippet:-1, max-image-preview:large, max-video-preview:-1\" \/>\n<link rel=\"canonical\" href=\"https:\/\/latinzona.hu\/index.php\/2026\/05\/01\/mar-szabadlabon-a-2005-os-etnocacerista-felkeles-vezetoje\/\" \/>\n<meta property=\"og:locale\" content=\"hu_HU\" \/>\n<meta property=\"og:type\" content=\"article\" \/>\n<meta property=\"og:title\" content=\"A f\u00e9lelmetes 2005-\u00f6s etnocacerista l\u00e1zad\u00e1s - Latin Z\u00f3na\" \/>\n<meta property=\"og:description\" content=\"2005-ben s\u00falyos etnocacerista felkel\u00e9s r\u00e1zta meg Perut, de a l\u00e1zad\u00e1s vezet\u0151je m\u00e1r szabadl\u00e1bon is van a s\u00falyos esem\u00e9nyek ut\u00e1n.\" \/>\n<meta property=\"og:url\" content=\"https:\/\/latinzona.hu\/index.php\/2026\/05\/01\/mar-szabadlabon-a-2005-os-etnocacerista-felkeles-vezetoje\/\" \/>\n<meta property=\"og:site_name\" content=\"Latin Z\u00f3na\" \/>\n<meta property=\"article:published_time\" content=\"2026-05-01T20:15:31+00:00\" \/>\n<meta property=\"article:modified_time\" content=\"2026-05-01T20:15:33+00:00\" \/>\n<meta property=\"og:image\" content=\"https:\/\/latinzona.hu\/wp-content\/uploads\/2026\/05\/Screenshot-2026-05-01-221307.png\" \/>\n\t<meta property=\"og:image:width\" content=\"1842\" \/>\n\t<meta property=\"og:image:height\" content=\"735\" \/>\n<meta name=\"twitter:card\" content=\"summary_large_image\" \/>\n<meta name=\"twitter:label1\" content=\"Becs\u00fclt olvas\u00e1si id\u0151\">\n\t<meta name=\"twitter:data1\" content=\"2 perc\">\n<script type=\"application\/ld+json\" class=\"yoast-schema-graph\">{\"@context\":\"https:\/\/schema.org\",\"@graph\":[{\"@type\":\"WebSite\",\"@id\":\"https:\/\/latinzona.hu\/#website\",\"url\":\"https:\/\/latinzona.hu\/\",\"name\":\"Latin Z\\u00f3na\",\"description\":\"Mi D\\u00e9lre is figyel\\u00fcnk...\",\"potentialAction\":[{\"@type\":\"SearchAction\",\"target\":\"https:\/\/latinzona.hu\/?s={search_term_string}\",\"query-input\":\"required name=search_term_string\"}],\"inLanguage\":\"hu\"},{\"@type\":\"ImageObject\",\"@id\":\"https:\/\/latinzona.hu\/index.php\/2026\/05\/01\/mar-szabadlabon-a-2005-os-etnocacerista-felkeles-vezetoje\/#primaryimage\",\"inLanguage\":\"hu\",\"url\":\"https:\/\/latinzona.hu\/wp-content\/uploads\/2026\/05\/Screenshot-2026-05-01-221307.png\",\"width\":1842,\"height\":735},{\"@type\":\"WebPage\",\"@id\":\"https:\/\/latinzona.hu\/index.php\/2026\/05\/01\/mar-szabadlabon-a-2005-os-etnocacerista-felkeles-vezetoje\/#webpage\",\"url\":\"https:\/\/latinzona.hu\/index.php\/2026\/05\/01\/mar-szabadlabon-a-2005-os-etnocacerista-felkeles-vezetoje\/\",\"name\":\"A f\\u00e9lelmetes 2005-\\u00f6s etnocacerista l\\u00e1zad\\u00e1s - Latin Z\\u00f3na\",\"isPartOf\":{\"@id\":\"https:\/\/latinzona.hu\/#website\"},\"primaryImageOfPage\":{\"@id\":\"https:\/\/latinzona.hu\/index.php\/2026\/05\/01\/mar-szabadlabon-a-2005-os-etnocacerista-felkeles-vezetoje\/#primaryimage\"},\"datePublished\":\"2026-05-01T20:15:31+00:00\",\"dateModified\":\"2026-05-01T20:15:33+00:00\",\"author\":{\"@id\":\"https:\/\/latinzona.hu\/#\/schema\/person\/de64af94bc35db4973955a05f752bd2d\"},\"description\":\"2005-ben s\\u00falyos etnocacerista felkel\\u00e9s r\\u00e1zta meg Perut, de a l\\u00e1zad\\u00e1s vezet\\u0151je m\\u00e1r szabadl\\u00e1bon is van a s\\u00falyos esem\\u00e9nyek ut\\u00e1n.\",\"inLanguage\":\"hu\",\"potentialAction\":[{\"@type\":\"ReadAction\",\"target\":[\"https:\/\/latinzona.hu\/index.php\/2026\/05\/01\/mar-szabadlabon-a-2005-os-etnocacerista-felkeles-vezetoje\/\"]}]},{\"@type\":\"Person\",\"@id\":\"https:\/\/latinzona.hu\/#\/schema\/person\/de64af94bc35db4973955a05f752bd2d\",\"name\":\"Chileno\",\"image\":{\"@type\":\"ImageObject\",\"@id\":\"https:\/\/latinzona.hu\/#personlogo\",\"inLanguage\":\"hu\",\"url\":\"https:\/\/secure.gravatar.com\/avatar\/9a5fe6fe999607c0ed4bfce2f8ed2600?s=96&d=mm&r=g\",\"caption\":\"Chileno\"},\"sameAs\":[\"https:\/\/latinzona.hu\"]}]}<\/script>\n<!-- \/ Yoast SEO plugin. -->","_links":{"self":[{"href":"https:\/\/latinzona.hu\/index.php\/wp-json\/wp\/v2\/posts\/2113"}],"collection":[{"href":"https:\/\/latinzona.hu\/index.php\/wp-json\/wp\/v2\/posts"}],"about":[{"href":"https:\/\/latinzona.hu\/index.php\/wp-json\/wp\/v2\/types\/post"}],"author":[{"embeddable":true,"href":"https:\/\/latinzona.hu\/index.php\/wp-json\/wp\/v2\/users\/1"}],"replies":[{"embeddable":true,"href":"https:\/\/latinzona.hu\/index.php\/wp-json\/wp\/v2\/comments?post=2113"}],"version-history":[{"count":1,"href":"https:\/\/latinzona.hu\/index.php\/wp-json\/wp\/v2\/posts\/2113\/revisions"}],"predecessor-version":[{"id":2116,"href":"https:\/\/latinzona.hu\/index.php\/wp-json\/wp\/v2\/posts\/2113\/revisions\/2116"}],"wp:featuredmedia":[{"embeddable":true,"href":"https:\/\/latinzona.hu\/index.php\/wp-json\/wp\/v2\/media\/2114"}],"wp:attachment":[{"href":"https:\/\/latinzona.hu\/index.php\/wp-json\/wp\/v2\/media?parent=2113"}],"wp:term":[{"taxonomy":"category","embeddable":true,"href":"https:\/\/latinzona.hu\/index.php\/wp-json\/wp\/v2\/categories?post=2113"},{"taxonomy":"post_tag","embeddable":true,"href":"https:\/\/latinzona.hu\/index.php\/wp-json\/wp\/v2\/tags?post=2113"}],"curies":[{"name":"wp","href":"https:\/\/api.w.org\/{rel}","templated":true}]}}