{"id":2231,"date":"2026-08-30T16:45:55","date_gmt":"2026-08-30T16:45:55","guid":{"rendered":"https:\/\/latinzona.hu\/?p=2231"},"modified":"2026-08-30T16:45:57","modified_gmt":"2026-08-30T16:45:57","slug":"az-eredeti-banan-meg-teljesen-mas-volt-mint-amit-most-ismerunk","status":"publish","type":"post","link":"https:\/\/latinzona.hu\/index.php\/2026\/08\/30\/az-eredeti-banan-meg-teljesen-mas-volt-mint-amit-most-ismerunk\/","title":{"rendered":"A ma ismert ban\u00e1n egy\u00e1ltal\u00e1n nem az eredeti ban\u00e1n"},"content":{"rendered":"\n<p><strong>A d\u00e9l-amerikai ban\u00e1n t\u00f6rt\u00e9nete t\u00f6bb mint h\u00e9tezer \u00e9vvel ezel\u0151tt kezd\u0151d\u00f6tt, messze az amerikai kontinenst\u0151l, \u00daj-Guinea t\u00e9rs\u00e9g\u00e9ben.<\/strong> A mai termesztett ban\u00e1nok \u0151sei olyan vad ban\u00e1nfajok voltak, amelyek term\u00e9szetes \u00e9l\u0151hely\u00fck\u00f6n, a szigetorsz\u00e1g hegyvid\u00e9ki \u00e9s tr\u00f3pusi erdeiben \u00e9ltek. <\/p>\n\n\n\n<p>Ezekb\u0151l az emberi szelekci\u00f3, a tudatos termeszt\u00e9s \u00e9s a k\u00fcl\u00f6nb\u00f6z\u0151 fajok keresztez\u0151d\u00e9se r\u00e9v\u00e9n alakultak ki azok a n\u00f6v\u00e9nyek, amelyeket ma ban\u00e1nk\u00e9nt ismer\u00fcnk. A r\u00e9g\u00e9szeti leletek egy\u00e9rtelm\u0171en bizony\u00edtj\u00e1k, hogy \u00daj-Guine\u00e1ban m\u00e1r k\u00f6r\u00fclbel\u00fcl h\u00e9tezer \u00e9vvel ezel\u0151tt termesztettek ban\u00e1nt, \u00edgy ez a n\u00f6v\u00e9ny h\u00e1zias\u00edt\u00e1s\u00e1nak egyik legkor\u00e1bbi k\u00f6zpontja.<\/p>\n\n\n\n<p><strong>A vad eredeti ban\u00e1n azonban eg\u00e9szen m\u00e1s gy\u00fcm\u00f6lcs volt, mint a ma ismert v\u00e1ltozat. Tele volt kem\u00e9ny, nagy magokkal, \u00e9s csup\u00e1n kev\u00e9s, kev\u00e9sb\u00e9 \u00e9lvezhet\u0151 gy\u00fcm\u00f6lcsh\u00fast tartalmazott.<\/strong> Az \u00e9vsz\u00e1zadok sor\u00e1n a termeszt\u0151k olyan mut\u00e1ci\u00f3kat \u00e9s v\u00e1ltozatokat r\u00e9szes\u00edtettek el\u0151nyben, amelyekben a magok fejl\u0151d\u00e9se gyakorlatilag le\u00e1llt. <\/p>\n\n\n\n<p>\u00cdgy j\u00f6tt l\u00e9tre a magtalan, puha \u00e9s h\u00fasos gy\u00fcm\u00f6lcs. A modern ban\u00e1nok jelent\u0151s r\u00e9sze triploid, vagyis h\u00e1rom kromosz\u00f3mak\u00e9szlettel rendelkezik. Ez a genetikai saj\u00e1toss\u00e1g megnehez\u00edti a norm\u00e1lis ivaros szaporod\u00e1st, ez\u00e9rt ezeket a n\u00f6v\u00e9nyeket szinte kiz\u00e1r\u00f3lag sarjakkal, vagyis vegetat\u00edv m\u00f3don szapor\u00edtj\u00e1k.<\/p>\n\n\n\n<h2>Az eredeti ban\u00e1n m\u00e9g ellen\u00e1ll\u00f3 volt<\/h2>\n\n\n\n<p>A ban\u00e1n ezut\u00e1n fokozatosan elterjedt D\u00e9lkelet-\u00c1zsi\u00e1ban \u00e9s a Csendes-\u00f3ce\u00e1n szigetein. Az amerikai kontinensre azonban nem egyetlen, k\u00f6zvetlen\u00fcl \u00daj-Guine\u00e1b\u00f3l \u00e9rkez\u0151 n\u00f6v\u00e9nyk\u00e9nt jutott el. <strong>A kutat\u00e1sok szerint a spanyol \u00e9s portug\u00e1l haj\u00f3sok a tizenhatodik sz\u00e1zadban t\u00f6bb \u00fatvonalon is behozt\u00e1k a ban\u00e1nt az \u00dajvil\u00e1gba.<\/strong> <\/p>\n\n\n\n<p>A Kan\u00e1ri-szigetekr\u0151l p\u00e9ld\u00e1ul 1516-ban dokument\u00e1ltan \u00e9rkeztek ban\u00e1nn\u00f6v\u00e9nyek Hispaniol\u00e1ra, a mai Dominikai K\u00f6zt\u00e1rsas\u00e1g \u00e9s Haiti ter\u00fclet\u00e9re. Innen a n\u00f6v\u00e9ny gyorsan elterjedt a Karib-t\u00e9rs\u00e9gben, majd K\u00f6z\u00e9p- \u00e9s D\u00e9l-Amerik\u00e1ban.<\/p>\n\n\n\n<p>Ezt k\u00f6vet\u0151en indult el a nagy\u00fczemi termeszt\u00e9s korszaka. A tr\u00f3pusi D\u00e9l-Amerika \u2013 <a href=\"https:\/\/latinzona.hu\/index.php\/2025\/12\/23\/megmenthetoek-az-ecuadori-mangrove-erdok\/\">k\u00fcl\u00f6n\u00f6sen Ecuador<\/a>, Kolumbia \u00e9s a k\u00f6rnyez\u0151 orsz\u00e1gok \u2013 ide\u00e1lis \u00e9ghajlati \u00e9s talajviszonyokat k\u00edn\u00e1lt a ban\u00e1n\u00fcltetv\u00e9nyeknek. <strong>A tizenkilencedik \u00e9s huszadik sz\u00e1zadban hatalmas \u00fcltetv\u00e9nyek alakultak ki, \u00e9s a ban\u00e1n nemzetk\u00f6zi \u00e1rucikk\u00e9 v\u00e1lt. <\/strong>Fontos azonban tiszt\u00e1zni: nem minden d\u00e9l-amerikai ban\u00e1n egyetlen kl\u00f3n. <\/p>\n\n\n\n<p>Ecuadorban, Kolumbi\u00e1ban, Peruban \u00e9s m\u00e1s orsz\u00e1gokban ma is sokf\u00e9le ban\u00e1n- \u00e9s f\u0151z\u0151ban\u00e1nfajt\u00e1t termesztenek helyi fogyaszt\u00e1sra. A vil\u00e1g exportpiac\u00e1n viszont rendk\u00edv\u00fcl sz\u0171k a v\u00e1laszt\u00e9k. A szupermarketekben kaphat\u00f3, tipikusan s\u00e1rga desszertban\u00e1n szinte mindig a Cavendish csoport valamelyik v\u00e1ltozata.<\/p>\n\n\n\n<p><strong>Ezek genetikailag nagyon k\u00f6zel \u00e1llnak egym\u00e1shoz, \u00e9s sok esetben ugyanannak a kl\u00f3nnak a vegetat\u00edv lesz\u00e1rmazottai<\/strong>. Egy \u00fcltetv\u00e9nyben teh\u00e1t \u00f3ri\u00e1si sz\u00e1mban \u00e1llhatnak olyan n\u00f6v\u00e9nyek, amelyek l\u00e9nyeg\u00e9ben azonos genetikai \u00e1llom\u00e1nnyal rendelkeznek.<\/p>\n\n\n\n<p>A Cavendish maga is k\u00fcl\u00f6n\u00f6s utat j\u00e1rt be. Egy p\u00e9ld\u00e1nya Mauritiuson kereszt\u00fcl jutott Angli\u00e1ba, ahol Joseph Paxton, a Chatsworth House kert\u00e9sze az 1830-as \u00e9vekben sikeresen termesztette. Az ottani n\u00f6v\u00e9nyekb\u0151l k\u00e9s\u0151bb a Csendes-\u00f3ce\u00e1n t\u00e9rs\u00e9g\u00e9be is k\u00fcldtek hajt\u00e1sokat, \u00e9s ez a vonal lett a mai kereskedelmi Cavendish ban\u00e1n egyik fontos \u0151se.<\/p>\n\n\n\n<p><strong>Az eredeti ban\u00e1n \u00e9s a mai szupermarketes v\u00e1ltozat k\u00f6z\u00f6tt ez\u00e9rt \u00f3ri\u00e1si a k\u00fcl\u00f6nbs\u00e9g. A vad forma magvas, rostos \u00e9s kev\u00e9sb\u00e9 kellemes nyersen, m\u00edg a termesztett ban\u00e1nt az ember \u00e9vezredeken \u00e1t \u00fagy alak\u00edtotta, hogy puha, \u00e9des, magtalan \u00e9s h\u00fasos legyen. A Cavendish k\u00fcl\u00f6n\u00f6sen alkalmasnak bizonyult a vil\u00e1gkereskedelemre: j\u00f3l sz\u00e1ll\u00edthat\u00f3, egyenletes m\u00e9ret\u0171 \u00e9s ismer\u0151s \u00edz\u0171. <\/strong>Ugyanakkor ez a genetikai egys\u00e9gess\u00e9g ma vesz\u00e9lyt is jelent. Egy v\u00e1ltozatos erd\u0151ben egy k\u00f3rokoz\u00f3 megjelen\u00e9se ut\u00e1n lehetnek olyan egyedek, amelyek term\u00e9szetes ellen\u00e1ll\u00f3s\u00e1guk miatt t\u00fal\u00e9lnek. <\/p>\n\n\n\n<p>Egy genetikailag szinte azonos \u00fcltetv\u00e9nyben viszont ugyanaz a betegs\u00e9g k\u00f6nnyen v\u00e9gigs\u00f6p\u00f6rhet az eg\u00e9sz \u00e1llom\u00e1nyon.<\/p>\n\n\n\n<h2>A helyzet napjainkban \u00e9s a j\u00f6v\u0151<\/h2>\n\n\n\n<p>Pontosan ez t\u00f6rt\u00e9nt kor\u00e1bban a Gros Michel ban\u00e1nnal, amelyet a Panama-betegs\u00e9g els\u0151 komoly hull\u00e1ma t\u00f6nkretett a nemzetk\u00f6zi kereskedelemben. A vil\u00e1g ekkor a Cavendishre v\u00e1ltott. Most pedig a t\u00f6rt\u00e9nelem hasonl\u00f3 ir\u00e1nyba fordul: a Panama-betegs\u00e9g Tropical Race 4, vagyis TR4 nev\u0171 v\u00e1ltozata a Cavendisht is t\u00e1madja. A probl\u00e9ma nem az, hogy a ban\u00e1n mint n\u00f6v\u00e9ny kihalna, hanem az, hogy a vil\u00e1g nagy r\u00e9sze \u00e1ltal megszokott desszertban\u00e1n egyetlen, nagyon s\u00e9r\u00fcl\u00e9keny genetikai alapra \u00e9p\u00fcl.<\/p>\n\n\n\n<p>\u00d6sszefoglalva teh\u00e1t: nem minden d\u00e9l-amerikai ban\u00e1n kl\u00f3n. <strong>A vad ban\u00e1nok jelent\u0151s genetikai v\u00e1ltozatoss\u00e1ggal rendelkeznek, a helyi termeszt\u00e9sben pedig sokf\u00e9le fajta \u00e9l tov\u00e1bb. <\/strong>A nagy\u00fczemi exportban azonban a Cavendish dominanci\u00e1ja miatt az Ecuadorb\u00f3l, Kolumbi\u00e1b\u00f3l \u00e9s m\u00e1s orsz\u00e1gokb\u00f3l \u00e9rkez\u0151, szupermarketbe sz\u00e1nt ban\u00e1nok genetikailag rendk\u00edv\u00fcl hasonl\u00f3ak, \u00e9s vegetat\u00edv szapor\u00edt\u00e1suk miatt l\u00e9nyeg\u00e9ben kl\u00f3nok. <\/p>\n\n\n\n<p>A Cavendish r\u00e1ad\u00e1sul nem az els\u0151 ban\u00e1n, hanem t\u00f6bb ezer \u00e9vnyi h\u00e1zias\u00edt\u00e1s \u00e9s keresztez\u0151d\u00e9s eredm\u00e9nye, amelynek t\u00f6rt\u00e9net\u00e9ben az \u00faj-guineai \u0151si ban\u00e1nok kulcsszerepet j\u00e1tszanak. \u00cdgy a ban\u00e1n t\u00f6rt\u00e9nete \u00daj-Guine\u00e1b\u00f3l indul, \u00c1zsi\u00e1n \u00e9s Afrik\u00e1n kereszt\u00fcl jut el az eur\u00f3pai haj\u00f3z\u00e1si h\u00e1l\u00f3zatba, a tizenhatodik sz\u00e1zadban az amerikai kontinensre, majd D\u00e9l-Amerika hatalmas \u00fcltetv\u00e9nyeire. A ma ismert Cavendish pedig ennek a hossz\u00fa, t\u00f6bb ezer \u00e9ves t\u00f6rt\u00e9netnek egy viszonylag fiatal, angliai fejezete.<\/p>\n","protected":false},"excerpt":{"rendered":"<div class=\"mh-excerpt\"><p>A d\u00e9l-amerikai ban\u00e1n t\u00f6rt\u00e9nete t\u00f6bb mint h\u00e9tezer \u00e9vvel ezel\u0151tt kezd\u0151d\u00f6tt, messze az amerikai kontinenst\u0151l, \u00daj-Guinea t\u00e9rs\u00e9g\u00e9ben. A mai termesztett ban\u00e1nok \u0151sei olyan vad ban\u00e1nfajok voltak, <a class=\"mh-excerpt-more\" href=\"https:\/\/latinzona.hu\/index.php\/2026\/08\/30\/az-eredeti-banan-meg-teljesen-mas-volt-mint-amit-most-ismerunk\/\" title=\"A ma ismert ban\u00e1n egy\u00e1ltal\u00e1n nem az eredeti ban\u00e1n\">[&#8230;]<\/a><\/p>\n<\/div>","protected":false},"author":1,"featured_media":2232,"comment_status":"open","ping_status":"open","sticky":false,"template":"","format":"standard","meta":[],"categories":[95,7],"tags":[305],"yoast_head":"<!-- This site is optimized with the Yoast SEO plugin v15.5 - https:\/\/yoast.com\/wordpress\/plugins\/seo\/ -->\n<title>A ma ismert ban\u00e1n egy\u00e1ltal\u00e1n nem az eredeti ban\u00e1n - Latin Z\u00f3na<\/title>\n<meta name=\"description\" content=\"Az a ban\u00e1n, amit most ismer\u00fcnk, teljesen m\u00e1s volt ahhoz k\u00e9pest, mint ami az eredeti ban\u00e1n n\u00e9ven hivatkozhatunk meg h\u00e9tezer \u00e9vvel ezel\u0151ttr\u0151l.\" \/>\n<meta name=\"robots\" content=\"index, follow, max-snippet:-1, max-image-preview:large, max-video-preview:-1\" \/>\n<link rel=\"canonical\" href=\"https:\/\/latinzona.hu\/index.php\/2026\/08\/30\/az-eredeti-banan-meg-teljesen-mas-volt-mint-amit-most-ismerunk\/\" \/>\n<meta property=\"og:locale\" content=\"hu_HU\" \/>\n<meta property=\"og:type\" content=\"article\" \/>\n<meta property=\"og:title\" content=\"A ma ismert ban\u00e1n egy\u00e1ltal\u00e1n nem az eredeti ban\u00e1n - Latin Z\u00f3na\" \/>\n<meta property=\"og:description\" content=\"Az a ban\u00e1n, amit most ismer\u00fcnk, teljesen m\u00e1s volt ahhoz k\u00e9pest, mint ami az eredeti ban\u00e1n n\u00e9ven hivatkozhatunk meg h\u00e9tezer \u00e9vvel ezel\u0151ttr\u0151l.\" \/>\n<meta property=\"og:url\" content=\"https:\/\/latinzona.hu\/index.php\/2026\/08\/30\/az-eredeti-banan-meg-teljesen-mas-volt-mint-amit-most-ismerunk\/\" \/>\n<meta property=\"og:site_name\" content=\"Latin Z\u00f3na\" \/>\n<meta property=\"article:published_time\" content=\"2026-08-30T16:45:55+00:00\" \/>\n<meta property=\"article:modified_time\" content=\"2026-08-30T16:45:57+00:00\" \/>\n<meta property=\"og:image\" content=\"https:\/\/latinzona.hu\/wp-content\/uploads\/2026\/08\/Screenshot-2026-08-30-184510.png\" \/>\n\t<meta property=\"og:image:width\" content=\"917\" \/>\n\t<meta property=\"og:image:height\" content=\"567\" \/>\n<meta name=\"twitter:card\" content=\"summary_large_image\" \/>\n<meta name=\"twitter:label1\" content=\"Becs\u00fclt olvas\u00e1si id\u0151\">\n\t<meta name=\"twitter:data1\" content=\"4 perc\">\n<script type=\"application\/ld+json\" class=\"yoast-schema-graph\">{\"@context\":\"https:\/\/schema.org\",\"@graph\":[{\"@type\":\"WebSite\",\"@id\":\"https:\/\/latinzona.hu\/#website\",\"url\":\"https:\/\/latinzona.hu\/\",\"name\":\"Latin Z\\u00f3na\",\"description\":\"Mi D\\u00e9lre is figyel\\u00fcnk...\",\"potentialAction\":[{\"@type\":\"SearchAction\",\"target\":\"https:\/\/latinzona.hu\/?s={search_term_string}\",\"query-input\":\"required name=search_term_string\"}],\"inLanguage\":\"hu\"},{\"@type\":\"ImageObject\",\"@id\":\"https:\/\/latinzona.hu\/index.php\/2026\/08\/30\/az-eredeti-banan-meg-teljesen-mas-volt-mint-amit-most-ismerunk\/#primaryimage\",\"inLanguage\":\"hu\",\"url\":\"https:\/\/latinzona.hu\/wp-content\/uploads\/2026\/08\/Screenshot-2026-08-30-184510.png\",\"width\":917,\"height\":567},{\"@type\":\"WebPage\",\"@id\":\"https:\/\/latinzona.hu\/index.php\/2026\/08\/30\/az-eredeti-banan-meg-teljesen-mas-volt-mint-amit-most-ismerunk\/#webpage\",\"url\":\"https:\/\/latinzona.hu\/index.php\/2026\/08\/30\/az-eredeti-banan-meg-teljesen-mas-volt-mint-amit-most-ismerunk\/\",\"name\":\"A ma ismert ban\\u00e1n egy\\u00e1ltal\\u00e1n nem az eredeti ban\\u00e1n - Latin Z\\u00f3na\",\"isPartOf\":{\"@id\":\"https:\/\/latinzona.hu\/#website\"},\"primaryImageOfPage\":{\"@id\":\"https:\/\/latinzona.hu\/index.php\/2026\/08\/30\/az-eredeti-banan-meg-teljesen-mas-volt-mint-amit-most-ismerunk\/#primaryimage\"},\"datePublished\":\"2026-08-30T16:45:55+00:00\",\"dateModified\":\"2026-08-30T16:45:57+00:00\",\"author\":{\"@id\":\"https:\/\/latinzona.hu\/#\/schema\/person\/de64af94bc35db4973955a05f752bd2d\"},\"description\":\"Az a ban\\u00e1n, amit most ismer\\u00fcnk, teljesen m\\u00e1s volt ahhoz k\\u00e9pest, mint ami az eredeti ban\\u00e1n n\\u00e9ven hivatkozhatunk meg h\\u00e9tezer \\u00e9vvel ezel\\u0151ttr\\u0151l.\",\"inLanguage\":\"hu\",\"potentialAction\":[{\"@type\":\"ReadAction\",\"target\":[\"https:\/\/latinzona.hu\/index.php\/2026\/08\/30\/az-eredeti-banan-meg-teljesen-mas-volt-mint-amit-most-ismerunk\/\"]}]},{\"@type\":\"Person\",\"@id\":\"https:\/\/latinzona.hu\/#\/schema\/person\/de64af94bc35db4973955a05f752bd2d\",\"name\":\"Chileno\",\"image\":{\"@type\":\"ImageObject\",\"@id\":\"https:\/\/latinzona.hu\/#personlogo\",\"inLanguage\":\"hu\",\"url\":\"https:\/\/secure.gravatar.com\/avatar\/9a5fe6fe999607c0ed4bfce2f8ed2600?s=96&d=mm&r=g\",\"caption\":\"Chileno\"},\"sameAs\":[\"https:\/\/latinzona.hu\"]}]}<\/script>\n<!-- \/ Yoast SEO plugin. -->","_links":{"self":[{"href":"https:\/\/latinzona.hu\/index.php\/wp-json\/wp\/v2\/posts\/2231"}],"collection":[{"href":"https:\/\/latinzona.hu\/index.php\/wp-json\/wp\/v2\/posts"}],"about":[{"href":"https:\/\/latinzona.hu\/index.php\/wp-json\/wp\/v2\/types\/post"}],"author":[{"embeddable":true,"href":"https:\/\/latinzona.hu\/index.php\/wp-json\/wp\/v2\/users\/1"}],"replies":[{"embeddable":true,"href":"https:\/\/latinzona.hu\/index.php\/wp-json\/wp\/v2\/comments?post=2231"}],"version-history":[{"count":1,"href":"https:\/\/latinzona.hu\/index.php\/wp-json\/wp\/v2\/posts\/2231\/revisions"}],"predecessor-version":[{"id":2233,"href":"https:\/\/latinzona.hu\/index.php\/wp-json\/wp\/v2\/posts\/2231\/revisions\/2233"}],"wp:featuredmedia":[{"embeddable":true,"href":"https:\/\/latinzona.hu\/index.php\/wp-json\/wp\/v2\/media\/2232"}],"wp:attachment":[{"href":"https:\/\/latinzona.hu\/index.php\/wp-json\/wp\/v2\/media?parent=2231"}],"wp:term":[{"taxonomy":"category","embeddable":true,"href":"https:\/\/latinzona.hu\/index.php\/wp-json\/wp\/v2\/categories?post=2231"},{"taxonomy":"post_tag","embeddable":true,"href":"https:\/\/latinzona.hu\/index.php\/wp-json\/wp\/v2\/tags?post=2231"}],"curies":[{"name":"wp","href":"https:\/\/api.w.org\/{rel}","templated":true}]}}