{"id":2234,"date":"2026-09-05T06:25:01","date_gmt":"2026-09-05T06:25:01","guid":{"rendered":"https:\/\/latinzona.hu\/?p=2234"},"modified":"2026-09-05T06:25:35","modified_gmt":"2026-09-05T06:25:35","slug":"yungay-1970-a-foldrenges-ami-lavinava-valt-es-elpusztitott-egy-varost","status":"publish","type":"post","link":"https:\/\/latinzona.hu\/index.php\/2026\/09\/05\/yungay-1970-a-foldrenges-ami-lavinava-valt-es-elpusztitott-egy-varost\/","title":{"rendered":"Yungay 1970: A lavina, amely elt\u00f6r\u00f6lt egy eg\u00e9sz v\u00e1rost a F\u00f6ld sz\u00edn\u00e9r\u0151l"},"content":{"rendered":"\n<p>A Nep\u00e1lb\u00f3l \u00e9rkez\u0151 megr\u00e1z\u00f3 k\u00e9pek kapcs\u00e1n \u00e9rdemes felid\u00e9zni egy m\u00e9g puszt\u00edt\u00f3bb term\u00e9szeti katasztr\u00f3f\u00e1t. <strong>Az 1970-ben Peruban bek\u00f6vetkezett hatalmas t\u00f6rmel\u00e9klavin\u00e1t, amely gyakorlatilag elt\u00f6r\u00f6lte Yungay <a href=\"https:\/\/latinzona.hu\/index.php\/2024\/12\/11\/la-oroya-a-vilag-egyik-legszennyezettebb-helye\/\">v\u00e1ros\u00e1t<\/a> a F\u00f6ld sz\u00edn\u00e9r\u0151l.<\/strong><\/p>\n\n\n\n<p>1970 m\u00e1jus 31-\u00e9n, d\u00e9lut\u00e1n 3 \u00f3ra 23 perckor egy 7,7\u20137,9-es er\u0151ss\u00e9g\u0171 f\u00f6ldreng\u00e9s r\u00e1zta meg Peru nyugati partvid\u00e9k\u00e9t \u00e9s az Ancash r\u00e9gi\u00f3t. <strong>A reng\u00e9s hat\u00e1s\u00e1ra a Huascar\u00e1n \u2013 D\u00e9l-Amerika egyik legmagasabb hegye \u2013 \u00e9szaki cs\u00facs\u00e1nak oldal\u00e1b\u00f3l, mintegy 5500\u20136400 m\u00e9teres magass\u00e1gb\u00f3l hatalmas mennyis\u00e9g\u0171 k\u0151zet, j\u00e9g \u00e9s h\u00f3 szakadt le.<\/strong> A lez\u00fadul\u00f3 anyag n\u00e9h\u00e1ny perc alatt \u00f3ri\u00e1si t\u00f6rmel\u00e9klavin\u00e1v\u00e1 alakult. Ez mag\u00e1ba sodorta a gleccserr\u0151l sz\u00e1rmaz\u00f3 havat \u00e9s a lejt\u0151k\u00f6n tal\u00e1lhat\u00f3 laza \u00fcled\u00e9keket is.<\/p>\n\n\n\n<div class=\"wp-block-image\"><figure class=\"aligncenter size-large\"><img loading=\"lazy\" width=\"330\" height=\"494\" src=\"https:\/\/latinzona.hu\/wp-content\/uploads\/2026\/09\/Yungay_avalanche_labels.jpg\" alt=\"\" class=\"wp-image-2237\" srcset=\"https:\/\/latinzona.hu\/wp-content\/uploads\/2026\/09\/Yungay_avalanche_labels.jpg 330w, https:\/\/latinzona.hu\/wp-content\/uploads\/2026\/09\/Yungay_avalanche_labels-200x300.jpg 200w\" sizes=\"(max-width: 330px) 100vw, 330px\" \/><\/figure><\/div>\n\n\n\n<h2>Yungay trag\u00e9di\u00e1ja: a 3 perc, ami 20 000 embert temetett maga al\u00e1<\/h2>\n\n\n\n<p>A becsl\u00e9sek szerint 50\u2013100 milli\u00f3 k\u00f6bm\u00e9ternyi anyag z\u00fadult a v\u00f6lgy fel\u00e9. A lavina k\u00f6r\u00fclbel\u00fcl 14,5\u201316 kilom\u00e9tert tett meg, mik\u00f6zben csaknem 4000 m\u00e9tert ereszkedett. \u00c1tlagos sebess\u00e9ge elk\u00e9peszt\u0151, 280\u2013335 km\/\u00f3ra k\u00f6z\u00f6tt lehetett \u2013 egyes szemtan\u00fak \u00e9s tudom\u00e1nyos sz\u00e1m\u00edt\u00e1sok szerint helyenk\u00e9nt m\u00e9g enn\u00e9l is gyorsabb volt. <strong>A t\u00f6meg ilyen sebess\u00e9ggel gyakorlatilag meg\u00e1ll\u00edthatatlanul s\u00f6p\u00f6rt v\u00e9gig a v\u00f6lgy\u00f6n.<\/strong><\/p>\n\n\n\n<p>Yungay lak\u00f3i abban a hitben \u00e9ltek, hogy a v\u00e1rost r\u00e9szben megv\u00e9di egy k\u00f6r\u00fclbel\u00fcl 140\u2013200 m\u00e9ter magas term\u00e9szetes gerinc. Ez azonban nem bizonyult elegend\u0151nek. <strong>A lavina egy r\u00e9sze egyszer\u0171en \u00e1tbukott az akad\u00e1lyon, majd annak t\u00faloldal\u00e1n k\u00f6zvetlen\u00fcl a telep\u00fcl\u00e9sre z\u00fadult.<\/strong> A katasztr\u00f3fa vas\u00e1rnap, piaci napon t\u00f6rt\u00e9nt, amikor a k\u00f6rnyez\u0151 falvakb\u00f3l is sokan a v\u00e1rosba j\u00f6ttek, \u00edgy a helysz\u00ednen tart\u00f3zkod\u00f3k sz\u00e1ma jelent\u0151sen meghaladta a megszokottat.<\/p>\n\n\n\n<p>A v\u00e1rosban a rendelkez\u00e9sre \u00e1ll\u00f3 adatok szerint mintegy 3500\u20134000 \u00e1lland\u00f3 lakos \u00e9lt, de a piac miatt a napszakban j\u00f3val t\u00f6bben tart\u00f3zkodtak ott. A lavina Yungayt \u00e9s t\u00f6bb k\u00f6zeli telep\u00fcl\u00e9st \u2013 k\u00f6zt\u00fck Ranrahirc\u00e1t \u2013 szinte teljesen eltemette. A v\u00e1rosban mind\u00f6ssze n\u00e9h\u00e1ny sz\u00e1z ember \u00e9lte t\u00fal a trag\u00e9di\u00e1t: k\u00f6r\u00fclbel\u00fcl 92-en a magasabban fekv\u0151 temet\u0151 mesters\u00e9ges dombj\u00e1n tal\u00e1ltak mened\u00e9ket, tov\u00e1bbi t\u00f6bb sz\u00e1zan pedig a stadionban zajl\u00f3 cirkuszi el\u0151ad\u00e1sr\u00f3l menek\u00fcltek fel a biztons\u00e1gosabb helyekre. <\/p>\n\n\n\n<p>A t\u00f6rmel\u00e9k alatt rekedtek sz\u00e1ma a mai napig vitatott. <strong>A hagyom\u00e1nyos becsl\u00e9sek 15\u201320 ezer, s\u0151t n\u00e9ha magasabb \u00e1ldozatsz\u00e1mot eml\u00edtenek Yungay \u00e9s a k\u00f6rnyez\u0151 falvak k\u00f6rny\u00e9k\u00e9n, m\u00edg \u00fajabb tudom\u00e1nyos vizsg\u00e1latok alacsonyabb, k\u00f6r\u00fclbel\u00fcl 6000 f\u0151s \u00f6sszhal\u00e1loz\u00e1st val\u00f3sz\u00edn\u0171s\u00edtenek a lavina k\u00f6zvetlen hat\u00e1s\u00e1ra.<\/strong> A f\u00f6ldreng\u00e9s \u00e9s a lavina egy\u00fcttesen t\u00f6bb t\u00edzezer ember \u00e9let\u00e9t k\u00f6vetelte a r\u00e9gi\u00f3ban.<\/p>\n\n\n\n<h2>Napjainkban<\/h2>\n\n\n\n<p>A katasztr\u00f3fa ut\u00e1n a perui korm\u00e1ny a r\u00e9gi Yungay ter\u00fclet\u00e9t nemzeti temet\u0151v\u00e9 (Campo Santo) nyilv\u00e1n\u00edtotta. <strong>A helysz\u00edn \u00e9rinthetetlen, tilos rajta \u00e9p\u00edtkezni vagy \u00e1sat\u00e1sokat v\u00e9gezni.<\/strong> Ma csendes eml\u00e9khely \u00e9s szabadt\u00e9ri m\u00fazeum: a egykori f\u0151t\u00e9ren m\u00e9g ma is \u00e1ll n\u00e9gy p\u00e1lmafa, a sz\u00e9kesegyh\u00e1z romjai \u00e9s egy hatalmas, kiny\u00fajtott kar\u00fa Krisztus-szobor \u0151rzi a v\u00e1ros eml\u00e9k\u00e9t. <\/p>\n\n\n\n<figure class=\"wp-block-image size-large\"><img loading=\"lazy\" width=\"1024\" height=\"576\" src=\"https:\/\/latinzona.hu\/wp-content\/uploads\/2026\/09\/0_0CYVjBM6s2SYcryt-1024x576.jpg\" alt=\"\" class=\"wp-image-2238\" srcset=\"https:\/\/latinzona.hu\/wp-content\/uploads\/2026\/09\/0_0CYVjBM6s2SYcryt-1024x576.jpg 1024w, https:\/\/latinzona.hu\/wp-content\/uploads\/2026\/09\/0_0CYVjBM6s2SYcryt-300x169.jpg 300w, https:\/\/latinzona.hu\/wp-content\/uploads\/2026\/09\/0_0CYVjBM6s2SYcryt-768x432.jpg 768w, https:\/\/latinzona.hu\/wp-content\/uploads\/2026\/09\/0_0CYVjBM6s2SYcryt-678x381.jpg 678w, https:\/\/latinzona.hu\/wp-content\/uploads\/2026\/09\/0_0CYVjBM6s2SYcryt.jpg 1280w\" sizes=\"(max-width: 1024px) 100vw, 1024px\" \/><\/figure>\n\n\n\n<p>A hozz\u00e1tartoz\u00f3k s\u00edrk\u00f6veket helyezhetnek el ott, ahol egykor h\u00e1zaik \u00e1lltak. Az \u00faj Yungay v\u00e1rost k\u00f6r\u00fclbel\u00fcl m\u00e1sf\u00e9l-k\u00e9t kilom\u00e9terrel \u00e9szakabbra \u00e9p\u00edtett\u00e9k fel a t\u00fal\u00e9l\u0151k \u00e9s a seg\u00edts\u00e9gre \u00e9rkez\u0151k sz\u00e1m\u00e1ra; ma m\u00e1r t\u00f6bb ezer lakos\u00fa telep\u00fcl\u00e9s, amely a Cordillera Blanca hegyvid\u00e9k\u00e9nek egyik fontos turisztikai kiindul\u00f3pontjak\u00e9nt is m\u0171k\u00f6dik.<\/p>\n\n\n\n<p>A Yungay-katasztr\u00f3fa az\u00f3ta is a vil\u00e1g egyik legpuszt\u00edt\u00f3bb, f\u00f6ldreng\u00e9s \u00e1ltal kiv\u00e1ltott t\u00f6rmel\u00e9klavin\u00e1jak\u00e9nt ismert. <strong>Dr\u00e1mai m\u00f3don mutatja meg, hogy egy nagy magass\u00e1gban bek\u00f6vetkez\u0151 f\u00f6ldcsuszaml\u00e1s vagy t\u00f6rmel\u00e9klavina milyen hihetetlen energi\u00e1val k\u00e9pes hatalmas t\u00e1vols\u00e1got megtenni, \u00e9s m\u00e9g jelent\u0151s term\u00e9szetes akad\u00e1lyokat is legy\u0151zni.<\/strong> A hely ma is eml\u00e9keztet arra, milyen t\u00f6r\u00e9keny lehet az emberi \u00e9let a term\u00e9szet er\u0151ivel szemben.<\/p>\n","protected":false},"excerpt":{"rendered":"<div class=\"mh-excerpt\"><p>A Nep\u00e1lb\u00f3l \u00e9rkez\u0151 megr\u00e1z\u00f3 k\u00e9pek kapcs\u00e1n \u00e9rdemes felid\u00e9zni egy m\u00e9g puszt\u00edt\u00f3bb term\u00e9szeti katasztr\u00f3f\u00e1t. Az 1970-ben Peruban bek\u00f6vetkezett hatalmas t\u00f6rmel\u00e9klavin\u00e1t, amely gyakorlatilag elt\u00f6r\u00f6lte Yungay v\u00e1ros\u00e1t a <a class=\"mh-excerpt-more\" href=\"https:\/\/latinzona.hu\/index.php\/2026\/09\/05\/yungay-1970-a-foldrenges-ami-lavinava-valt-es-elpusztitott-egy-varost\/\" title=\"Yungay 1970: A lavina, amely elt\u00f6r\u00f6lt egy eg\u00e9sz v\u00e1rost a F\u00f6ld sz\u00edn\u00e9r\u0151l\">[&#8230;]<\/a><\/p>\n<\/div>","protected":false},"author":1,"featured_media":2236,"comment_status":"open","ping_status":"open","sticky":false,"template":"","format":"standard","meta":[],"categories":[2],"tags":[3],"yoast_head":"<!-- This site is optimized with the Yoast SEO plugin v15.5 - https:\/\/yoast.com\/wordpress\/plugins\/seo\/ -->\n<title>Yungay 1970: A lavina, amely elt\u00f6r\u00f6lt egy eg\u00e9sz v\u00e1rost a F\u00f6ld sz\u00edn\u00e9r\u0151l - Latin Z\u00f3na<\/title>\n<meta name=\"description\" content=\"A vil\u00e1g egyik leghal\u00e1losabb lavin\u00e1ja: Yungay t\u00f6rt\u00e9nete 1970-b\u0151l a mai napig megr\u00e1z\u00f3nak sz\u00e1m\u00edt. Sok ezer ember vesz\u00edtette \u00e9let\u00e9t.\" \/>\n<meta name=\"robots\" content=\"index, follow, max-snippet:-1, max-image-preview:large, max-video-preview:-1\" \/>\n<link rel=\"canonical\" href=\"https:\/\/latinzona.hu\/index.php\/2026\/09\/05\/yungay-1970-a-foldrenges-ami-lavinava-valt-es-elpusztitott-egy-varost\/\" \/>\n<meta property=\"og:locale\" content=\"hu_HU\" \/>\n<meta property=\"og:type\" content=\"article\" \/>\n<meta property=\"og:title\" content=\"Yungay 1970: A lavina, amely elt\u00f6r\u00f6lt egy eg\u00e9sz v\u00e1rost a F\u00f6ld sz\u00edn\u00e9r\u0151l - Latin Z\u00f3na\" \/>\n<meta property=\"og:description\" content=\"A vil\u00e1g egyik leghal\u00e1losabb lavin\u00e1ja: Yungay t\u00f6rt\u00e9nete 1970-b\u0151l a mai napig megr\u00e1z\u00f3nak sz\u00e1m\u00edt. Sok ezer ember vesz\u00edtette \u00e9let\u00e9t.\" \/>\n<meta property=\"og:url\" content=\"https:\/\/latinzona.hu\/index.php\/2026\/09\/05\/yungay-1970-a-foldrenges-ami-lavinava-valt-es-elpusztitott-egy-varost\/\" \/>\n<meta property=\"og:site_name\" content=\"Latin Z\u00f3na\" \/>\n<meta property=\"article:published_time\" content=\"2026-09-05T06:25:01+00:00\" \/>\n<meta property=\"article:modified_time\" content=\"2026-09-05T06:25:35+00:00\" \/>\n<meta property=\"og:image\" content=\"https:\/\/latinzona.hu\/wp-content\/uploads\/2026\/09\/Statue_of_Christ_at_Cemetery_Hill_overlooking_old_Yungay.jpg\" \/>\n\t<meta property=\"og:image:width\" content=\"1280\" \/>\n\t<meta property=\"og:image:height\" content=\"1015\" \/>\n<meta name=\"twitter:card\" content=\"summary_large_image\" \/>\n<meta name=\"twitter:label1\" content=\"Becs\u00fclt olvas\u00e1si id\u0151\">\n\t<meta name=\"twitter:data1\" content=\"3 perc\">\n<script type=\"application\/ld+json\" class=\"yoast-schema-graph\">{\"@context\":\"https:\/\/schema.org\",\"@graph\":[{\"@type\":\"WebSite\",\"@id\":\"https:\/\/latinzona.hu\/#website\",\"url\":\"https:\/\/latinzona.hu\/\",\"name\":\"Latin Z\\u00f3na\",\"description\":\"Mi D\\u00e9lre is figyel\\u00fcnk...\",\"potentialAction\":[{\"@type\":\"SearchAction\",\"target\":\"https:\/\/latinzona.hu\/?s={search_term_string}\",\"query-input\":\"required name=search_term_string\"}],\"inLanguage\":\"hu\"},{\"@type\":\"ImageObject\",\"@id\":\"https:\/\/latinzona.hu\/index.php\/2026\/09\/05\/yungay-1970-a-foldrenges-ami-lavinava-valt-es-elpusztitott-egy-varost\/#primaryimage\",\"inLanguage\":\"hu\",\"url\":\"https:\/\/latinzona.hu\/wp-content\/uploads\/2026\/09\/Statue_of_Christ_at_Cemetery_Hill_overlooking_old_Yungay.jpg\",\"width\":1280,\"height\":1015},{\"@type\":\"WebPage\",\"@id\":\"https:\/\/latinzona.hu\/index.php\/2026\/09\/05\/yungay-1970-a-foldrenges-ami-lavinava-valt-es-elpusztitott-egy-varost\/#webpage\",\"url\":\"https:\/\/latinzona.hu\/index.php\/2026\/09\/05\/yungay-1970-a-foldrenges-ami-lavinava-valt-es-elpusztitott-egy-varost\/\",\"name\":\"Yungay 1970: A lavina, amely elt\\u00f6r\\u00f6lt egy eg\\u00e9sz v\\u00e1rost a F\\u00f6ld sz\\u00edn\\u00e9r\\u0151l - Latin Z\\u00f3na\",\"isPartOf\":{\"@id\":\"https:\/\/latinzona.hu\/#website\"},\"primaryImageOfPage\":{\"@id\":\"https:\/\/latinzona.hu\/index.php\/2026\/09\/05\/yungay-1970-a-foldrenges-ami-lavinava-valt-es-elpusztitott-egy-varost\/#primaryimage\"},\"datePublished\":\"2026-09-05T06:25:01+00:00\",\"dateModified\":\"2026-09-05T06:25:35+00:00\",\"author\":{\"@id\":\"https:\/\/latinzona.hu\/#\/schema\/person\/de64af94bc35db4973955a05f752bd2d\"},\"description\":\"A vil\\u00e1g egyik leghal\\u00e1losabb lavin\\u00e1ja: Yungay t\\u00f6rt\\u00e9nete 1970-b\\u0151l a mai napig megr\\u00e1z\\u00f3nak sz\\u00e1m\\u00edt. Sok ezer ember vesz\\u00edtette \\u00e9let\\u00e9t.\",\"inLanguage\":\"hu\",\"potentialAction\":[{\"@type\":\"ReadAction\",\"target\":[\"https:\/\/latinzona.hu\/index.php\/2026\/09\/05\/yungay-1970-a-foldrenges-ami-lavinava-valt-es-elpusztitott-egy-varost\/\"]}]},{\"@type\":\"Person\",\"@id\":\"https:\/\/latinzona.hu\/#\/schema\/person\/de64af94bc35db4973955a05f752bd2d\",\"name\":\"Chileno\",\"image\":{\"@type\":\"ImageObject\",\"@id\":\"https:\/\/latinzona.hu\/#personlogo\",\"inLanguage\":\"hu\",\"url\":\"https:\/\/secure.gravatar.com\/avatar\/9a5fe6fe999607c0ed4bfce2f8ed2600?s=96&d=mm&r=g\",\"caption\":\"Chileno\"},\"sameAs\":[\"https:\/\/latinzona.hu\"]}]}<\/script>\n<!-- \/ Yoast SEO plugin. -->","_links":{"self":[{"href":"https:\/\/latinzona.hu\/index.php\/wp-json\/wp\/v2\/posts\/2234"}],"collection":[{"href":"https:\/\/latinzona.hu\/index.php\/wp-json\/wp\/v2\/posts"}],"about":[{"href":"https:\/\/latinzona.hu\/index.php\/wp-json\/wp\/v2\/types\/post"}],"author":[{"embeddable":true,"href":"https:\/\/latinzona.hu\/index.php\/wp-json\/wp\/v2\/users\/1"}],"replies":[{"embeddable":true,"href":"https:\/\/latinzona.hu\/index.php\/wp-json\/wp\/v2\/comments?post=2234"}],"version-history":[{"count":3,"href":"https:\/\/latinzona.hu\/index.php\/wp-json\/wp\/v2\/posts\/2234\/revisions"}],"predecessor-version":[{"id":2240,"href":"https:\/\/latinzona.hu\/index.php\/wp-json\/wp\/v2\/posts\/2234\/revisions\/2240"}],"wp:featuredmedia":[{"embeddable":true,"href":"https:\/\/latinzona.hu\/index.php\/wp-json\/wp\/v2\/media\/2236"}],"wp:attachment":[{"href":"https:\/\/latinzona.hu\/index.php\/wp-json\/wp\/v2\/media?parent=2234"}],"wp:term":[{"taxonomy":"category","embeddable":true,"href":"https:\/\/latinzona.hu\/index.php\/wp-json\/wp\/v2\/categories?post=2234"},{"taxonomy":"post_tag","embeddable":true,"href":"https:\/\/latinzona.hu\/index.php\/wp-json\/wp\/v2\/tags?post=2234"}],"curies":[{"name":"wp","href":"https:\/\/api.w.org\/{rel}","templated":true}]}}