{"id":2241,"date":"2026-09-06T07:35:56","date_gmt":"2026-09-06T07:35:56","guid":{"rendered":"https:\/\/latinzona.hu\/?p=2241"},"modified":"2026-09-06T07:35:57","modified_gmt":"2026-09-06T07:35:57","slug":"wagner-lopez-eletutja-a-labdarugas-globalitasat-tukrozi","status":"publish","type":"post","link":"https:\/\/latinzona.hu\/index.php\/2026\/09\/06\/wagner-lopez-eletutja-a-labdarugas-globalitasat-tukrozi\/","title":{"rendered":"W\u00e1gner L\u00f3pez &#8211; egy j\u00e1t\u00e9kos, aki n\u00e9gy v\u00e1logatottban is j\u00e1tszhat"},"content":{"rendered":"\n<p><strong>W\u00e1gner L\u00f3pez t\u00f6rt\u00e9nete a modern futball egyik leg\u00e9rdekesebb p\u00e9ld\u00e1ja arra, hogyan kapcsol\u00f3dhat \u00f6ssze t\u00f6bb orsz\u00e1g, kult\u00fara \u00e9s \u00e9let\u00fat egyetlen fiatal j\u00e1t\u00e9kos szem\u00e9ly\u00e9ben.<\/strong> A 17 \u00e9ves t\u00e1mad\u00f3 Mozambikban sz\u00fcletett, angolai \u00e9desapja \u00e9s argentin \u00e9desanyja van, kilenc\u00e9ves kor\u00e1ban ker\u00fclt Paraguayba, \u00e9s az\u00f3ta is ott \u00e9l, fejl\u0151dik \u00e9s <a href=\"https:\/\/latinzona.hu\/index.php\/2026\/03\/24\/adossag-miatt-megy-a-levesbe-egy-paraguayi-focicsapat-stadionja\/\">futballozik<\/a>. Jelenleg a luquei 29 de Setiembre U18-as csapat\u00e1ban szerepel, mik\u00f6zben m\u00e1r bemutatkozott a mozambiki U20-as v\u00e1logatottban is.<\/p>\n\n\n\n<h2>W\u00e1gner L\u00f3pez \u00e9lete Mozambikhoz k\u00f6t\u0151dik legink\u00e1bb<\/h2>\n\n\n\n<p>L\u00f3pez p\u00e1lyafut\u00e1sa Paraguayban indult igaz\u00e1n. <strong>El\u0151sz\u00f6r a Fluminense paraguayi futballiskol\u00e1j\u00e1ban kezdett el rendszeresen j\u00e1tszani, majd a 29 de Setiembre akad\u00e9mi\u00e1j\u00e1n folytatta a fejl\u0151d\u00e9s\u00e9t. A<\/strong> jelenlegi id\u00e9nyben kiemelked\u0151 form\u00e1t mutat: egy friss j\u00e1t\u00e9kosprofil szerint 19 m\u00e9rk\u0151z\u00e9sen 14 g\u00f3lt \u00e9s 11 g\u00f3lpasszt jegyzett. Ez a teljes\u00edtm\u00e9ny nemcsak hazai szinten h\u00edvta fel r\u00e1 a figyelmet, hanem nemzetk\u00f6zi megfigyel\u0151k \u00e9rdekl\u0151d\u00e9s\u00e9t is felkeltette. A rendelkez\u00e9sre \u00e1ll\u00f3 adatok szerint 1,81 m\u00e9ter magas, mindk\u00e9t sz\u00e9len \u00e9s k\u00f6z\u00e9pcsat\u00e1rk\u00e9nt is bevethet\u0151, \u00e9s t\u00f6bb brazil klub is figyelemmel k\u00eds\u00e9ri a fejl\u0151d\u00e9s\u00e9t.<\/p>\n\n\n\n<p>A v\u00e1logatottk\u00e9rd\u00e9s k\u00fcl\u00f6n\u00f6sen \u00f6sszetett n\u00e1la. <strong>Csal\u00e1di h\u00e1ttere, sz\u00fclet\u00e9si helye \u00e9s paraguayi tart\u00f3zkod\u00e1sa miatt elm\u00e9letileg n\u00e9gy orsz\u00e1g \u2013 Mozambik, Angola, Argent\u00edna \u00e9s Paraguay \u2013 is sz\u00f3ba j\u00f6het<\/strong>. Fontos azonban pontosan fogalmazni: a forr\u00e1sok nem \u00e1ll\u00edtj\u00e1k biztosan, hogy mind a n\u00e9gy orsz\u00e1g \u00e1llampolg\u00e1rs\u00e1g\u00e1val rendelkezik. <\/p>\n\n\n\n<p>Azt mondj\u00e1k, hogy sz\u00e1rmaz\u00e1sa, sz\u00fclet\u00e9si helye \u00e9s a paraguayi \u00e9let\u00fatja alapj\u00e1n jogosult lehet ezeknek a v\u00e1logatottaknak a k\u00e9pviselet\u00e9re. Ez l\u00e9nyeges k\u00fcl\u00f6nbs\u00e9g a t\u00e9nyleges \u00e1llampolg\u00e1rs\u00e1g \u00e9s a FIFA-szab\u00e1lyok szerinti jogosults\u00e1g k\u00f6z\u00f6tt.<\/p>\n\n\n\n<p>A jelek egy\u00e9rtelm\u0171en arra utalnak, hogy <strong>jelenleg Mozambik \u00e1ll hozz\u00e1 a legk\u00f6zelebb. Egy \u00e1prilisi interj\u00faban maga mondta, hogy a sz\u00fcl\u0151haz\u00e1j\u00e1t szeretn\u00e9 k\u00e9pviselni,<\/strong> \u00e9s nagy \u00e1lma, hogy egyszer vil\u00e1gbajnoks\u00e1gon vagy az Afrikai Nemzetek Kup\u00e1j\u00e1n szerepeljen. A mozambiki U20-as v\u00e1logatottban val\u00f3 bemutatkoz\u00e1s ezt a sz\u00e1nd\u00e9kot er\u0151s\u00edti. <\/p>\n\n\n\n<p>Ugyanakkor a koroszt\u00e1lyos szerepl\u00e9s \u00f6nmag\u00e1ban nem z\u00e1rja le v\u00e9glegesen a lehet\u0151s\u00e9geket: a FIFA szab\u00e1lyai szerint bizonyos felt\u00e9telek mellett k\u00e9s\u0151bb is v\u00e1lthat orsz\u00e1got egy j\u00e1t\u00e9kos, ha m\u00e9g nem l\u00e9pett p\u00e1ly\u00e1ra a feln\u0151tt v\u00e1logatottban hivatalos m\u00e9rk\u0151z\u00e9sen.<\/p>\n\n\n\n<h2>Konkluzi\u00f3<\/h2>\n\n\n\n<p>L\u00f3pez esete j\u00f3l mutatja, mennyire nemzetk\u00f6ziv\u00e9 v\u00e1lt a mai futball. A migr\u00e1ci\u00f3, a vegyes csal\u00e1di h\u00e1tt\u00e9r \u00e9s a nemzetk\u00f6zi akad\u00e9miai rendszerek miatt egyre t\u00f6bb fiatal rendelkezik t\u00f6bb v\u00e1logatott ir\u00e1nti jogosults\u00e1ggal. <strong>Az \u0151 t\u00f6rt\u00e9nete k\u00fcl\u00f6n\u00f6sen \u00e9rdekes, mert n\u00e9gy k\u00fcl\u00f6nb\u00f6z\u0151 futballkult\u00fara \u2013 az afrikai, a d\u00e9l-amerikai \u00e9s a paraguayi \u2013 kapcsol\u00f3dik hozz\u00e1.<\/strong> <\/p>\n\n\n\n<p>Egyel\u0151re Paraguayban \u00e9l \u00e9s ott fejl\u0151dik klubszinten, mik\u00f6zben nemzetk\u00f6zi szinten Mozambik sz\u00edneiben kezdte el a v\u00e1logatott szerepl\u00e9st. Ha a fejl\u0151d\u00e9se t\u00f6retlen marad, hamarosan nemcsak a paraguayi, hanem a sz\u00e9lesebb nemzetk\u00f6zi futballpiacon is komolyabban felfigyelhetnek r\u00e1.<\/p>\n\n\n\n<p>\u00d6sszess\u00e9g\u00e9ben W\u00e1gner L\u00f3pez egy olyan tehets\u00e9g, akinek a t\u00f6rt\u00e9nete t\u00falmutat a puszta sportteljes\u00edtm\u00e9nyen. A n\u00e9gy orsz\u00e1ghoz f\u0171z\u0151d\u0151 kapcsolata, a mozambiki identit\u00e1s ir\u00e1nti elk\u00f6telezetts\u00e9ge \u00e9s a paraguayi klubban ny\u00fajtott g\u00f3ltermel\u00e9se egy\u00fcttesen egy ritka, soksz\u00edn\u0171 p\u00e1ly\u00e1t rajzolnak ki. A k\u00f6vetkez\u0151 \u00e9vek d\u00f6nthetik el, hogy v\u00e9g\u00fcl melyik v\u00e1logatottban teljesedik ki a tehets\u00e9ge, de a jelenlegi ir\u00e1ny egy\u00e9rtelm\u0171en a sz\u00fcl\u0151haz\u00e1ja fel\u00e9 mutat.<\/p>\n","protected":false},"excerpt":{"rendered":"<div class=\"mh-excerpt\"><p>W\u00e1gner L\u00f3pez t\u00f6rt\u00e9nete a modern futball egyik leg\u00e9rdekesebb p\u00e9ld\u00e1ja arra, hogyan kapcsol\u00f3dhat \u00f6ssze t\u00f6bb orsz\u00e1g, kult\u00fara \u00e9s \u00e9let\u00fat egyetlen fiatal j\u00e1t\u00e9kos szem\u00e9ly\u00e9ben. A 17 \u00e9ves <a class=\"mh-excerpt-more\" href=\"https:\/\/latinzona.hu\/index.php\/2026\/09\/06\/wagner-lopez-eletutja-a-labdarugas-globalitasat-tukrozi\/\" title=\"W\u00e1gner L\u00f3pez &#8211; egy j\u00e1t\u00e9kos, aki n\u00e9gy v\u00e1logatottban is j\u00e1tszhat\">[&#8230;]<\/a><\/p>\n<\/div>","protected":false},"author":1,"featured_media":2242,"comment_status":"open","ping_status":"open","sticky":false,"template":"","format":"standard","meta":[],"categories":[24,18],"tags":[19],"yoast_head":"<!-- This site is optimized with the Yoast SEO plugin v15.5 - https:\/\/yoast.com\/wordpress\/plugins\/seo\/ -->\n<title>W\u00e1gner L\u00f3pez - egy j\u00e1t\u00e9kos, aki n\u00e9gy v\u00e1logatottban is j\u00e1tszhat - Latin Z\u00f3na<\/title>\n<meta name=\"description\" content=\"W\u00e1gner L\u00f3pez \u00e9let\u00fatja alapj\u00e1n ak\u00e1r n\u00e9gy k\u00fcl\u00f6nb\u00f6z\u0151 orsz\u00e1g v\u00e1logatottj\u00e1ban is j\u00e1tszhatna - \u0151 azonban m\u00e1r eld\u00f6nt\u00f6tte, mit v\u00e1laszt.\" \/>\n<meta name=\"robots\" content=\"index, follow, max-snippet:-1, max-image-preview:large, max-video-preview:-1\" \/>\n<link rel=\"canonical\" href=\"https:\/\/latinzona.hu\/index.php\/2026\/09\/06\/wagner-lopez-eletutja-a-labdarugas-globalitasat-tukrozi\/\" \/>\n<meta property=\"og:locale\" content=\"hu_HU\" \/>\n<meta property=\"og:type\" content=\"article\" \/>\n<meta property=\"og:title\" content=\"W\u00e1gner L\u00f3pez - egy j\u00e1t\u00e9kos, aki n\u00e9gy v\u00e1logatottban is j\u00e1tszhat - Latin Z\u00f3na\" \/>\n<meta property=\"og:description\" content=\"W\u00e1gner L\u00f3pez \u00e9let\u00fatja alapj\u00e1n ak\u00e1r n\u00e9gy k\u00fcl\u00f6nb\u00f6z\u0151 orsz\u00e1g v\u00e1logatottj\u00e1ban is j\u00e1tszhatna - \u0151 azonban m\u00e1r eld\u00f6nt\u00f6tte, mit v\u00e1laszt.\" \/>\n<meta property=\"og:url\" content=\"https:\/\/latinzona.hu\/index.php\/2026\/09\/06\/wagner-lopez-eletutja-a-labdarugas-globalitasat-tukrozi\/\" \/>\n<meta property=\"og:site_name\" content=\"Latin Z\u00f3na\" \/>\n<meta property=\"article:published_time\" content=\"2026-09-06T07:35:56+00:00\" \/>\n<meta property=\"article:modified_time\" content=\"2026-09-06T07:35:57+00:00\" \/>\n<meta property=\"og:image\" content=\"https:\/\/latinzona.hu\/wp-content\/uploads\/2026\/09\/Screenshot-2026-09-06-093505.png\" \/>\n\t<meta property=\"og:image:width\" content=\"1352\" \/>\n\t<meta property=\"og:image:height\" content=\"872\" \/>\n<meta name=\"twitter:card\" content=\"summary_large_image\" \/>\n<meta name=\"twitter:label1\" content=\"Becs\u00fclt olvas\u00e1si id\u0151\">\n\t<meta name=\"twitter:data1\" content=\"3 perc\">\n<script type=\"application\/ld+json\" class=\"yoast-schema-graph\">{\"@context\":\"https:\/\/schema.org\",\"@graph\":[{\"@type\":\"WebSite\",\"@id\":\"https:\/\/latinzona.hu\/#website\",\"url\":\"https:\/\/latinzona.hu\/\",\"name\":\"Latin Z\\u00f3na\",\"description\":\"Mi D\\u00e9lre is figyel\\u00fcnk...\",\"potentialAction\":[{\"@type\":\"SearchAction\",\"target\":\"https:\/\/latinzona.hu\/?s={search_term_string}\",\"query-input\":\"required name=search_term_string\"}],\"inLanguage\":\"hu\"},{\"@type\":\"ImageObject\",\"@id\":\"https:\/\/latinzona.hu\/index.php\/2026\/09\/06\/wagner-lopez-eletutja-a-labdarugas-globalitasat-tukrozi\/#primaryimage\",\"inLanguage\":\"hu\",\"url\":\"https:\/\/latinzona.hu\/wp-content\/uploads\/2026\/09\/Screenshot-2026-09-06-093505.png\",\"width\":1352,\"height\":872},{\"@type\":\"WebPage\",\"@id\":\"https:\/\/latinzona.hu\/index.php\/2026\/09\/06\/wagner-lopez-eletutja-a-labdarugas-globalitasat-tukrozi\/#webpage\",\"url\":\"https:\/\/latinzona.hu\/index.php\/2026\/09\/06\/wagner-lopez-eletutja-a-labdarugas-globalitasat-tukrozi\/\",\"name\":\"W\\u00e1gner L\\u00f3pez - egy j\\u00e1t\\u00e9kos, aki n\\u00e9gy v\\u00e1logatottban is j\\u00e1tszhat - Latin Z\\u00f3na\",\"isPartOf\":{\"@id\":\"https:\/\/latinzona.hu\/#website\"},\"primaryImageOfPage\":{\"@id\":\"https:\/\/latinzona.hu\/index.php\/2026\/09\/06\/wagner-lopez-eletutja-a-labdarugas-globalitasat-tukrozi\/#primaryimage\"},\"datePublished\":\"2026-09-06T07:35:56+00:00\",\"dateModified\":\"2026-09-06T07:35:57+00:00\",\"author\":{\"@id\":\"https:\/\/latinzona.hu\/#\/schema\/person\/de64af94bc35db4973955a05f752bd2d\"},\"description\":\"W\\u00e1gner L\\u00f3pez \\u00e9let\\u00fatja alapj\\u00e1n ak\\u00e1r n\\u00e9gy k\\u00fcl\\u00f6nb\\u00f6z\\u0151 orsz\\u00e1g v\\u00e1logatottj\\u00e1ban is j\\u00e1tszhatna - \\u0151 azonban m\\u00e1r eld\\u00f6nt\\u00f6tte, mit v\\u00e1laszt.\",\"inLanguage\":\"hu\",\"potentialAction\":[{\"@type\":\"ReadAction\",\"target\":[\"https:\/\/latinzona.hu\/index.php\/2026\/09\/06\/wagner-lopez-eletutja-a-labdarugas-globalitasat-tukrozi\/\"]}]},{\"@type\":\"Person\",\"@id\":\"https:\/\/latinzona.hu\/#\/schema\/person\/de64af94bc35db4973955a05f752bd2d\",\"name\":\"Chileno\",\"image\":{\"@type\":\"ImageObject\",\"@id\":\"https:\/\/latinzona.hu\/#personlogo\",\"inLanguage\":\"hu\",\"url\":\"https:\/\/secure.gravatar.com\/avatar\/9a5fe6fe999607c0ed4bfce2f8ed2600?s=96&d=mm&r=g\",\"caption\":\"Chileno\"},\"sameAs\":[\"https:\/\/latinzona.hu\"]}]}<\/script>\n<!-- \/ Yoast SEO plugin. -->","_links":{"self":[{"href":"https:\/\/latinzona.hu\/index.php\/wp-json\/wp\/v2\/posts\/2241"}],"collection":[{"href":"https:\/\/latinzona.hu\/index.php\/wp-json\/wp\/v2\/posts"}],"about":[{"href":"https:\/\/latinzona.hu\/index.php\/wp-json\/wp\/v2\/types\/post"}],"author":[{"embeddable":true,"href":"https:\/\/latinzona.hu\/index.php\/wp-json\/wp\/v2\/users\/1"}],"replies":[{"embeddable":true,"href":"https:\/\/latinzona.hu\/index.php\/wp-json\/wp\/v2\/comments?post=2241"}],"version-history":[{"count":1,"href":"https:\/\/latinzona.hu\/index.php\/wp-json\/wp\/v2\/posts\/2241\/revisions"}],"predecessor-version":[{"id":2243,"href":"https:\/\/latinzona.hu\/index.php\/wp-json\/wp\/v2\/posts\/2241\/revisions\/2243"}],"wp:featuredmedia":[{"embeddable":true,"href":"https:\/\/latinzona.hu\/index.php\/wp-json\/wp\/v2\/media\/2242"}],"wp:attachment":[{"href":"https:\/\/latinzona.hu\/index.php\/wp-json\/wp\/v2\/media?parent=2241"}],"wp:term":[{"taxonomy":"category","embeddable":true,"href":"https:\/\/latinzona.hu\/index.php\/wp-json\/wp\/v2\/categories?post=2241"},{"taxonomy":"post_tag","embeddable":true,"href":"https:\/\/latinzona.hu\/index.php\/wp-json\/wp\/v2\/tags?post=2241"}],"curies":[{"name":"wp","href":"https:\/\/api.w.org\/{rel}","templated":true}]}}