{"id":429,"date":"2021-06-12T20:12:42","date_gmt":"2021-06-12T20:12:42","guid":{"rendered":"https:\/\/latinzona.hu\/?p=429"},"modified":"2021-06-12T20:12:44","modified_gmt":"2021-06-12T20:12:44","slug":"eliteltek-a-hirhedt-601-es-zaszloalj-parancsnokait","status":"publish","type":"post","link":"https:\/\/latinzona.hu\/index.php\/2021\/06\/12\/eliteltek-a-hirhedt-601-es-zaszloalj-parancsnokait\/","title":{"rendered":"El\u00edt\u00e9lt\u00e9k a h\u00edrhedt 601-es z\u00e1szl\u00f3alj parancsnokait"},"content":{"rendered":"\n<p>Az argentin San Mart\u00edn-i Sz\u00f6vets\u00e9gi \u00cdt\u00e9l\u0151t\u00e1bla<strong> az emberis\u00e9g elleni b\u0171ncselekm\u00e9nyekkel v\u00e1dolt hatb\u00f3l \u00f6t embert \u00e9letfogytiglani b\u00f6rt\u00f6nb\u00fcntet\u00e9sre \u00edt\u00e9lt<\/strong>. Haza\u00e1rul\u00e1s, jogellenes fogvatart\u00e1s \u00e9s s\u00falyos k\u00ednz\u00e1ssal elk\u00f6vetett ember\u00f6l\u00e9s miatt, a &#8220;<a href=\"https:\/\/www.lanacion.com.ar\/politica\/condenaron-a-prision-perpetua-a-cinco-acusados-en-el-caso-contraofensiva-montonera-nid10062021\/\">Montoneros Ellent\u00e1mad\u00e1s&#8221; elnevez\u00e9s\u0171 \u00fcgy t\u00e1rgyal\u00e1s\u00e1n<\/a>. Miut\u00e1n elutas\u00edtotta a v\u00e9delem k\u00e9r\u00e9s\u00e9t a v\u00e1dak ejt\u00e9s\u00e9re, az Esteban Rodr\u00edguez Eggers, Mat\u00edas Mancini \u00e9s Mar\u00eda Morgese b\u00edr\u00e1kb\u00f3l \u00e1ll\u00f3 B\u00edr\u00f3s\u00e1g meg\u00e1llap\u00edtotta, hogy az eml\u00edtett b\u0171ncselekm\u00e9nyek az emberis\u00e9g ellen ker\u00fcltek elk\u00f6vet\u00e9sre. Az \u00edt\u00e9letet online olvast\u00e1k fel.<\/p>\n\n\n\n<h2>A 601-es z\u00e1szl\u00f3alj sz\u00f6rny\u0171s\u00e9gei<\/h2>\n\n\n\n<p>Az \u00fcgy azokat a katon\u00e1kat \u00e9rintette, akik r\u00e9szt vettek a Montoneros Ellent\u00e1mad\u00e1s nev\u0171 akci\u00f3ban. <strong>A <a href=\"https:\/\/latinzona.hu\/index.php\/2021\/03\/26\/rodolfo-walsh-haza-kulturalis-orokseg-lett-argentinaban\/\">katonai diktat\u00fara<\/a> elleni ellen\u00e1ll\u00e1st c\u00e9lz\u00f3 m\u0171veletben 1976 \u00e9s 1983 k\u00f6z\u00f6tt, egy rendszerszint\u0171 terv r\u00e9szek\u00e9nt mintegy 30 000 embert gyilkoltak meg<\/strong>, t\u00fcntettek el vagy t\u00e1vol\u00edtottak el az orsz\u00e1gb\u00f3l. Rodr\u00edguez Eggers b\u00edr\u00f3, a fentebb eml\u00edtett B\u00edr\u00f3s\u00e1g eln\u00f6ke volt az, aki felolvasta Roberto Dambrosi, a 601. h\u00edrszerz\u0151 z\u00e1szl\u00f3alj pszichol\u00f3giai tev\u00e9kenys\u00e9gekkel foglalkoz\u00f3 r\u00e9szleg\u00e9nek vezet\u0151je \u00e9s Juan Firpo, a 601. h\u00edrszerz\u0151 z\u00e1szl\u00f3alj biztons\u00e1gi vezet\u0151je ellen hozott \u00edt\u00e9letet.<\/p>\n\n\n\n<figure class=\"wp-block-image size-large\"><img loading=\"lazy\" width=\"550\" height=\"366\" src=\"https:\/\/latinzona.hu\/wp-content\/uploads\/2021\/06\/01.jpg\" alt=\"\" class=\"wp-image-430\" srcset=\"https:\/\/latinzona.hu\/wp-content\/uploads\/2021\/06\/01.jpg 550w, https:\/\/latinzona.hu\/wp-content\/uploads\/2021\/06\/01-300x200.jpg 300w\" sizes=\"(max-width: 550px) 100vw, 550px\" \/><\/figure>\n\n\n\n<p>Ezenk\u00edv\u00fcl el\u00edt\u00e9lt\u00e9k m\u00e9g: Jorge Banot, aki a Campo de Mayo hely\u0151rs\u00e9g k\u00fcl\u00f6nleges m\u0171veleti r\u00e9szleg\u00e9nek (SOE) tagja volt. Eduardo Ascherit, aki szint\u00e9n a Campo de Mayo hely\u0151rs\u00e9g\u00e9nek tagja volt. Valamint Marcelo Sixto Courtaux-t, k\u00fcl\u00f6nleges h\u00edrszerz\u00e9si vezet\u0151t. Mindannyian a hadsereg h\u00edrszerz\u00e9si egys\u00e9geinek, a 601-es z\u00e1szl\u00f3aljnak, a 201-es z\u00e1szl\u00f3aljnak voltak magasrang\u00fa katon\u00e1i. A v\u00e1dlottak ezut\u00e1n magas poz\u00edci\u00f3kat t\u00f6lt\u00f6ttek be a 601-es z\u00e1szl\u00f3alj strukt\u00far\u00e1iban, amelyek <strong>alapvet\u0151ek a diktat\u00fara legv\u00e9resebb m\u0171veleteiben vettek r\u00e9szt<\/strong>.<\/p>\n\n\n\n<figure class=\"wp-block-embed is-type-rich is-provider-twitter wp-block-embed-twitter\"><div class=\"wp-block-embed__wrapper\">\n<blockquote class=\"twitter-tweet\" data-width=\"500\" data-dnt=\"true\"><p lang=\"es\" dir=\"ltr\">\ud83d\udcf7 Adentro y afuera del TOF 4 de San Mart\u00edn siguiendo el veredicto en el juicio <a href=\"https:\/\/twitter.com\/hashtag\/ContraofensivaMontonera?src=hash&amp;ref_src=twsrc%5Etfw\">#ContraofensivaMontonera<\/a>. Profunda emoci\u00f3n.<br><br>\ud83d\udcbb <a href=\"https:\/\/t.co\/LokMFgLPwd\">https:\/\/t.co\/LokMFgLPwd<\/a> <a href=\"https:\/\/t.co\/cqjlpdSyZZ\">pic.twitter.com\/cqjlpdSyZZ<\/a><\/p>&mdash; Abuelas Plaza Mayo (@abuelasdifusion) <a href=\"https:\/\/twitter.com\/abuelasdifusion\/status\/1403044332916121602?ref_src=twsrc%5Etfw\">June 10, 2021<\/a><\/blockquote><script async src=\"https:\/\/platform.twitter.com\/widgets.js\" charset=\"utf-8\"><\/script>\n<\/div><\/figure>\n\n\n\n<p>Jorge Norberto Apa, a Terrorizmus elleni oszt\u00e1ly egykori kulcsember\u00e9nek \u00edt\u00e9lethirdet\u00e9s\u00e9t \u00fcgyv\u00e9dje k\u00e9r\u00e9s\u00e9re felf\u00fcggesztett\u00e9k, azzal az indokkal, hogy &#8220;nem \u00e9rti az elj\u00e1r\u00e1st&#8221;, mivel s\u00falyosan demens. Ezt most t\u00f6rv\u00e9nysz\u00e9ki szak\u00e9rt\u0151k fogj\u00e1k igazolni. <strong>A 2019-ben kezd\u0151d\u00f6tt \u00e9s most lez\u00e1rult t\u00e1rgyal\u00e1son 200 tan\u00fa tett vallom\u00e1st<\/strong> a hadsereg h\u00edrszerz\u00e9si strukt\u00far\u00e1j\u00e1r\u00f3l \u00e9s a 601-es z\u00e1szl\u00f3alj \u00e1ltal elk\u00f6vetett sz\u00f6rny\u0171s\u00e9gekr\u0151l. A v\u00e1dlottakat a titkos k\u00f6zpontokban v\u00e9grehajtott cselekm\u00e9nyekben vagy a m\u0171veletekben bet\u00f6lt\u00f6tt szerep\u00fck miatt v\u00e1dolt\u00e1k meg. Mivel az emberis\u00e9g elleni b\u0171ncselekm\u00e9nyeket elrendel\u0151 \u00e9s v\u00e9grehajt\u00f3 appar\u00e1tus r\u00e9szesei voltak.<\/p>\n","protected":false},"excerpt":{"rendered":"<div class=\"mh-excerpt\"><p>Az argentin San Mart\u00edn-i Sz\u00f6vets\u00e9gi \u00cdt\u00e9l\u0151t\u00e1bla az emberis\u00e9g elleni b\u0171ncselekm\u00e9nyekkel v\u00e1dolt hatb\u00f3l \u00f6t embert \u00e9letfogytiglani b\u00f6rt\u00f6nb\u00fcntet\u00e9sre \u00edt\u00e9lt. Haza\u00e1rul\u00e1s, jogellenes fogvatart\u00e1s \u00e9s s\u00falyos k\u00ednz\u00e1ssal elk\u00f6vetett ember\u00f6l\u00e9s <a class=\"mh-excerpt-more\" href=\"https:\/\/latinzona.hu\/index.php\/2021\/06\/12\/eliteltek-a-hirhedt-601-es-zaszloalj-parancsnokait\/\" title=\"El\u00edt\u00e9lt\u00e9k a h\u00edrhedt 601-es z\u00e1szl\u00f3alj parancsnokait\">[&#8230;]<\/a><\/p>\n<\/div>","protected":false},"author":1,"featured_media":431,"comment_status":"open","ping_status":"open","sticky":false,"template":"","format":"standard","meta":[],"categories":[24],"tags":[17,184,185],"yoast_head":"<!-- This site is optimized with the Yoast SEO plugin v15.5 - https:\/\/yoast.com\/wordpress\/plugins\/seo\/ -->\n<title>El\u00edt\u00e9lt\u00e9k a h\u00edrhedt 601-es z\u00e1szl\u00f3alj parancsnokait - Latin Z\u00f3na<\/title>\n<meta name=\"description\" content=\"A h\u00edrhedt 601-es z\u00e1szl\u00f3alj 5 f\u0151parancsnok\u00e1t \u00edt\u00e9lt\u00e9k most \u00e9letfogytiglani b\u00f6rt\u00f6nb\u00fcntet\u00e9sre Argent\u00edn\u00e1ban egy hossz\u00fa \u00fcgy v\u00e9g\u00e9n.\" \/>\n<meta name=\"robots\" content=\"index, follow, max-snippet:-1, max-image-preview:large, max-video-preview:-1\" \/>\n<link rel=\"canonical\" href=\"https:\/\/latinzona.hu\/index.php\/2021\/06\/12\/eliteltek-a-hirhedt-601-es-zaszloalj-parancsnokait\/\" \/>\n<meta property=\"og:locale\" content=\"hu_HU\" \/>\n<meta property=\"og:type\" content=\"article\" \/>\n<meta property=\"og:title\" content=\"El\u00edt\u00e9lt\u00e9k a h\u00edrhedt 601-es z\u00e1szl\u00f3alj parancsnokait - Latin Z\u00f3na\" \/>\n<meta property=\"og:description\" content=\"A h\u00edrhedt 601-es z\u00e1szl\u00f3alj 5 f\u0151parancsnok\u00e1t \u00edt\u00e9lt\u00e9k most \u00e9letfogytiglani b\u00f6rt\u00f6nb\u00fcntet\u00e9sre Argent\u00edn\u00e1ban egy hossz\u00fa \u00fcgy v\u00e9g\u00e9n.\" \/>\n<meta property=\"og:url\" content=\"https:\/\/latinzona.hu\/index.php\/2021\/06\/12\/eliteltek-a-hirhedt-601-es-zaszloalj-parancsnokait\/\" \/>\n<meta property=\"og:site_name\" content=\"Latin Z\u00f3na\" \/>\n<meta property=\"article:published_time\" content=\"2021-06-12T20:12:42+00:00\" \/>\n<meta property=\"article:modified_time\" content=\"2021-06-12T20:12:44+00:00\" \/>\n<meta property=\"og:image\" content=\"https:\/\/latinzona.hu\/wp-content\/uploads\/2021\/06\/01-1.jpg\" \/>\n\t<meta property=\"og:image:width\" content=\"1600\" \/>\n\t<meta property=\"og:image:height\" content=\"964\" \/>\n<meta name=\"twitter:card\" content=\"summary_large_image\" \/>\n<meta name=\"twitter:label1\" content=\"Becs\u00fclt olvas\u00e1si id\u0151\">\n\t<meta name=\"twitter:data1\" content=\"2 perc\">\n<script type=\"application\/ld+json\" class=\"yoast-schema-graph\">{\"@context\":\"https:\/\/schema.org\",\"@graph\":[{\"@type\":\"WebSite\",\"@id\":\"https:\/\/latinzona.hu\/#website\",\"url\":\"https:\/\/latinzona.hu\/\",\"name\":\"Latin Z\\u00f3na\",\"description\":\"Mi D\\u00e9lre is figyel\\u00fcnk...\",\"potentialAction\":[{\"@type\":\"SearchAction\",\"target\":\"https:\/\/latinzona.hu\/?s={search_term_string}\",\"query-input\":\"required name=search_term_string\"}],\"inLanguage\":\"hu\"},{\"@type\":\"ImageObject\",\"@id\":\"https:\/\/latinzona.hu\/index.php\/2021\/06\/12\/eliteltek-a-hirhedt-601-es-zaszloalj-parancsnokait\/#primaryimage\",\"inLanguage\":\"hu\",\"url\":\"https:\/\/latinzona.hu\/wp-content\/uploads\/2021\/06\/01-1.jpg\",\"width\":1600,\"height\":964},{\"@type\":\"WebPage\",\"@id\":\"https:\/\/latinzona.hu\/index.php\/2021\/06\/12\/eliteltek-a-hirhedt-601-es-zaszloalj-parancsnokait\/#webpage\",\"url\":\"https:\/\/latinzona.hu\/index.php\/2021\/06\/12\/eliteltek-a-hirhedt-601-es-zaszloalj-parancsnokait\/\",\"name\":\"El\\u00edt\\u00e9lt\\u00e9k a h\\u00edrhedt 601-es z\\u00e1szl\\u00f3alj parancsnokait - Latin Z\\u00f3na\",\"isPartOf\":{\"@id\":\"https:\/\/latinzona.hu\/#website\"},\"primaryImageOfPage\":{\"@id\":\"https:\/\/latinzona.hu\/index.php\/2021\/06\/12\/eliteltek-a-hirhedt-601-es-zaszloalj-parancsnokait\/#primaryimage\"},\"datePublished\":\"2021-06-12T20:12:42+00:00\",\"dateModified\":\"2021-06-12T20:12:44+00:00\",\"author\":{\"@id\":\"https:\/\/latinzona.hu\/#\/schema\/person\/de64af94bc35db4973955a05f752bd2d\"},\"description\":\"A h\\u00edrhedt 601-es z\\u00e1szl\\u00f3alj 5 f\\u0151parancsnok\\u00e1t \\u00edt\\u00e9lt\\u00e9k most \\u00e9letfogytiglani b\\u00f6rt\\u00f6nb\\u00fcntet\\u00e9sre Argent\\u00edn\\u00e1ban egy hossz\\u00fa \\u00fcgy v\\u00e9g\\u00e9n.\",\"inLanguage\":\"hu\",\"potentialAction\":[{\"@type\":\"ReadAction\",\"target\":[\"https:\/\/latinzona.hu\/index.php\/2021\/06\/12\/eliteltek-a-hirhedt-601-es-zaszloalj-parancsnokait\/\"]}]},{\"@type\":\"Person\",\"@id\":\"https:\/\/latinzona.hu\/#\/schema\/person\/de64af94bc35db4973955a05f752bd2d\",\"name\":\"Chileno\",\"image\":{\"@type\":\"ImageObject\",\"@id\":\"https:\/\/latinzona.hu\/#personlogo\",\"inLanguage\":\"hu\",\"url\":\"https:\/\/secure.gravatar.com\/avatar\/9a5fe6fe999607c0ed4bfce2f8ed2600?s=96&d=mm&r=g\",\"caption\":\"Chileno\"},\"sameAs\":[\"https:\/\/latinzona.hu\"]}]}<\/script>\n<!-- \/ Yoast SEO plugin. -->","_links":{"self":[{"href":"https:\/\/latinzona.hu\/index.php\/wp-json\/wp\/v2\/posts\/429"}],"collection":[{"href":"https:\/\/latinzona.hu\/index.php\/wp-json\/wp\/v2\/posts"}],"about":[{"href":"https:\/\/latinzona.hu\/index.php\/wp-json\/wp\/v2\/types\/post"}],"author":[{"embeddable":true,"href":"https:\/\/latinzona.hu\/index.php\/wp-json\/wp\/v2\/users\/1"}],"replies":[{"embeddable":true,"href":"https:\/\/latinzona.hu\/index.php\/wp-json\/wp\/v2\/comments?post=429"}],"version-history":[{"count":1,"href":"https:\/\/latinzona.hu\/index.php\/wp-json\/wp\/v2\/posts\/429\/revisions"}],"predecessor-version":[{"id":432,"href":"https:\/\/latinzona.hu\/index.php\/wp-json\/wp\/v2\/posts\/429\/revisions\/432"}],"wp:featuredmedia":[{"embeddable":true,"href":"https:\/\/latinzona.hu\/index.php\/wp-json\/wp\/v2\/media\/431"}],"wp:attachment":[{"href":"https:\/\/latinzona.hu\/index.php\/wp-json\/wp\/v2\/media?parent=429"}],"wp:term":[{"taxonomy":"category","embeddable":true,"href":"https:\/\/latinzona.hu\/index.php\/wp-json\/wp\/v2\/categories?post=429"},{"taxonomy":"post_tag","embeddable":true,"href":"https:\/\/latinzona.hu\/index.php\/wp-json\/wp\/v2\/tags?post=429"}],"curies":[{"name":"wp","href":"https:\/\/api.w.org\/{rel}","templated":true}]}}