{"id":435,"date":"2021-07-10T19:43:10","date_gmt":"2021-07-10T19:43:10","guid":{"rendered":"https:\/\/latinzona.hu\/?p=435"},"modified":"2021-07-10T19:44:47","modified_gmt":"2021-07-10T19:44:47","slug":"jesus-santrich-meggyilkolasat-profik-hajthattak-vegre","status":"publish","type":"post","link":"https:\/\/latinzona.hu\/index.php\/2021\/07\/10\/jesus-santrich-meggyilkolasat-profik-hajthattak-vegre\/","title":{"rendered":"Jes\u00fas Santrich meggyilkol\u00e1s\u00e1t profik hajthatt\u00e1k v\u00e9gre"},"content":{"rendered":"\n<p>M\u00e1jus 17-\u00e9n s\u00falyos csap\u00e1st szenvedett el a FARC mozgalma, vagyis az ut\u00e1na l\u00e9trej\u00f6tt frakci\u00f3k \u00e9s a kolumbiai n\u00e9p elnyom\u00e1sa ellen k\u00fczd\u0151k harca. Egy, az \u00e1ll\u00edt\u00f3lagosan a kolumbiai \u00e1llam \u00e1ltal felb\u00e9relt alakulat rajta\u00fct\u00f6tt Venezuel\u00e1ban Seuxis Pausias Hern\u00e1ndez Solart\u00e9n, azaz Jes\u00fas Santrichen. Azt\u00e1n egy komoly l\u00f6v\u00f6ld\u00f6z\u00e9s ut\u00e1n tov\u00e1bbi n\u00e9gy emberrel egy\u00fctt \u0151 is \u00e9let\u00e9t vesz\u00edtette. Santrich mind\u00f6ssze 13 \u00e9ves volt, amikor csatlakozott a Kolumbiai Kommunista Ifj\u00fas\u00e1g szervezet\u00e9hez. Ezut\u00e1n h\u00e1rom \u00e9vtizeden kereszt\u00fcl volt tagja a FARC alakulat\u00e1nak, s\u0151t, egyik f\u0151 vezet\u0151je is lett a csoportnak.<\/p>\n\n\n\n<figure class=\"wp-block-image size-large\"><img loading=\"lazy\" width=\"720\" height=\"438\" src=\"https:\/\/latinzona.hu\/wp-content\/uploads\/2021\/07\/001-2.jpg\" alt=\"\" class=\"wp-image-440\" srcset=\"https:\/\/latinzona.hu\/wp-content\/uploads\/2021\/07\/001-2.jpg 720w, https:\/\/latinzona.hu\/wp-content\/uploads\/2021\/07\/001-2-300x183.jpg 300w\" sizes=\"(max-width: 720px) 100vw, 720px\" \/><\/figure>\n\n\n\n<h3>Jes\u00fas Santrich hal\u00e1l\u00e1nak marg\u00f3j\u00e1ra<\/h3>\n\n\n\n<p>Jelent\u0151s szerepe volt abban, hogy l\u00e9trej\u00f6hetett a sokak szerint kulcsfontoss\u00e1g\u00fa 2016-\u00f6s b\u00e9kemeg\u00e1llapod\u00e1s. Ennek eredm\u00e9nyek\u00e9nt lett a FARC egy politikai p\u00e1rt Comunes n\u00e9ven, de <strong>Santrich r\u00f6vid id\u0151 m\u00falva ism\u00e9t a dzsungelben tal\u00e1lta mag\u00e1t<\/strong>. A FARC t\u00f6bb sz\u00e1z veter\u00e1nj\u00e1b\u00f3l megalakult egy \u00faj frakci\u00f3, a Segunda Marquetalia \u00e9s \u00fajb\u00f3l harcot ind\u00edtott a kolumbiai korm\u00e1ny ellen. A harcosok k\u00f6z\u00f6tt ott volt t\u00f6bbek k\u00f6z\u00f6tt Iv\u00e1n M\u00e1rquez, Hugo Ch\u00e1vez r\u00e9gi j\u00f3bar\u00e1tja \u00e9s a FARC egyik legmagasabb rang\u00fa egykori vezet\u0151je is.<\/p>\n\n\n\n<p>Ugye m\u00e1s frakci\u00f3k l\u00e9trej\u00f6tte kapcs\u00e1n m\u00e1r le\u00edrtuk, hogy a harc \u00fajraind\u00edt\u00e1s\u00e1nak f\u0151 oka minden esetben az volt, hogy a kolumbiai \u00e1llam \u00e1ll\u00edt\u00f3lagosan t\u00f6bb pontban is <a href=\"https:\/\/latinzona.hu\/index.php\/2021\/04\/20\/tovabb-folyik-a-farc-egykori-fegyveresei-elleni-hajtovadaszat\/\">s\u00falyosan megs\u00e9rtette a b\u00e9kemeg\u00e1llapod\u00e1st<\/a>. \u00c9s az\u00e9rt nem kell itt t\u00fal messzire menni a t\u00e9nyek\u00e9rt: a legt\u00f6bb veter\u00e1n FARC-harcos nem kapott norm\u00e1lis lakhat\u00e1st, se munkalehet\u0151s\u00e9get, <a href=\"https:\/\/latinzona.hu\/index.php\/2021\/04\/26\/megint-olhettek-meg-a-paramilitaris-csoportok-kolumbiaban\/\">a paramilit\u00e1ris csoportok ugyan\u00fagy puszt\u00edtanak a kolumbiai vid\u00e9ken<\/a>, egysz\u00f3val szinte semmi sem v\u00e1lt val\u00f3ra a sok \u00edg\u00e9retb\u0151l \u00e9s az alkuban foglaltakb\u00f3l.<\/p>\n\n\n\n<p>Ahogy a Segunda Marquetalia \u00fajrakezdte a harc\u00e1t, azonnal megindult a hajt\u00f3vad\u00e1szat a vezet\u0151k ellen. \u00cdgy nagyon gyorsan megjelent egy 10 milli\u00f3 doll\u00e1ros v\u00e9rd\u00edj Jes\u00fas Santrich fej\u00e9n. \u00c1ll\u00edt\u00f3lagosan ugyanaz a csapat kezdett el vad\u00e1szni r\u00e1, akik 2020-ban megk\u00eds\u00e9relt\u00e9k elrabolni \u00e9s meggyilkolni a venezuelai eln\u00f6k\u00f6t, Nicol\u00e1s Madur\u00f3t. Az elhunyt FARC-vez\u00e9r volt hal\u00e1la idej\u00e9n felel\u0151s a Segunda Marquetalia \u00e9s a Comunes k\u00f6z\u00f6tt kapcsolat fenntart\u00e1s\u00e9rt. Sokan \u00fagy gondolj\u00e1k, hogy a m\u00e1jusi gyilkoss\u00e1g f\u0151 c\u00e9lja az volt, hogy a k\u00f6zben kirobbant korm\u00e1nyellenes t\u00fcntet\u0151knek is \u00fczenetet k\u00fcldjenek &#8211; nincs \u00e9rtelme fegyveres harcba kezdeni.<\/p>\n\n\n\n<figure class=\"wp-block-embed is-type-video is-provider-youtube wp-block-embed-youtube wp-embed-aspect-16-9 wp-has-aspect-ratio\"><div class=\"wp-block-embed__wrapper\">\n<iframe title=\"As\u00ed habr\u00eda muerto &#039;Jes\u00fas Santrich&#039;, seg\u00fan la versi\u00f3n que se maneja en Caracas l Redacci\u00f3n en L\u00ednea\" width=\"500\" height=\"281\" src=\"https:\/\/www.youtube.com\/embed\/_AR928mCXwA?feature=oembed\" frameborder=\"0\" allow=\"accelerometer; autoplay; clipboard-write; encrypted-media; gyroscope; picture-in-picture\" allowfullscreen><\/iframe>\n<\/div><\/figure>\n\n\n\n<p>\u00c9s a Santrich elleni mer\u00e9nylet profi v\u00e9grehajt\u00e1sa el\u00e9g sok \u00f6sszeesk\u00fcv\u00e9s-elm\u00e9letet elind\u00edtott. <strong>Hiszen el\u00e9g hihetetlen, hogy csak \u00fagy, mindenf\u00e9le seg\u00edts\u00e9g n\u00e9lk\u00fcl r\u00e1bukkantak Venezuel\u00e1ban<\/strong> \u00e9s meg is tudt\u00e1k \u00f6lni egy olyan rajta\u00fct\u00e9sben, amelyet profi kommand\u00f3sokt\u00f3l szoktunk l\u00e1tni. A gyilkoss\u00e1g semmilyen form\u00e1ban nem jelent azonban hal\u00e1los csap\u00e1st a Segunda Marquetali\u00e1ra. F\u0151leg annak t\u00fckr\u00e9ben nem, hogy milyen komoly t\u00e1rsadalmi \u00e9s gazdas\u00e1gi probl\u00e9m\u00e1kkal k\u00fcszk\u00f6dik a kolumbiai \u00e1llam.<\/p>\n","protected":false},"excerpt":{"rendered":"<div class=\"mh-excerpt\"><p>M\u00e1jus 17-\u00e9n s\u00falyos csap\u00e1st szenvedett el a FARC mozgalma, vagyis az ut\u00e1na l\u00e9trej\u00f6tt frakci\u00f3k \u00e9s a kolumbiai n\u00e9p elnyom\u00e1sa ellen k\u00fczd\u0151k harca. Egy, az \u00e1ll\u00edt\u00f3lagosan <a class=\"mh-excerpt-more\" href=\"https:\/\/latinzona.hu\/index.php\/2021\/07\/10\/jesus-santrich-meggyilkolasat-profik-hajthattak-vegre\/\" title=\"Jes\u00fas Santrich meggyilkol\u00e1s\u00e1t profik hajthatt\u00e1k v\u00e9gre\">[&#8230;]<\/a><\/p>\n<\/div>","protected":false},"author":1,"featured_media":436,"comment_status":"open","ping_status":"open","sticky":false,"template":"","format":"standard","meta":[],"categories":[31],"tags":[85,40,32],"yoast_head":"<!-- This site is optimized with the Yoast SEO plugin v15.5 - https:\/\/yoast.com\/wordpress\/plugins\/seo\/ -->\n<title>Jes\u00fas Santrich meggyilkol\u00e1s\u00e1t profik hajthatt\u00e1k v\u00e9gre - Latin Z\u00f3na<\/title>\n<meta name=\"description\" content=\"Jes\u00fas Santrich m\u00e1jus v\u00e9g\u00e9n gyilkoss\u00e1g \u00e1ldozata lett Venezuel\u00e1ban, de hal\u00e1la nem jelentett csap\u00e1st az \u00fajraindult FARC-harcra.\" \/>\n<meta name=\"robots\" content=\"index, follow, max-snippet:-1, max-image-preview:large, max-video-preview:-1\" \/>\n<link rel=\"canonical\" href=\"https:\/\/latinzona.hu\/index.php\/2021\/07\/10\/jesus-santrich-meggyilkolasat-profik-hajthattak-vegre\/\" \/>\n<meta property=\"og:locale\" content=\"hu_HU\" \/>\n<meta property=\"og:type\" content=\"article\" \/>\n<meta property=\"og:title\" content=\"Jes\u00fas Santrich meggyilkol\u00e1s\u00e1t profik hajthatt\u00e1k v\u00e9gre - Latin Z\u00f3na\" \/>\n<meta property=\"og:description\" content=\"Jes\u00fas Santrich m\u00e1jus v\u00e9g\u00e9n gyilkoss\u00e1g \u00e1ldozata lett Venezuel\u00e1ban, de hal\u00e1la nem jelentett csap\u00e1st az \u00fajraindult FARC-harcra.\" \/>\n<meta property=\"og:url\" content=\"https:\/\/latinzona.hu\/index.php\/2021\/07\/10\/jesus-santrich-meggyilkolasat-profik-hajthattak-vegre\/\" \/>\n<meta property=\"og:site_name\" content=\"Latin Z\u00f3na\" \/>\n<meta property=\"article:published_time\" content=\"2021-07-10T19:43:10+00:00\" \/>\n<meta property=\"article:modified_time\" content=\"2021-07-10T19:44:47+00:00\" \/>\n<meta property=\"og:image\" content=\"https:\/\/latinzona.hu\/wp-content\/uploads\/2021\/07\/001-e1625945868581.jpg\" \/>\n\t<meta property=\"og:image:width\" content=\"700\" \/>\n\t<meta property=\"og:image:height\" content=\"394\" \/>\n<meta name=\"twitter:card\" content=\"summary_large_image\" \/>\n<meta name=\"twitter:label1\" content=\"Becs\u00fclt olvas\u00e1si id\u0151\">\n\t<meta name=\"twitter:data1\" content=\"2 perc\">\n<script type=\"application\/ld+json\" class=\"yoast-schema-graph\">{\"@context\":\"https:\/\/schema.org\",\"@graph\":[{\"@type\":\"WebSite\",\"@id\":\"https:\/\/latinzona.hu\/#website\",\"url\":\"https:\/\/latinzona.hu\/\",\"name\":\"Latin Z\\u00f3na\",\"description\":\"Mi D\\u00e9lre is figyel\\u00fcnk...\",\"potentialAction\":[{\"@type\":\"SearchAction\",\"target\":\"https:\/\/latinzona.hu\/?s={search_term_string}\",\"query-input\":\"required name=search_term_string\"}],\"inLanguage\":\"hu\"},{\"@type\":\"ImageObject\",\"@id\":\"https:\/\/latinzona.hu\/index.php\/2021\/07\/10\/jesus-santrich-meggyilkolasat-profik-hajthattak-vegre\/#primaryimage\",\"inLanguage\":\"hu\",\"url\":\"https:\/\/latinzona.hu\/wp-content\/uploads\/2021\/07\/001-e1625945868581.jpg\",\"width\":700,\"height\":394,\"caption\":\"Forr\\u00e1s: economist.com\"},{\"@type\":\"WebPage\",\"@id\":\"https:\/\/latinzona.hu\/index.php\/2021\/07\/10\/jesus-santrich-meggyilkolasat-profik-hajthattak-vegre\/#webpage\",\"url\":\"https:\/\/latinzona.hu\/index.php\/2021\/07\/10\/jesus-santrich-meggyilkolasat-profik-hajthattak-vegre\/\",\"name\":\"Jes\\u00fas Santrich meggyilkol\\u00e1s\\u00e1t profik hajthatt\\u00e1k v\\u00e9gre - Latin Z\\u00f3na\",\"isPartOf\":{\"@id\":\"https:\/\/latinzona.hu\/#website\"},\"primaryImageOfPage\":{\"@id\":\"https:\/\/latinzona.hu\/index.php\/2021\/07\/10\/jesus-santrich-meggyilkolasat-profik-hajthattak-vegre\/#primaryimage\"},\"datePublished\":\"2021-07-10T19:43:10+00:00\",\"dateModified\":\"2021-07-10T19:44:47+00:00\",\"author\":{\"@id\":\"https:\/\/latinzona.hu\/#\/schema\/person\/de64af94bc35db4973955a05f752bd2d\"},\"description\":\"Jes\\u00fas Santrich m\\u00e1jus v\\u00e9g\\u00e9n gyilkoss\\u00e1g \\u00e1ldozata lett Venezuel\\u00e1ban, de hal\\u00e1la nem jelentett csap\\u00e1st az \\u00fajraindult FARC-harcra.\",\"inLanguage\":\"hu\",\"potentialAction\":[{\"@type\":\"ReadAction\",\"target\":[\"https:\/\/latinzona.hu\/index.php\/2021\/07\/10\/jesus-santrich-meggyilkolasat-profik-hajthattak-vegre\/\"]}]},{\"@type\":\"Person\",\"@id\":\"https:\/\/latinzona.hu\/#\/schema\/person\/de64af94bc35db4973955a05f752bd2d\",\"name\":\"Chileno\",\"image\":{\"@type\":\"ImageObject\",\"@id\":\"https:\/\/latinzona.hu\/#personlogo\",\"inLanguage\":\"hu\",\"url\":\"https:\/\/secure.gravatar.com\/avatar\/9a5fe6fe999607c0ed4bfce2f8ed2600?s=96&d=mm&r=g\",\"caption\":\"Chileno\"},\"sameAs\":[\"https:\/\/latinzona.hu\"]}]}<\/script>\n<!-- \/ Yoast SEO plugin. -->","_links":{"self":[{"href":"https:\/\/latinzona.hu\/index.php\/wp-json\/wp\/v2\/posts\/435"}],"collection":[{"href":"https:\/\/latinzona.hu\/index.php\/wp-json\/wp\/v2\/posts"}],"about":[{"href":"https:\/\/latinzona.hu\/index.php\/wp-json\/wp\/v2\/types\/post"}],"author":[{"embeddable":true,"href":"https:\/\/latinzona.hu\/index.php\/wp-json\/wp\/v2\/users\/1"}],"replies":[{"embeddable":true,"href":"https:\/\/latinzona.hu\/index.php\/wp-json\/wp\/v2\/comments?post=435"}],"version-history":[{"count":2,"href":"https:\/\/latinzona.hu\/index.php\/wp-json\/wp\/v2\/posts\/435\/revisions"}],"predecessor-version":[{"id":441,"href":"https:\/\/latinzona.hu\/index.php\/wp-json\/wp\/v2\/posts\/435\/revisions\/441"}],"wp:featuredmedia":[{"embeddable":true,"href":"https:\/\/latinzona.hu\/index.php\/wp-json\/wp\/v2\/media\/436"}],"wp:attachment":[{"href":"https:\/\/latinzona.hu\/index.php\/wp-json\/wp\/v2\/media?parent=435"}],"wp:term":[{"taxonomy":"category","embeddable":true,"href":"https:\/\/latinzona.hu\/index.php\/wp-json\/wp\/v2\/categories?post=435"},{"taxonomy":"post_tag","embeddable":true,"href":"https:\/\/latinzona.hu\/index.php\/wp-json\/wp\/v2\/tags?post=435"}],"curies":[{"name":"wp","href":"https:\/\/api.w.org\/{rel}","templated":true}]}}