{"id":460,"date":"2021-07-25T19:01:18","date_gmt":"2021-07-25T19:01:18","guid":{"rendered":"https:\/\/latinzona.hu\/?p=460"},"modified":"2021-07-25T19:01:20","modified_gmt":"2021-07-25T19:01:20","slug":"a-beagle-konfliktus","status":"publish","type":"post","link":"https:\/\/latinzona.hu\/index.php\/2021\/07\/25\/a-beagle-konfliktus\/","title":{"rendered":"A Beagle-konfliktus"},"content":{"rendered":"\n<p>M\u00e9g j\u00f3 p\u00e1r \u00e9vvel ezel\u0151tt t\u00f6rt\u00e9nt, hogy Michelle Bachelet egykori chilei eln\u00f6kasszony \u00e9s argentin koll\u00e9gan\u0151je Cristina Fern\u00e1ndez akkori argentin eln\u00f6k egy\u00fctt a Vatik\u00e1ban utazott. Itt Ferenc p\u00e1p\u00e1val tal\u00e1lkoztak \u00e9s megeml\u00e9keztek t\u00f6bbek k\u00f6z\u00f6tt az 1984. november 30.-\u00e1n al\u00e1\u00edrt Bar\u00e1ts\u00e1g- \u00e9s B\u00e9keegyezm\u00e9nyr\u0151l Argent\u00edna \u00e9s Chile k\u00f6z\u00f6tt. B\u00e1r b\u00e9keegyezm\u00e9nynek h\u00edvj\u00e1k, val\u00f3j\u00e1ban a k\u00e9t orsz\u00e1g konkr\u00e9t harcban nem \u00e1llt egym\u00e1ssal soha. Az 1984-es, <strong>p\u00e1pai k\u00f6zvet\u00edt\u00e9ssel l\u00e9trej\u00f6tt \u00fan. Beagle-egyezs\u00e9gnek az volt a c\u00e9lja<\/strong>, hogy v\u00e9get vessen az \u00e9vtizedek \u00f3ta tart\u00f3 hat\u00e1rvit\u00e1knak a k\u00e9t orsz\u00e1g k\u00f6z\u00f6tt a T\u0171zf\u00f6ld-szigetvil\u00e1g\u00e1ban. <\/p>\n\n\n\n<h2>A Beagle-incidens<\/h2>\n\n\n\n<p>A f\u0151 k\u00f6zpontja ennek a vit\u00e1nak a Beagle-csatorn\u00e1\u00e9rt (az Atlanti-\u00f3ce\u00e1n \u00e9s a Csendes-\u00f3ce\u00e1n k\u00f6z\u00f6tt a Magell\u00e1n-szoros \u00e9s a Drake-\u00e1tj\u00e1r\u00f3 mellett ez a harmadik kapcsolati pont), az abban fekv\u0151 Picton, Lennox \u00e9s Nueva szigetek birtokl\u00e1s\u00e1\u00e9rt foly\u00f3 Beagle-konfliktus volt. Ez olyan k\u00f6zel sodorta a k\u00e9t orsz\u00e1got a h\u00e1bor\u00fahoz, mint kor\u00e1bban m\u00e9g semmi m\u00e1s. A szigetek m\u00e1r \u0151sid\u0151k \u00f3ta chilei ellen\u0151rz\u00e9s alatt voltak, amikor 1904-ben Argent\u00edna beny\u00fajtotta k\u00f6vetel\u00e9s\u00e9t r\u00e1juk. Innent\u0151l kezdve a 20. sz\u00e1zadot v\u00e9gigk\u00eds\u00e9rt\u00e9k a k\u00f6vetel\u00e9sek, t\u00e1rgyal\u00e1sok, incidensek. 1978-ban n\u00e9h\u00e1ny \u00f3r\u00e1ig m\u00e9g katonai hadm\u0171velet is kezd\u0151d\u00f6tt a chilei szigetek elfoglal\u00e1s\u00e1ra. V\u00e9g\u00fcl a buenos airesi vezet\u00e9s elfogadta a p\u00e1pai k\u00f6zvet\u00edt\u00e9st \u00e9s <strong>\u00edgy sz\u00fcletett meg a fentebb m\u00e1r eml\u00edtett 1984-es egyezm\u00e9ny<\/strong>. Ez kijel\u00f6lte a Beagle-csatorn\u00e1ban a k\u00e9t orsz\u00e1g k\u00f6z\u00f6tti hat\u00e1rvonalat \u00e9s elismerte Chile fennhat\u00f3s\u00e1g\u00e1t az \u00f6sszes, a csatorn\u00e1t\u00f3l d\u00e9lre fekv\u0151 sziget felett.<\/p>\n\n\n\n<figure class=\"wp-block-image size-large is-resized\"><img loading=\"lazy\" src=\"https:\/\/latinzona.hu\/wp-content\/uploads\/2021\/07\/image.png\" alt=\"\" class=\"wp-image-462\" width=\"577\" height=\"329\" srcset=\"https:\/\/latinzona.hu\/wp-content\/uploads\/2021\/07\/image.png 395w, https:\/\/latinzona.hu\/wp-content\/uploads\/2021\/07\/image-300x171.png 300w\" sizes=\"(max-width: 577px) 100vw, 577px\" \/><\/figure>\n\n\n\n<p>Sz\u00f3val ennek az 1984-es megegyez\u00e9snek a 30. \u00e9vfordul\u00f3ja alkalm\u00e1b\u00f3l utaztak az \u00e1llamf\u0151k a Vatik\u00e1nba Ferenc p\u00e1pa megh\u00edv\u00e1s\u00e1ra. A Beagle-konfliktus egy\u00e9bk\u00e9nt roppant \u00e9rdekes t\u00f6rt\u00e9nelmi esem\u00e9nysorozat. Egy posztba nem is lehet nagyon beles\u0171r\u00edteni azt a sok l\u00e9p\u00e9st, amit az orsz\u00e1gok tettek az \u00e9vtizedek sor\u00e1n. De p\u00e9ld\u00e1ul ez a konfliktus a magyar\u00e1zata annak, hogy a Falkland-szigetek\u00e9rt (vagy ahogy errefel\u00e9 ismerik: Las Malvinas) folytatott angol-argentin h\u00e1bor\u00fa sor\u00e1n Chile a briteket t\u00e1mogatta. Szint\u00e9n finom kis szelete a Beagle-csatorna t\u00f6rt\u00e9nelm\u00e9nek a Snipe-incidens. Ez a Snipe apr\u00f3, szint\u00e9n a Beagle-csatorn\u00e1ban fekv\u0151 f\u00f6lddarabja miatt robbant ki m\u00e9g 1958-ban, amikor Chile \u00e9p\u00edtett egy vil\u00e1g\u00edt\u00f3tornyot a szigetecsk\u00e9re.<\/p>\n\n\n\n<figure class=\"wp-block-image size-large is-resized\"><img loading=\"lazy\" src=\"https:\/\/latinzona.hu\/wp-content\/uploads\/2021\/07\/image-1.png\" alt=\"\" class=\"wp-image-463\" width=\"579\" height=\"387\" srcset=\"https:\/\/latinzona.hu\/wp-content\/uploads\/2021\/07\/image-1.png 322w, https:\/\/latinzona.hu\/wp-content\/uploads\/2021\/07\/image-1-300x200.png 300w\" sizes=\"(max-width: 579px) 100vw, 579px\" \/><\/figure>\n\n\n\n<p>Ezt az argentinok nem sokkal k\u00e9s\u0151bb lebontott\u00e1k \u00e9s egy argentin vil\u00e1g\u00edt\u00f3tornyot \u00e9p\u00edtettek a hely\u00e9be.  Amit azt\u00e1n a chilei haditenger\u00e9szet ism\u00e9t csak elt\u00e1vol\u00edtott \u00e9s \u00faj chilei vil\u00e1g\u00edt\u00f3tornyot h\u00fazott fel. Ezt 1958. j\u00fanius 9.-\u00e9n lebomb\u00e1zta az argentin San Juan rombol\u00f3 \u00e9s itt \u00e9rt v\u00e9get a t\u00f6rt\u00e9net. Mert miel\u0151tt jobban eszkal\u00e1l\u00f3dtak volna az esem\u00e9nyek, a k\u00e9t orsz\u00e1g t\u0171zsz\u00fcnetet k\u00f6t\u00f6tt. K\u00fcl\u00f6nleges chilei f\u00f6ldrajzi \u00e9rdekess\u00e9gekr\u0151l <a href=\"https:\/\/latinzona.hu\/index.php\/2021\/05\/15\/cerro-medanoso-del-amerika-legmagasabb-homokduneje\/\">itt \u00edrtunk kor\u00e1bban.<\/a><\/p>\n","protected":false},"excerpt":{"rendered":"<div class=\"mh-excerpt\"><p>M\u00e9g j\u00f3 p\u00e1r \u00e9vvel ezel\u0151tt t\u00f6rt\u00e9nt, hogy Michelle Bachelet egykori chilei eln\u00f6kasszony \u00e9s argentin koll\u00e9gan\u0151je Cristina Fern\u00e1ndez akkori argentin eln\u00f6k egy\u00fctt a Vatik\u00e1ban utazott. Itt <a class=\"mh-excerpt-more\" href=\"https:\/\/latinzona.hu\/index.php\/2021\/07\/25\/a-beagle-konfliktus\/\" title=\"A Beagle-konfliktus\">[&#8230;]<\/a><\/p>\n<\/div>","protected":false},"author":1,"featured_media":464,"comment_status":"open","ping_status":"open","sticky":false,"template":"","format":"standard","meta":[],"categories":[24,27],"tags":[17,191,28,192],"yoast_head":"<!-- This site is optimized with the Yoast SEO plugin v15.5 - https:\/\/yoast.com\/wordpress\/plugins\/seo\/ -->\n<title>A Beagle-konfliktus - Latin Z\u00f3na<\/title>\n<meta name=\"description\" content=\"A Beagle-incidens egyik alig ismert konfliktusnak sz\u00e1m\u00edt Argent\u00edna \u00e9s Chile k\u00f6z\u00f6tt, pedig nagyon fordulatos t\u00f6rt\u00e9net.\" \/>\n<meta name=\"robots\" content=\"index, follow, max-snippet:-1, max-image-preview:large, max-video-preview:-1\" \/>\n<link rel=\"canonical\" href=\"https:\/\/latinzona.hu\/index.php\/2021\/07\/25\/a-beagle-konfliktus\/\" \/>\n<meta property=\"og:locale\" content=\"hu_HU\" \/>\n<meta property=\"og:type\" content=\"article\" \/>\n<meta property=\"og:title\" content=\"A Beagle-konfliktus - Latin Z\u00f3na\" \/>\n<meta property=\"og:description\" content=\"A Beagle-incidens egyik alig ismert konfliktusnak sz\u00e1m\u00edt Argent\u00edna \u00e9s Chile k\u00f6z\u00f6tt, pedig nagyon fordulatos t\u00f6rt\u00e9net.\" \/>\n<meta property=\"og:url\" content=\"https:\/\/latinzona.hu\/index.php\/2021\/07\/25\/a-beagle-konfliktus\/\" \/>\n<meta property=\"og:site_name\" content=\"Latin Z\u00f3na\" \/>\n<meta property=\"article:published_time\" content=\"2021-07-25T19:01:18+00:00\" \/>\n<meta property=\"article:modified_time\" content=\"2021-07-25T19:01:20+00:00\" \/>\n<meta property=\"og:image\" content=\"https:\/\/latinzona.hu\/wp-content\/uploads\/2021\/07\/dfd.jpg\" \/>\n\t<meta property=\"og:image:width\" content=\"912\" \/>\n\t<meta property=\"og:image:height\" content=\"729\" \/>\n<meta name=\"twitter:card\" content=\"summary_large_image\" \/>\n<meta name=\"twitter:label1\" content=\"Becs\u00fclt olvas\u00e1si id\u0151\">\n\t<meta name=\"twitter:data1\" content=\"2 perc\">\n<script type=\"application\/ld+json\" class=\"yoast-schema-graph\">{\"@context\":\"https:\/\/schema.org\",\"@graph\":[{\"@type\":\"WebSite\",\"@id\":\"https:\/\/latinzona.hu\/#website\",\"url\":\"https:\/\/latinzona.hu\/\",\"name\":\"Latin Z\\u00f3na\",\"description\":\"Mi D\\u00e9lre is figyel\\u00fcnk...\",\"potentialAction\":[{\"@type\":\"SearchAction\",\"target\":\"https:\/\/latinzona.hu\/?s={search_term_string}\",\"query-input\":\"required name=search_term_string\"}],\"inLanguage\":\"hu\"},{\"@type\":\"ImageObject\",\"@id\":\"https:\/\/latinzona.hu\/index.php\/2021\/07\/25\/a-beagle-konfliktus\/#primaryimage\",\"inLanguage\":\"hu\",\"url\":\"https:\/\/latinzona.hu\/wp-content\/uploads\/2021\/07\/dfd.jpg\",\"width\":912,\"height\":729},{\"@type\":\"WebPage\",\"@id\":\"https:\/\/latinzona.hu\/index.php\/2021\/07\/25\/a-beagle-konfliktus\/#webpage\",\"url\":\"https:\/\/latinzona.hu\/index.php\/2021\/07\/25\/a-beagle-konfliktus\/\",\"name\":\"A Beagle-konfliktus - Latin Z\\u00f3na\",\"isPartOf\":{\"@id\":\"https:\/\/latinzona.hu\/#website\"},\"primaryImageOfPage\":{\"@id\":\"https:\/\/latinzona.hu\/index.php\/2021\/07\/25\/a-beagle-konfliktus\/#primaryimage\"},\"datePublished\":\"2021-07-25T19:01:18+00:00\",\"dateModified\":\"2021-07-25T19:01:20+00:00\",\"author\":{\"@id\":\"https:\/\/latinzona.hu\/#\/schema\/person\/de64af94bc35db4973955a05f752bd2d\"},\"description\":\"A Beagle-incidens egyik alig ismert konfliktusnak sz\\u00e1m\\u00edt Argent\\u00edna \\u00e9s Chile k\\u00f6z\\u00f6tt, pedig nagyon fordulatos t\\u00f6rt\\u00e9net.\",\"inLanguage\":\"hu\",\"potentialAction\":[{\"@type\":\"ReadAction\",\"target\":[\"https:\/\/latinzona.hu\/index.php\/2021\/07\/25\/a-beagle-konfliktus\/\"]}]},{\"@type\":\"Person\",\"@id\":\"https:\/\/latinzona.hu\/#\/schema\/person\/de64af94bc35db4973955a05f752bd2d\",\"name\":\"Chileno\",\"image\":{\"@type\":\"ImageObject\",\"@id\":\"https:\/\/latinzona.hu\/#personlogo\",\"inLanguage\":\"hu\",\"url\":\"https:\/\/secure.gravatar.com\/avatar\/9a5fe6fe999607c0ed4bfce2f8ed2600?s=96&d=mm&r=g\",\"caption\":\"Chileno\"},\"sameAs\":[\"https:\/\/latinzona.hu\"]}]}<\/script>\n<!-- \/ Yoast SEO plugin. -->","_links":{"self":[{"href":"https:\/\/latinzona.hu\/index.php\/wp-json\/wp\/v2\/posts\/460"}],"collection":[{"href":"https:\/\/latinzona.hu\/index.php\/wp-json\/wp\/v2\/posts"}],"about":[{"href":"https:\/\/latinzona.hu\/index.php\/wp-json\/wp\/v2\/types\/post"}],"author":[{"embeddable":true,"href":"https:\/\/latinzona.hu\/index.php\/wp-json\/wp\/v2\/users\/1"}],"replies":[{"embeddable":true,"href":"https:\/\/latinzona.hu\/index.php\/wp-json\/wp\/v2\/comments?post=460"}],"version-history":[{"count":1,"href":"https:\/\/latinzona.hu\/index.php\/wp-json\/wp\/v2\/posts\/460\/revisions"}],"predecessor-version":[{"id":465,"href":"https:\/\/latinzona.hu\/index.php\/wp-json\/wp\/v2\/posts\/460\/revisions\/465"}],"wp:featuredmedia":[{"embeddable":true,"href":"https:\/\/latinzona.hu\/index.php\/wp-json\/wp\/v2\/media\/464"}],"wp:attachment":[{"href":"https:\/\/latinzona.hu\/index.php\/wp-json\/wp\/v2\/media?parent=460"}],"wp:term":[{"taxonomy":"category","embeddable":true,"href":"https:\/\/latinzona.hu\/index.php\/wp-json\/wp\/v2\/categories?post=460"},{"taxonomy":"post_tag","embeddable":true,"href":"https:\/\/latinzona.hu\/index.php\/wp-json\/wp\/v2\/tags?post=460"}],"curies":[{"name":"wp","href":"https:\/\/api.w.org\/{rel}","templated":true}]}}