{"id":503,"date":"2021-10-31T13:39:33","date_gmt":"2021-10-31T13:39:33","guid":{"rendered":"https:\/\/latinzona.hu\/?p=503"},"modified":"2021-10-31T13:39:35","modified_gmt":"2021-10-31T13:39:35","slug":"ki-olte-meg-andres-escobart-es-mi-lett-vele","status":"publish","type":"post","link":"https:\/\/latinzona.hu\/index.php\/2021\/10\/31\/ki-olte-meg-andres-escobart-es-mi-lett-vele\/","title":{"rendered":"Ki \u00f6lte meg Andr\u00e9s Escobart \u00e9s mi lett vele?"},"content":{"rendered":"\n<p>Andr\u00e9s Escobar Saldarriaga egy kolumbiai labdar\u00fag\u00f3 volt, aki a kolumbiai v\u00e1logatottban j\u00e1tszott h\u00e1tv\u00e9d poszton. Szerepelt az Atl\u00e9tico Nacional, a Young Boys csapataiban is, el\u0151bbiben a mai napig gyakran megeml\u00e9keznek r\u00f3la. Igazi \u00fariembernek tartott\u00e1k a p\u00e1ly\u00e1n, tiszt\u00e1n \u00e9s mindig nyugodtan j\u00e1tszott. Val\u00f3sz\u00edn\u0171leg egy\u00e9bk\u00e9nt a vil\u00e1g nem eml\u00e9keznek r\u00e1, ha az 1994-es labdar\u00fag\u00f3-vil\u00e1gbajnoks\u00e1gon nem r\u00fag egy \u00f6ng\u00f3lt. Egy \u00f6ng\u00f3lt, ami Kolumbia kies\u00e9s\u00e9hez vezetett a torn\u00e1n. A VB ut\u00e1n Escobar \u00fagy d\u00f6nt\u00f6tt, hogy elutazik Kolumbi\u00e1ba \u00e9s id\u0151t t\u00f6lt a csapatt\u00e1rsaival \u00e9s ottani bar\u00e1taival.<\/p>\n\n\n\n<h2>Az Andr\u00e9s Escobar-gyilkoss\u00e1g<\/h2>\n\n\n\n<p>Mind\u00f6ssze \u00f6t nappal azut\u00e1n, hogy <a href=\"https:\/\/latinzona.hu\/index.php\/category\/kolumbia\/\">Kolumbia<\/a> kiesett a VB-r\u0151l, bar\u00e1taival bet\u00e9rt egy b\u00e1rba Medell\u00ednben. Ez volt a k\u00e9pen l\u00e1that\u00f3 El Indio. <\/p>\n\n\n\n<figure class=\"wp-block-image size-large\"><img loading=\"lazy\" width=\"1024\" height=\"678\" src=\"https:\/\/latinzona.hu\/wp-content\/uploads\/2021\/10\/gettyimages.jpg\" alt=\"\" class=\"wp-image-505\" srcset=\"https:\/\/latinzona.hu\/wp-content\/uploads\/2021\/10\/gettyimages.jpg 1024w, https:\/\/latinzona.hu\/wp-content\/uploads\/2021\/10\/gettyimages-300x199.jpg 300w, https:\/\/latinzona.hu\/wp-content\/uploads\/2021\/10\/gettyimages-768x509.jpg 768w\" sizes=\"(max-width: 1024px) 100vw, 1024px\" \/><\/figure>\n\n\n\n<p>Eg\u00e9sz j\u00f3l \u00e9rezte mag\u00e1t az este folyam\u00e1n, hajnali h\u00e1romkor, 1994. j\u00falius m\u00e1sodik\u00e1n indult haza. Egyed\u00fcl sz\u00e1llt be az aut\u00f3j\u00e1ba a parkol\u00f3ban, amikor h\u00e1rom f\u00e9rfi l\u00e9pett oda hozz\u00e1. Vit\u00e1ba keveredtek \u00e9s ekkor d\u00f6rd\u00fcltek el a l\u00f6v\u00e9sek, sz\u00e1m szerint hat, pont k\u00e9tszer annyi, amennyi g\u00f3l azon az eml\u00e9kezetes Egyes\u00fclt \u00c1llamok elleni 2-1-es veres\u00e9ggel v\u00e9gz\u0151d\u0151 m\u00e9rk\u0151z\u00e9sen sz\u00fcletett. <strong>A l\u00f6v\u00e9sekt\u0151l s\u00falyosan v\u00e9rz\u0151 Escobart k\u00f3rh\u00e1zba sz\u00e1ll\u00edtott\u00e1k, de 45 percen bel\u00fcl elhunyt.<\/strong><\/p>\n\n\n\n<figure class=\"wp-block-image size-large\"><img loading=\"lazy\" width=\"620\" height=\"435\" src=\"https:\/\/latinzona.hu\/wp-content\/uploads\/2021\/10\/escobar-temetese.png\" alt=\"\" class=\"wp-image-504\" srcset=\"https:\/\/latinzona.hu\/wp-content\/uploads\/2021\/10\/escobar-temetese.png 620w, https:\/\/latinzona.hu\/wp-content\/uploads\/2021\/10\/escobar-temetese-300x210.png 300w\" sizes=\"(max-width: 620px) 100vw, 620px\" \/><\/figure>\n\n\n\n<p>M\u00e9g aznap elkapt\u00e1k a gyilkoss\u00e1got elk\u00f6vet\u0151 <strong>Humberto Castro Mu\u00f1ozt, aki a Gall\u00f3n-testv\u00e9rek test\u0151rek\u00e9nt dolgozott.<\/strong> A Gall\u00f3n-testv\u00e9rek nagyon ismertek voltak Medell\u00ednban a drogkartellekhez f\u0171z\u0151d\u0151 kapcsolataik miatt. Castrot \u00e1ll\u00edt\u00f3lag a k\u00e9t testv\u00e9r utas\u00edtotta arra, hogy v\u00e9gezze ki Escobart, mert (ism\u00e9t csak \u00e1ll\u00edt\u00f3lag) mindketten nagyon sokat vesz\u00edtettek azon a fogad\u00e1son, amit <a href=\"https:\/\/latinzona.hu\/index.php\/category\/kolumbia\/\">Kolumbia<\/a> gy\u0151zelm\u00e9re tettek fel. 1995. j\u00fanius\u00e1ban b\u0171n\u00f6snek tal\u00e1lt\u00e1k Castr\u00f3t \u00e9s 43 \u00e9v b\u00f6rt\u00f6nb\u00fcntet\u00e9sre \u00edt\u00e9lt\u00e9k. K\u00e9s\u0151bb ezt lecs\u00f6kkentett\u00e9k 26 \u00e9vre egy t\u00f6rv\u00e9nyv\u00e1ltoz\u00e1s miatt 2001-ben.<\/p>\n\n\n\n<p>V\u00e9g\u00fcl 2005-ben, 11 \u00e9v b\u00fcntet\u00e9s let\u00f6lt\u00e9se ut\u00e1n tov\u00e1bbi engedm\u00e9nyeknek k\u00f6sz\u00f6nhet\u0151en j\u00f3 magaviselete miatt szabadon is engedt\u00e9k. A mai napig megoszlanak arr\u00f3l a v\u00e9lem\u00e9nyek, hogy mi\u00e9rt is t\u00f6rt\u00e9nt a gyilkoss\u00e1g, Castro sosem adott erre igazi v\u00e1laszt. Egyesek szerint az \u00f6ng\u00f3l miatti fogad\u00e1si vesztes\u00e9gek ok\u00e1n \u00f6lt\u00e9k meg, m\u00e1sok szerint szimpl\u00e1n rossz id\u0151ben volt rossz helyen, de vannak olyanok, akik szerint csak ki akart\u00e1k rabolni. A jelenleg rendelkez\u00e9sre \u00e1ll\u00f3 inform\u00e1ci\u00f3k szerint egy\u00e9bk\u00e9nt Castro m\u00e9g mindig Medell\u00ednben \u00e9l \u00e9s m\u00e1r nem besz\u00e9l az 1994-ben t\u00f6rt\u00e9ntekr\u0151l.<\/p>\n\n\n\n<figure class=\"wp-block-embed is-type-video is-provider-youtube wp-block-embed-youtube wp-embed-aspect-4-3 wp-has-aspect-ratio\"><div class=\"wp-block-embed__wrapper\">\n<iframe title=\"Andr\u00e9s Escobar own goal (World Cup 1994: USA - Colombia)\" width=\"500\" height=\"375\" src=\"https:\/\/www.youtube.com\/embed\/qFjke_ahBYY?feature=oembed\" frameborder=\"0\" allow=\"accelerometer; autoplay; clipboard-write; encrypted-media; gyroscope; picture-in-picture\" allowfullscreen><\/iframe>\n<\/div><\/figure>\n","protected":false},"excerpt":{"rendered":"<div class=\"mh-excerpt\"><p>Andr\u00e9s Escobar Saldarriaga egy kolumbiai labdar\u00fag\u00f3 volt, aki a kolumbiai v\u00e1logatottban j\u00e1tszott h\u00e1tv\u00e9d poszton. Szerepelt az Atl\u00e9tico Nacional, a Young Boys csapataiban is, el\u0151bbiben a <a class=\"mh-excerpt-more\" href=\"https:\/\/latinzona.hu\/index.php\/2021\/10\/31\/ki-olte-meg-andres-escobart-es-mi-lett-vele\/\" title=\"Ki \u00f6lte meg Andr\u00e9s Escobart \u00e9s mi lett vele?\">[&#8230;]<\/a><\/p>\n<\/div>","protected":false},"author":1,"featured_media":507,"comment_status":"open","ping_status":"open","sticky":false,"template":"","format":"standard","meta":[],"categories":[31],"tags":[203,32,53],"yoast_head":"<!-- This site is optimized with the Yoast SEO plugin v15.5 - https:\/\/yoast.com\/wordpress\/plugins\/seo\/ -->\n<title>Ki \u00f6lte meg Andr\u00e9s Escobart \u00e9s mi lett vele? - Latin Z\u00f3na<\/title>\n<meta name=\"description\" content=\"A mai napig nem biztos, hogy mi\u00e9rt halt meg Andr\u00e9s Escobar kolumbiai labdar\u00fag\u00f3 1994-ben, de sokak szerint egy \u00f6ng\u00f3l miatt.\" \/>\n<meta name=\"robots\" content=\"index, follow, max-snippet:-1, max-image-preview:large, max-video-preview:-1\" \/>\n<link rel=\"canonical\" href=\"https:\/\/latinzona.hu\/index.php\/2021\/10\/31\/ki-olte-meg-andres-escobart-es-mi-lett-vele\/\" \/>\n<meta property=\"og:locale\" content=\"hu_HU\" \/>\n<meta property=\"og:type\" content=\"article\" \/>\n<meta property=\"og:title\" content=\"Ki \u00f6lte meg Andr\u00e9s Escobart \u00e9s mi lett vele? - Latin Z\u00f3na\" \/>\n<meta property=\"og:description\" content=\"A mai napig nem biztos, hogy mi\u00e9rt halt meg Andr\u00e9s Escobar kolumbiai labdar\u00fag\u00f3 1994-ben, de sokak szerint egy \u00f6ng\u00f3l miatt.\" \/>\n<meta property=\"og:url\" content=\"https:\/\/latinzona.hu\/index.php\/2021\/10\/31\/ki-olte-meg-andres-escobart-es-mi-lett-vele\/\" \/>\n<meta property=\"og:site_name\" content=\"Latin Z\u00f3na\" \/>\n<meta property=\"article:published_time\" content=\"2021-10-31T13:39:33+00:00\" \/>\n<meta property=\"article:modified_time\" content=\"2021-10-31T13:39:35+00:00\" \/>\n<meta property=\"og:image\" content=\"https:\/\/latinzona.hu\/wp-content\/uploads\/2021\/10\/escobar-temetese-1.png\" \/>\n\t<meta property=\"og:image:width\" content=\"620\" \/>\n\t<meta property=\"og:image:height\" content=\"435\" \/>\n<meta name=\"twitter:card\" content=\"summary_large_image\" \/>\n<meta name=\"twitter:label1\" content=\"Becs\u00fclt olvas\u00e1si id\u0151\">\n\t<meta name=\"twitter:data1\" content=\"2 perc\">\n<script type=\"application\/ld+json\" class=\"yoast-schema-graph\">{\"@context\":\"https:\/\/schema.org\",\"@graph\":[{\"@type\":\"WebSite\",\"@id\":\"https:\/\/latinzona.hu\/#website\",\"url\":\"https:\/\/latinzona.hu\/\",\"name\":\"Latin Z\\u00f3na\",\"description\":\"Mi D\\u00e9lre is figyel\\u00fcnk...\",\"potentialAction\":[{\"@type\":\"SearchAction\",\"target\":\"https:\/\/latinzona.hu\/?s={search_term_string}\",\"query-input\":\"required name=search_term_string\"}],\"inLanguage\":\"hu\"},{\"@type\":\"ImageObject\",\"@id\":\"https:\/\/latinzona.hu\/index.php\/2021\/10\/31\/ki-olte-meg-andres-escobart-es-mi-lett-vele\/#primaryimage\",\"inLanguage\":\"hu\",\"url\":\"https:\/\/latinzona.hu\/wp-content\/uploads\/2021\/10\/escobar-temetese-1.png\",\"width\":620,\"height\":435,\"caption\":\"Andr\\u00e9s Escobar\"},{\"@type\":\"WebPage\",\"@id\":\"https:\/\/latinzona.hu\/index.php\/2021\/10\/31\/ki-olte-meg-andres-escobart-es-mi-lett-vele\/#webpage\",\"url\":\"https:\/\/latinzona.hu\/index.php\/2021\/10\/31\/ki-olte-meg-andres-escobart-es-mi-lett-vele\/\",\"name\":\"Ki \\u00f6lte meg Andr\\u00e9s Escobart \\u00e9s mi lett vele? - Latin Z\\u00f3na\",\"isPartOf\":{\"@id\":\"https:\/\/latinzona.hu\/#website\"},\"primaryImageOfPage\":{\"@id\":\"https:\/\/latinzona.hu\/index.php\/2021\/10\/31\/ki-olte-meg-andres-escobart-es-mi-lett-vele\/#primaryimage\"},\"datePublished\":\"2021-10-31T13:39:33+00:00\",\"dateModified\":\"2021-10-31T13:39:35+00:00\",\"author\":{\"@id\":\"https:\/\/latinzona.hu\/#\/schema\/person\/de64af94bc35db4973955a05f752bd2d\"},\"description\":\"A mai napig nem biztos, hogy mi\\u00e9rt halt meg Andr\\u00e9s Escobar kolumbiai labdar\\u00fag\\u00f3 1994-ben, de sokak szerint egy \\u00f6ng\\u00f3l miatt.\",\"inLanguage\":\"hu\",\"potentialAction\":[{\"@type\":\"ReadAction\",\"target\":[\"https:\/\/latinzona.hu\/index.php\/2021\/10\/31\/ki-olte-meg-andres-escobart-es-mi-lett-vele\/\"]}]},{\"@type\":\"Person\",\"@id\":\"https:\/\/latinzona.hu\/#\/schema\/person\/de64af94bc35db4973955a05f752bd2d\",\"name\":\"Chileno\",\"image\":{\"@type\":\"ImageObject\",\"@id\":\"https:\/\/latinzona.hu\/#personlogo\",\"inLanguage\":\"hu\",\"url\":\"https:\/\/secure.gravatar.com\/avatar\/9a5fe6fe999607c0ed4bfce2f8ed2600?s=96&d=mm&r=g\",\"caption\":\"Chileno\"},\"sameAs\":[\"https:\/\/latinzona.hu\"]}]}<\/script>\n<!-- \/ Yoast SEO plugin. -->","_links":{"self":[{"href":"https:\/\/latinzona.hu\/index.php\/wp-json\/wp\/v2\/posts\/503"}],"collection":[{"href":"https:\/\/latinzona.hu\/index.php\/wp-json\/wp\/v2\/posts"}],"about":[{"href":"https:\/\/latinzona.hu\/index.php\/wp-json\/wp\/v2\/types\/post"}],"author":[{"embeddable":true,"href":"https:\/\/latinzona.hu\/index.php\/wp-json\/wp\/v2\/users\/1"}],"replies":[{"embeddable":true,"href":"https:\/\/latinzona.hu\/index.php\/wp-json\/wp\/v2\/comments?post=503"}],"version-history":[{"count":1,"href":"https:\/\/latinzona.hu\/index.php\/wp-json\/wp\/v2\/posts\/503\/revisions"}],"predecessor-version":[{"id":508,"href":"https:\/\/latinzona.hu\/index.php\/wp-json\/wp\/v2\/posts\/503\/revisions\/508"}],"wp:featuredmedia":[{"embeddable":true,"href":"https:\/\/latinzona.hu\/index.php\/wp-json\/wp\/v2\/media\/507"}],"wp:attachment":[{"href":"https:\/\/latinzona.hu\/index.php\/wp-json\/wp\/v2\/media?parent=503"}],"wp:term":[{"taxonomy":"category","embeddable":true,"href":"https:\/\/latinzona.hu\/index.php\/wp-json\/wp\/v2\/categories?post=503"},{"taxonomy":"post_tag","embeddable":true,"href":"https:\/\/latinzona.hu\/index.php\/wp-json\/wp\/v2\/tags?post=503"}],"curies":[{"name":"wp","href":"https:\/\/api.w.org\/{rel}","templated":true}]}}