{"id":510,"date":"2022-01-02T20:40:58","date_gmt":"2022-01-02T20:40:58","guid":{"rendered":"https:\/\/latinzona.hu\/?p=510"},"modified":"2022-01-02T20:41:00","modified_gmt":"2022-01-02T20:41:00","slug":"2021-szeptember-11-en-hunyt-el-a-fenyes-osveny-alapitoja","status":"publish","type":"post","link":"https:\/\/latinzona.hu\/index.php\/2022\/01\/02\/2021-szeptember-11-en-hunyt-el-a-fenyes-osveny-alapitoja\/","title":{"rendered":"2021. szeptember 11-\u00e9n hunyt el a F\u00e9nyes \u00d6sv\u00e9ny alap\u00edt\u00f3ja"},"content":{"rendered":"\n<p>Neh\u00e9z sok t\u00e9m\u00e1ban \u00e9v\u00e9rt\u00e9kel\u00e9st \u00edrni 2021-r\u0151l, hiszen egy \u00e9v alatt rengeteg k\u00fcl\u00f6nleges esem\u00e9ny t\u00f6rt\u00e9nik a vil\u00e1gban. A forradalmi vil\u00e1gn\u00e9zet\u0171ek szempontj\u00e1b\u00f3l szeptember 11.-e m\u00e9g egy szempontb\u00f3l lesz szomor\u00fa mement\u00f3. 2021-ben ezen a napon hunyt el a <a href=\"https:\/\/latinzona.hu\/index.php\/category\/peru\/\">perui<\/a> forradalmi mozgalom, a <strong>F\u00e9nyes \u00d6sv\u00e9ny alap\u00edt\u00f3ja, Abimael Guzm\u00e1n.<\/strong> M\u00e1r a kezdetekt\u0151l fogva maoista, marxista-leninista mozgalomnak tartott\u00e1k a F\u00e9nyes \u00d6sv\u00e9nyt, amely 1980-ban robbantott ki komoly harcot az \u00e1llamhatalom ellen. &#8220;Presidente Gonzalo&#8221; szeptember 11-\u00e9n, reggel hat \u00f3ra negyvenkor vesz\u00edtette \u00e9let\u00e9t.<\/p>\n\n\n\n<h2>A F\u00e9nyes \u00d6sv\u00e9ny Abimael Guzm\u00e1n elfog\u00e1s\u00e1val omlott \u00f6ssze<\/h2>\n\n\n\n<p>A perui b\u00fcntet\u00e9sv\u00e9grehajt\u00e1s k\u00f6zlem\u00e9nye szerint a 86 \u00e9ves alap\u00edt\u00f3 \u00e9s vezet\u0151 eg\u00e9szs\u00e9g\u00fcgyi komplik\u00e1ci\u00f3k miatt vesz\u00edtette \u00e9let\u00e9t, miut\u00e1n k\u00f6zel 30 \u00e9vet t\u00f6lt\u00f6tt egy szigor\u00faan \u0151rz\u00f6tt perui b\u00f6rt\u00f6nben. Guzm\u00e1n filoz\u00f3fiatan\u00e1rk\u00e9nt d\u00f6nt\u00f6tt \u00fagy, hogy forradalmat ind\u00edt Peruban m\u00e9g a hetvenes \u00e9vekben. A maoista ir\u00e1nyvonalat k\u00f6vetve tiszt\u00e1ban volt vele, hogy el\u0151sz\u00f6r a vid\u00e9ki ter\u00fcleteket kell ir\u00e1ny\u00edt\u00e1sa al\u00e1 vonni, majd ezut\u00e1n lehet a harcot a v\u00e1rosi ter\u00fcletekre \u00e1tvinni. <strong>A F\u00e9nyes \u00d6sv\u00e9ny szervezete t\u00f6bb szempontb\u00f3l is k\u00fcl\u00f6nleges volt.<\/strong><\/p>\n\n\n\n<p>P\u00e9ld\u00e1ul az\u00e9rt, mert a parancsnokainak jelent\u0151s r\u00e9sze n\u0151 volt \u00e9s a harcosok fele is n\u0151k\u00e9nt vette fel a fegyvert egy tot\u00e1lis kommunista \u00e1llam l\u00e9trehoz\u00e1s\u00e1\u00e9rt. A harcuk nagyon gyorsan brut\u00e1liss\u00e1 v\u00e1lt, ami azt jelentette, hogy mindenkit t\u00e1madtak, m\u00e9g a t\u00f6bbi kommunista mozgalmat \u00e9s a vid\u00e9ki parasztokat is. B\u00e1r err\u0151l Guzm\u00e1n mindig \u00fagy nyilatkozott, hogy egyedi \u00e9s elszigetelt esetek t\u00f6rt\u00e9ntek csak, a t\u00f6bbivel csak a mozgalmat akarj\u00e1k befeket\u00edteni. Guzm\u00e1n saj\u00e1t mag\u00e1t egy\u00e9bk\u00e9nt a marxizmus negyedik kardj\u00e1nak tartotta, Karl Marx, Vlagyimir Lenin \u00e9s Mao Ce-Tung ut\u00e1n.<\/p>\n\n\n\n<figure class=\"wp-block-image size-large\"><img loading=\"lazy\" width=\"700\" height=\"495\" src=\"https:\/\/latinzona.hu\/wp-content\/uploads\/2022\/01\/shining-path.jpg\" alt=\"\" class=\"wp-image-512\" srcset=\"https:\/\/latinzona.hu\/wp-content\/uploads\/2022\/01\/shining-path.jpg 700w, https:\/\/latinzona.hu\/wp-content\/uploads\/2022\/01\/shining-path-300x212.jpg 300w\" sizes=\"(max-width: 700px) 100vw, 700px\" \/><\/figure>\n\n\n\n<p>A F\u00e9nyes \u00d6sv\u00e9ny egyik legdurv\u00e1bb t\u00e1mad\u00e1sa 1992. j\u00falius 16-\u00e1n t\u00f6rt\u00e9nt, amikor pokolg\u00e9pet robbantottak a perui f\u0151v\u00e1rosban. Ezut\u00e1n nem sokkal k\u00e9s\u0151bb fogt\u00e1k el Guzm\u00e1nt Lim\u00e1ban. <strong>Elfog\u00e1s\u00e1nak k\u00f6r\u00fclm\u00e9nyei is \u00e9rdekes voltak<\/strong>, hiszen el\u00e9g sok gyan\u00fas h\u00e1zat figyelt meg a rend\u0151rs\u00e9g a F\u00e9nyes \u00d6sv\u00e9ny ut\u00e1ni kutat\u00e1sban. \u00c9s egy h\u00e1zn\u00e1l felt\u0171nt a nyomoz\u00f3knak, hogy nem egy szem\u00e9lyt\u0151l elfogadhat\u00f3 mennyis\u00e9g\u0171 szemetet dobnak ki az egyik h\u00e1zban, ahol egy\u00e9bk\u00e9nt pap\u00edron csak egy ember lakott. \u00cdgy kapt\u00e1k el v\u00e9g\u00fcl Guzm\u00e1nt, akit \u00e9letfogytiglani b\u00f6rt\u00f6nb\u00fcntet\u00e9sre \u00edt\u00e9ltek. <a href=\"https:\/\/www.britannica.com\/biography\/Abimael-Guzman\">Hal\u00e1la el\u0151tt \u00e9hs\u00e9gsztr\u00e1jkot<\/a> is folytatott, ez csak gyors\u00edtotta le\u00e9p\u00fcl\u00e9s\u00e9t. <strong>Szeptember 24-\u00e9n hamvasztott\u00e1k el a test\u00e9t \u00e9s maradv\u00e1nyait ismeretlen helyen sz\u00f3rt\u00e1k sz\u00e9t.<\/strong><\/p>\n","protected":false},"excerpt":{"rendered":"<div class=\"mh-excerpt\"><p>Neh\u00e9z sok t\u00e9m\u00e1ban \u00e9v\u00e9rt\u00e9kel\u00e9st \u00edrni 2021-r\u0151l, hiszen egy \u00e9v alatt rengeteg k\u00fcl\u00f6nleges esem\u00e9ny t\u00f6rt\u00e9nik a vil\u00e1gban. A forradalmi vil\u00e1gn\u00e9zet\u0171ek szempontj\u00e1b\u00f3l szeptember 11.-e m\u00e9g egy szempontb\u00f3l <a class=\"mh-excerpt-more\" href=\"https:\/\/latinzona.hu\/index.php\/2022\/01\/02\/2021-szeptember-11-en-hunyt-el-a-fenyes-osveny-alapitoja\/\" title=\"2021. szeptember 11-\u00e9n hunyt el a F\u00e9nyes \u00d6sv\u00e9ny alap\u00edt\u00f3ja\">[&#8230;]<\/a><\/p>\n<\/div>","protected":false},"author":1,"featured_media":511,"comment_status":"open","ping_status":"open","sticky":false,"template":"","format":"standard","meta":[],"categories":[2],"tags":[206,205,3,204],"yoast_head":"<!-- This site is optimized with the Yoast SEO plugin v15.5 - https:\/\/yoast.com\/wordpress\/plugins\/seo\/ -->\n<title>2021. szeptember 11-\u00e9n hunyt el a F\u00e9nyes \u00d6sv\u00e9ny alap\u00edt\u00f3ja - Latin Z\u00f3na<\/title>\n<meta name=\"description\" content=\"2021. szeptember 21-\u00e9n hunyt el egy katonai b\u00f6rt\u00f6nben Abimael Guzm\u00e1n, a F\u00e9nyes \u00d6sv\u00e9ny alap\u00edt\u00f3ja \u00e9s \u00f6r\u00f6k\u00f6s vezet\u0151je.\" \/>\n<meta name=\"robots\" content=\"index, follow, max-snippet:-1, max-image-preview:large, max-video-preview:-1\" \/>\n<link rel=\"canonical\" href=\"https:\/\/latinzona.hu\/index.php\/2022\/01\/02\/2021-szeptember-11-en-hunyt-el-a-fenyes-osveny-alapitoja\/\" \/>\n<meta property=\"og:locale\" content=\"hu_HU\" \/>\n<meta property=\"og:type\" content=\"article\" \/>\n<meta property=\"og:title\" content=\"2021. szeptember 11-\u00e9n hunyt el a F\u00e9nyes \u00d6sv\u00e9ny alap\u00edt\u00f3ja - Latin Z\u00f3na\" \/>\n<meta property=\"og:description\" content=\"2021. szeptember 21-\u00e9n hunyt el egy katonai b\u00f6rt\u00f6nben Abimael Guzm\u00e1n, a F\u00e9nyes \u00d6sv\u00e9ny alap\u00edt\u00f3ja \u00e9s \u00f6r\u00f6k\u00f6s vezet\u0151je.\" \/>\n<meta property=\"og:url\" content=\"https:\/\/latinzona.hu\/index.php\/2022\/01\/02\/2021-szeptember-11-en-hunyt-el-a-fenyes-osveny-alapitoja\/\" \/>\n<meta property=\"og:site_name\" content=\"Latin Z\u00f3na\" \/>\n<meta property=\"article:published_time\" content=\"2022-01-02T20:40:58+00:00\" \/>\n<meta property=\"article:modified_time\" content=\"2022-01-02T20:41:00+00:00\" \/>\n<meta property=\"og:image\" content=\"https:\/\/latinzona.hu\/wp-content\/uploads\/2022\/01\/times.jpg\" \/>\n\t<meta property=\"og:image:width\" content=\"2540\" \/>\n\t<meta property=\"og:image:height\" content=\"1429\" \/>\n<meta name=\"twitter:card\" content=\"summary_large_image\" \/>\n<meta name=\"twitter:label1\" content=\"Becs\u00fclt olvas\u00e1si id\u0151\">\n\t<meta name=\"twitter:data1\" content=\"2 perc\">\n<script type=\"application\/ld+json\" class=\"yoast-schema-graph\">{\"@context\":\"https:\/\/schema.org\",\"@graph\":[{\"@type\":\"WebSite\",\"@id\":\"https:\/\/latinzona.hu\/#website\",\"url\":\"https:\/\/latinzona.hu\/\",\"name\":\"Latin Z\\u00f3na\",\"description\":\"Mi D\\u00e9lre is figyel\\u00fcnk...\",\"potentialAction\":[{\"@type\":\"SearchAction\",\"target\":\"https:\/\/latinzona.hu\/?s={search_term_string}\",\"query-input\":\"required name=search_term_string\"}],\"inLanguage\":\"hu\"},{\"@type\":\"ImageObject\",\"@id\":\"https:\/\/latinzona.hu\/index.php\/2022\/01\/02\/2021-szeptember-11-en-hunyt-el-a-fenyes-osveny-alapitoja\/#primaryimage\",\"inLanguage\":\"hu\",\"url\":\"https:\/\/latinzona.hu\/wp-content\/uploads\/2022\/01\/times.jpg\",\"width\":2540,\"height\":1429,\"caption\":\"F\\u00e9nyes \\u00f6sv\\u00e9ny\"},{\"@type\":\"WebPage\",\"@id\":\"https:\/\/latinzona.hu\/index.php\/2022\/01\/02\/2021-szeptember-11-en-hunyt-el-a-fenyes-osveny-alapitoja\/#webpage\",\"url\":\"https:\/\/latinzona.hu\/index.php\/2022\/01\/02\/2021-szeptember-11-en-hunyt-el-a-fenyes-osveny-alapitoja\/\",\"name\":\"2021. szeptember 11-\\u00e9n hunyt el a F\\u00e9nyes \\u00d6sv\\u00e9ny alap\\u00edt\\u00f3ja - Latin Z\\u00f3na\",\"isPartOf\":{\"@id\":\"https:\/\/latinzona.hu\/#website\"},\"primaryImageOfPage\":{\"@id\":\"https:\/\/latinzona.hu\/index.php\/2022\/01\/02\/2021-szeptember-11-en-hunyt-el-a-fenyes-osveny-alapitoja\/#primaryimage\"},\"datePublished\":\"2022-01-02T20:40:58+00:00\",\"dateModified\":\"2022-01-02T20:41:00+00:00\",\"author\":{\"@id\":\"https:\/\/latinzona.hu\/#\/schema\/person\/de64af94bc35db4973955a05f752bd2d\"},\"description\":\"2021. szeptember 21-\\u00e9n hunyt el egy katonai b\\u00f6rt\\u00f6nben Abimael Guzm\\u00e1n, a F\\u00e9nyes \\u00d6sv\\u00e9ny alap\\u00edt\\u00f3ja \\u00e9s \\u00f6r\\u00f6k\\u00f6s vezet\\u0151je.\",\"inLanguage\":\"hu\",\"potentialAction\":[{\"@type\":\"ReadAction\",\"target\":[\"https:\/\/latinzona.hu\/index.php\/2022\/01\/02\/2021-szeptember-11-en-hunyt-el-a-fenyes-osveny-alapitoja\/\"]}]},{\"@type\":\"Person\",\"@id\":\"https:\/\/latinzona.hu\/#\/schema\/person\/de64af94bc35db4973955a05f752bd2d\",\"name\":\"Chileno\",\"image\":{\"@type\":\"ImageObject\",\"@id\":\"https:\/\/latinzona.hu\/#personlogo\",\"inLanguage\":\"hu\",\"url\":\"https:\/\/secure.gravatar.com\/avatar\/9a5fe6fe999607c0ed4bfce2f8ed2600?s=96&d=mm&r=g\",\"caption\":\"Chileno\"},\"sameAs\":[\"https:\/\/latinzona.hu\"]}]}<\/script>\n<!-- \/ Yoast SEO plugin. -->","_links":{"self":[{"href":"https:\/\/latinzona.hu\/index.php\/wp-json\/wp\/v2\/posts\/510"}],"collection":[{"href":"https:\/\/latinzona.hu\/index.php\/wp-json\/wp\/v2\/posts"}],"about":[{"href":"https:\/\/latinzona.hu\/index.php\/wp-json\/wp\/v2\/types\/post"}],"author":[{"embeddable":true,"href":"https:\/\/latinzona.hu\/index.php\/wp-json\/wp\/v2\/users\/1"}],"replies":[{"embeddable":true,"href":"https:\/\/latinzona.hu\/index.php\/wp-json\/wp\/v2\/comments?post=510"}],"version-history":[{"count":1,"href":"https:\/\/latinzona.hu\/index.php\/wp-json\/wp\/v2\/posts\/510\/revisions"}],"predecessor-version":[{"id":513,"href":"https:\/\/latinzona.hu\/index.php\/wp-json\/wp\/v2\/posts\/510\/revisions\/513"}],"wp:featuredmedia":[{"embeddable":true,"href":"https:\/\/latinzona.hu\/index.php\/wp-json\/wp\/v2\/media\/511"}],"wp:attachment":[{"href":"https:\/\/latinzona.hu\/index.php\/wp-json\/wp\/v2\/media?parent=510"}],"wp:term":[{"taxonomy":"category","embeddable":true,"href":"https:\/\/latinzona.hu\/index.php\/wp-json\/wp\/v2\/categories?post=510"},{"taxonomy":"post_tag","embeddable":true,"href":"https:\/\/latinzona.hu\/index.php\/wp-json\/wp\/v2\/tags?post=510"}],"curies":[{"name":"wp","href":"https:\/\/api.w.org\/{rel}","templated":true}]}}