{"id":561,"date":"2023-03-22T21:32:01","date_gmt":"2023-03-22T21:32:01","guid":{"rendered":"https:\/\/latinzona.hu\/?p=561"},"modified":"2023-03-22T21:32:02","modified_gmt":"2023-03-22T21:32:02","slug":"egy-tonkretett-foldi-paradicsom-megujulhat-rosario-szigetek","status":"publish","type":"post","link":"https:\/\/latinzona.hu\/index.php\/2023\/03\/22\/egy-tonkretett-foldi-paradicsom-megujulhat-rosario-szigetek\/","title":{"rendered":"Egy t\u00f6nkretett f\u00f6ldi paradicsom meg\u00fajulhat: Rosario-szigetek"},"content":{"rendered":"\n<p>Kolumbia korm\u00e1nya a Rosario-szigetek nev\u0171 nemzeti parkban 500 \u00e9v gyarmati \u00e9s illeg\u00e1lis megsz\u00e1ll\u00e1s ut\u00e1n megpr\u00f3b\u00e1lja el\u0151mozd\u00edtani a felel\u0151s turizmust. Az <a href=\"https:\/\/latinzona.hu\/index.php\/category\/kolumbia\/\">orsz\u00e1g<\/a> nemzeti parkok\u00e9rt felel\u0151s hat\u00f3s\u00e1ga \u00f3vatosan pr\u00f3b\u00e1lja beind\u00edtani a fenntarthat\u00f3 turizmust a karibi szigetvil\u00e1ghoz tartoz\u00f3 szigetek 27 sziget\u00e9n. M\u00edg a Nemzeti F\u00f6ldhivatal a szigetek 500 \u00e9ves illeg\u00e1lis megsz\u00e1ll\u00e1si t\u00f6rt\u00e9net\u00e9nek v\u00e9get vetni. A k\u00f6rnyezetv\u00e9delmi miniszt\u00e9rium ezzel p\u00e1rhuzamosan pedig igyekszik helyre\u00e1ll\u00edtani a Rosario-szigetek egyed\u00fcl\u00e1ll\u00f3 v\u00edz alatti \u00f6kosziszt\u00e9m\u00e1j\u00e1ban \u00e9s k\u00fcl\u00f6n\u00f6sen a korallz\u00e1tonyokban keletkezett k\u00e1rokat.<\/p>\n\n\n\n<h3>A Rosario-szigetek el\u00e9g sokat szenvedett az elm\u00falt \u00e9vsz\u00e1zadokban<\/h3>\n\n\n\n<p>A mai Kolumbia \u00e9s Venezuela \u00e9szaki partvid\u00e9k\u00e9nek nagy r\u00e9sz\u00e9hez hasonl\u00f3an a Rosario-szigetek eredeti lak\u00f3i a spanyol le\u00edr\u00e1sok \u00e9s a kolumbiai r\u00e9g\u00e9szek szerint karibi n\u00e9pek voltak. Ezek az \u0151slakosok gyorsan elt\u0171ntek, miut\u00e1n az eur\u00f3pai gyarmatos\u00edt\u00f3k ig\u00e9nyt tartottak a szigetekre. Majd a 15. sz\u00e1zad elej\u00e9n Cartagen\u00e1t a spanyol korona egyik f\u0151 rabszolgapiac\u00e1v\u00e1 tett\u00e9k D\u00e9l-Amerika karibi partvid\u00e9k\u00e9n. A szigetek a gyarmati korszakb\u00f3l sz\u00e1rmaz\u00f3 besz\u00e1mol\u00f3k szerint mened\u00e9kk\u00e9 v\u00e1ltak az afrikaiak sz\u00e1m\u00e1ra, akik megpr\u00f3b\u00e1lt\u00e1k megsz\u00f6kni a rabszolgas\u00e1gb\u00f3l.<\/p>\n\n\n\n<p>Ez az illeg\u00e1lis megsz\u00e1ll\u00e1s a 19. sz\u00e1zadban \u00e9rt v\u00e9get, miut\u00e1n a kolumbiai forradalm\u00e1rok el\u0171zt\u00e9k a spanyolokat. A szigeteket \u00e1llami tulajdonba vett\u00e9k, \u00e9s elt\u00f6r\u00f6lt\u00e9k a rabszolgas\u00e1got. <strong>A Rosario-szigetek illeg\u00e1lis elfoglal\u00e1sa a 2000-es \u00e9vek elej\u00e9n v\u00e1lt ism\u00e9t k\u00e9rd\u00e9ss\u00e9. Ekkor Kolumbia m\u00e1ra m\u00e1r megsz\u0171nt f\u00f6ld\u00fcgyn\u00f6ks\u00e9ge, az Incoder elkezdte b\u00e9rbe adni azokat mindenf\u00e9le k\u00e9tes alakoknak.<\/strong> A Semana hetilap 2021 december\u00e9ben arr\u00f3l sz\u00e1molt be, hogy a Nemzeti F\u00f6ld\u00fcgyn\u00f6ks\u00e9g az egyik szigetet, az Isla Majayurat a b\u00f6rt\u00f6nben \u00fcl\u0151, a csemp\u00e9szet \u00e9s p\u00e9nzmos\u00e1s Pablo Escobarj\u00e1nak nevezett Alain Suaza sz\u00e1m\u00e1ra adta b\u00e9rbe.<\/p>\n\n\n\n<p>A hat\u00f3s\u00e1gok most azon dolgoznak, hogy \u00e9rv\u00e9nytelennek nyilv\u00e1n\u00edtsanak 42 olyan b\u00e9rleti szerz\u0151d\u00e9st, amelyeket az Incoder jogellenesen hagyott j\u00f3v\u00e1. Azt \u00e1ll\u00edtj\u00e1k, hogy a korrupt Incoder tisztvisel\u0151k eg\u00e9szen az \u00fcgyn\u00f6ks\u00e9g 2016-os, f\u00e9ktelen korrupci\u00f3 miatt t\u00f6rt\u00e9nt felsz\u00e1mol\u00e1sa el\u0151tti utols\u00f3 napig hagytak j\u00f3v\u00e1 illeg\u00e1lis b\u00e9rbead\u00e1sokat. Most a hat\u00f3s\u00e1gok az \u00e1llami tulajdonban l\u00e9v\u0151 szigeteket \u00e9s strandjait a turist\u00e1k sz\u00e1m\u00e1ra el\u00e9rhet\u0151v\u00e9 k\u00edv\u00e1nj\u00e1k tenni. Ek\u00f6zben a k\u00f6rnyezetv\u00e9delmi hat\u00f3s\u00e1gok megpr\u00f3b\u00e1lj\u00e1k megmenteni a szigetek korallz\u00e1tonyait \u00e9s a rengeteg tr\u00f3pusi halat a kihal\u00e1st\u00f3l, ami az 500 \u00e9ve tart\u00f3 rossz v\u00edzgazd\u00e1lkod\u00e1s k\u00f6vetkezm\u00e9nye.<\/p>\n","protected":false},"excerpt":{"rendered":"<div class=\"mh-excerpt\"><p>Kolumbia korm\u00e1nya a Rosario-szigetek nev\u0171 nemzeti parkban 500 \u00e9v gyarmati \u00e9s illeg\u00e1lis megsz\u00e1ll\u00e1s ut\u00e1n megpr\u00f3b\u00e1lja el\u0151mozd\u00edtani a felel\u0151s turizmust. Az orsz\u00e1g nemzeti parkok\u00e9rt felel\u0151s hat\u00f3s\u00e1ga <a class=\"mh-excerpt-more\" href=\"https:\/\/latinzona.hu\/index.php\/2023\/03\/22\/egy-tonkretett-foldi-paradicsom-megujulhat-rosario-szigetek\/\" title=\"Egy t\u00f6nkretett f\u00f6ldi paradicsom meg\u00fajulhat: Rosario-szigetek\">[&#8230;]<\/a><\/p>\n<\/div>","protected":false},"author":1,"featured_media":562,"comment_status":"open","ping_status":"open","sticky":false,"template":"","format":"standard","meta":[],"categories":[31],"tags":[230,32,229,130],"yoast_head":"<!-- This site is optimized with the Yoast SEO plugin v15.5 - https:\/\/yoast.com\/wordpress\/plugins\/seo\/ -->\n<title>Egy t\u00f6nkretett f\u00f6ldi paradicsom meg\u00fajulhat: Rosario-szigetek - Latin Z\u00f3na<\/title>\n<meta name=\"description\" content=\"A Rosario-szigetek \u00e9l\u0151 Instagram posztnak is nevezhet\u0151k, pedig nagyon kem\u00e9ny t\u00f6rt\u00e9net van m\u00f6g\u00f6tt\u00fck az elm\u00falt 500 \u00e9vben.\" \/>\n<meta name=\"robots\" content=\"index, follow, max-snippet:-1, max-image-preview:large, max-video-preview:-1\" \/>\n<link rel=\"canonical\" href=\"https:\/\/latinzona.hu\/index.php\/2023\/03\/22\/egy-tonkretett-foldi-paradicsom-megujulhat-rosario-szigetek\/\" \/>\n<meta property=\"og:locale\" content=\"hu_HU\" \/>\n<meta property=\"og:type\" content=\"article\" \/>\n<meta property=\"og:title\" content=\"Egy t\u00f6nkretett f\u00f6ldi paradicsom meg\u00fajulhat: Rosario-szigetek - Latin Z\u00f3na\" \/>\n<meta property=\"og:description\" content=\"A Rosario-szigetek \u00e9l\u0151 Instagram posztnak is nevezhet\u0151k, pedig nagyon kem\u00e9ny t\u00f6rt\u00e9net van m\u00f6g\u00f6tt\u00fck az elm\u00falt 500 \u00e9vben.\" \/>\n<meta property=\"og:url\" content=\"https:\/\/latinzona.hu\/index.php\/2023\/03\/22\/egy-tonkretett-foldi-paradicsom-megujulhat-rosario-szigetek\/\" \/>\n<meta property=\"og:site_name\" content=\"Latin Z\u00f3na\" \/>\n<meta property=\"article:published_time\" content=\"2023-03-22T21:32:01+00:00\" \/>\n<meta property=\"article:modified_time\" content=\"2023-03-22T21:32:02+00:00\" \/>\n<meta property=\"og:image\" content=\"https:\/\/latinzona.hu\/wp-content\/uploads\/2023\/03\/rosario-islands.jpg\" \/>\n\t<meta property=\"og:image:width\" content=\"1900\" \/>\n\t<meta property=\"og:image:height\" content=\"1267\" \/>\n<meta name=\"twitter:card\" content=\"summary_large_image\" \/>\n<meta name=\"twitter:label1\" content=\"Becs\u00fclt olvas\u00e1si id\u0151\">\n\t<meta name=\"twitter:data1\" content=\"2 perc\">\n<script type=\"application\/ld+json\" class=\"yoast-schema-graph\">{\"@context\":\"https:\/\/schema.org\",\"@graph\":[{\"@type\":\"WebSite\",\"@id\":\"https:\/\/latinzona.hu\/#website\",\"url\":\"https:\/\/latinzona.hu\/\",\"name\":\"Latin Z\\u00f3na\",\"description\":\"Mi D\\u00e9lre is figyel\\u00fcnk...\",\"potentialAction\":[{\"@type\":\"SearchAction\",\"target\":\"https:\/\/latinzona.hu\/?s={search_term_string}\",\"query-input\":\"required name=search_term_string\"}],\"inLanguage\":\"hu\"},{\"@type\":\"ImageObject\",\"@id\":\"https:\/\/latinzona.hu\/index.php\/2023\/03\/22\/egy-tonkretett-foldi-paradicsom-megujulhat-rosario-szigetek\/#primaryimage\",\"inLanguage\":\"hu\",\"url\":\"https:\/\/latinzona.hu\/wp-content\/uploads\/2023\/03\/rosario-islands.jpg\",\"width\":1900,\"height\":1267},{\"@type\":\"WebPage\",\"@id\":\"https:\/\/latinzona.hu\/index.php\/2023\/03\/22\/egy-tonkretett-foldi-paradicsom-megujulhat-rosario-szigetek\/#webpage\",\"url\":\"https:\/\/latinzona.hu\/index.php\/2023\/03\/22\/egy-tonkretett-foldi-paradicsom-megujulhat-rosario-szigetek\/\",\"name\":\"Egy t\\u00f6nkretett f\\u00f6ldi paradicsom meg\\u00fajulhat: Rosario-szigetek - Latin Z\\u00f3na\",\"isPartOf\":{\"@id\":\"https:\/\/latinzona.hu\/#website\"},\"primaryImageOfPage\":{\"@id\":\"https:\/\/latinzona.hu\/index.php\/2023\/03\/22\/egy-tonkretett-foldi-paradicsom-megujulhat-rosario-szigetek\/#primaryimage\"},\"datePublished\":\"2023-03-22T21:32:01+00:00\",\"dateModified\":\"2023-03-22T21:32:02+00:00\",\"author\":{\"@id\":\"https:\/\/latinzona.hu\/#\/schema\/person\/de64af94bc35db4973955a05f752bd2d\"},\"description\":\"A Rosario-szigetek \\u00e9l\\u0151 Instagram posztnak is nevezhet\\u0151k, pedig nagyon kem\\u00e9ny t\\u00f6rt\\u00e9net van m\\u00f6g\\u00f6tt\\u00fck az elm\\u00falt 500 \\u00e9vben.\",\"inLanguage\":\"hu\",\"potentialAction\":[{\"@type\":\"ReadAction\",\"target\":[\"https:\/\/latinzona.hu\/index.php\/2023\/03\/22\/egy-tonkretett-foldi-paradicsom-megujulhat-rosario-szigetek\/\"]}]},{\"@type\":\"Person\",\"@id\":\"https:\/\/latinzona.hu\/#\/schema\/person\/de64af94bc35db4973955a05f752bd2d\",\"name\":\"Chileno\",\"image\":{\"@type\":\"ImageObject\",\"@id\":\"https:\/\/latinzona.hu\/#personlogo\",\"inLanguage\":\"hu\",\"url\":\"https:\/\/secure.gravatar.com\/avatar\/9a5fe6fe999607c0ed4bfce2f8ed2600?s=96&d=mm&r=g\",\"caption\":\"Chileno\"},\"sameAs\":[\"https:\/\/latinzona.hu\"]}]}<\/script>\n<!-- \/ Yoast SEO plugin. -->","_links":{"self":[{"href":"https:\/\/latinzona.hu\/index.php\/wp-json\/wp\/v2\/posts\/561"}],"collection":[{"href":"https:\/\/latinzona.hu\/index.php\/wp-json\/wp\/v2\/posts"}],"about":[{"href":"https:\/\/latinzona.hu\/index.php\/wp-json\/wp\/v2\/types\/post"}],"author":[{"embeddable":true,"href":"https:\/\/latinzona.hu\/index.php\/wp-json\/wp\/v2\/users\/1"}],"replies":[{"embeddable":true,"href":"https:\/\/latinzona.hu\/index.php\/wp-json\/wp\/v2\/comments?post=561"}],"version-history":[{"count":1,"href":"https:\/\/latinzona.hu\/index.php\/wp-json\/wp\/v2\/posts\/561\/revisions"}],"predecessor-version":[{"id":563,"href":"https:\/\/latinzona.hu\/index.php\/wp-json\/wp\/v2\/posts\/561\/revisions\/563"}],"wp:featuredmedia":[{"embeddable":true,"href":"https:\/\/latinzona.hu\/index.php\/wp-json\/wp\/v2\/media\/562"}],"wp:attachment":[{"href":"https:\/\/latinzona.hu\/index.php\/wp-json\/wp\/v2\/media?parent=561"}],"wp:term":[{"taxonomy":"category","embeddable":true,"href":"https:\/\/latinzona.hu\/index.php\/wp-json\/wp\/v2\/categories?post=561"},{"taxonomy":"post_tag","embeddable":true,"href":"https:\/\/latinzona.hu\/index.php\/wp-json\/wp\/v2\/tags?post=561"}],"curies":[{"name":"wp","href":"https:\/\/api.w.org\/{rel}","templated":true}]}}