{"id":580,"date":"2023-04-07T17:17:57","date_gmt":"2023-04-07T17:17:57","guid":{"rendered":"https:\/\/latinzona.hu\/?p=580"},"modified":"2023-04-07T17:17:58","modified_gmt":"2023-04-07T17:17:58","slug":"boliviaban-egy-ferfi-4-evet-kapott-egy-kutya-kivegzeseert","status":"publish","type":"post","link":"https:\/\/latinzona.hu\/index.php\/2023\/04\/07\/boliviaban-egy-ferfi-4-evet-kapott-egy-kutya-kivegzeseert\/","title":{"rendered":"Bol\u00edvi\u00e1ban egy f\u00e9rfi 4 \u00e9vet kapott egy kutya kiv\u00e9gz\u00e9s\u00e9\u00e9rt"},"content":{"rendered":"\n<p>&#8220;Igazs\u00e1got szolg\u00e1ltattunk&#8221; &#8211; ezt mondt\u00e1k \u00e1llatv\u00e9d\u0151k \u00e9s aktivist\u00e1k Cochabamb\u00e1ban. Azut\u00e1n, hogy megtudt\u00e1k, hogy <strong>Daniel Rojas Apaz\u00e1t, a 38 \u00e9ves f\u00e9rfit, aki megny\u00fazott egy kuty\u00e1t, n\u00e9gy \u00e9v b\u00f6rt\u00f6nb\u00fcntet\u00e9sre \u00edt\u00e9lt\u00e9k egy \u00e9l\u0151l\u00e9ny ellen elk\u00f6vetett b\u0171ncselekm\u00e9ny\u00e9rt<\/strong>. A f\u00e9rfi ellen, aki meg\u00f6lte s\u00f3gorn\u0151je kuty\u00e1j\u00e1t, a m\u00e1sf\u00e9l \u00e9ves, &#8220;Joky&#8221; nev\u0171 kutyust, cs\u00fct\u00f6rt\u00f6k\u00f6n hirdett\u00e9k ki az \u00edt\u00e9letet a hatodik b\u00fcntet\u0151b\u00edr\u00f3s\u00e1gon. A joghat\u00f3s\u00e1g elrendelte, hogy Daniel Rojas Apaza a San Sebastian-i b\u00f6rt\u00f6nben t\u00f6ltse le b\u00fcntet\u00e9s\u00e9t.<\/p>\n\n\n\n<h3>Az eset &#8211; a kutya elleni t\u00e1mad\u00e1s<\/h3>\n\n\n\n<p>A kutya elleni brut\u00e1lis t\u00e1mad\u00e1sra 2021. december 7-\u00e9n ker\u00fclt sor <a href=\"https:\/\/latinzona.hu\/index.php\/category\/bolivia\/\">Bol\u00edvi\u00e1ban<\/a>. A f\u00e9rfi megragadta a kuty\u00e1t, \u00fct\u00f6tte-r\u00fagta, let\u00e9pte a h\u00e1t\u00e1r\u00f3l a b\u0151rt, elt\u00f6rte az \u00e1llkapcs\u00e1t \u00e9s t\u00f6bb csontj\u00e1t is szil\u00e1nkosra t\u00f6rte. Az agresszi\u00f3t akkor hajtotta v\u00e9gre, amikor a kutya m\u00e9g \u00e9letben volt. <strong>Az \u00e1llat gazd\u00e1ja, l\u00e1tva, hogy kuty\u00e1ja s\u00falyos s\u00e9r\u00fcl\u00e9seket szenvedett \u00e9s m\u00e9g \u00e9letben van, elvitte egy \u00e1llatorvoshoz, ahol sajnos az eset s\u00falyoss\u00e1g\u00e1ra val\u00f3 tekintettel az elaltat\u00e1s mellett d\u00f6nt\u00f6ttek.<\/strong><\/p>\n\n\n\n<p>Amalia Cruz Vera \u00fcgy\u00e9szn\u0151 jelezte, hogy a f\u00e9rfi egy machet\u00e9vel a kez\u00e9ben hagyta el az otthon\u00e1t. Egyenesen a &#8220;Joky&#8221; nev\u0171 kuty\u00e1ra t\u00e1madt minden ok n\u00e9lk\u00fcl. A r\u00e9m\u00fclt rokonok l\u00e1tt\u00e1k, ami t\u00f6rt\u00e9nik, \u00e9s megpr\u00f3b\u00e1lt\u00e1k megmenteni a kuty\u00e1t.Az esethez riasztott\u00e1k a rend\u0151rs\u00e9get. De a tettes menek\u00fcl\u0151re fogta, \u00e9s csak nyolc nappal az eset ut\u00e1n fogt\u00e1k el.<\/p>\n\n\n\n<p>Az \u00e1llat rendk\u00edv\u00fcl s\u00falyos s\u00e9r\u00fcl\u00e9seket, traum\u00e1t \u00e9s sokkot szenvedett el. V\u00e9g\u00fcl hipovol\u00e9mi\u00e1s sokkban halt meg. A cochabambai megyei \u00fcgy\u00e9sz, Nuria Gonzales Romero jelezte, hogy a sz\u00f3beli t\u00e1rgyal\u00e1son az \u00fcgy\u00e9szs\u00e9g bebizony\u00edtotta, hogy Daniel Rojas az eg\u00e9sz orsz\u00e1got l\u00e1zban tart\u00f3 brut\u00e1lis eset elk\u00f6vet\u0151je. Eddig ez a maxim\u00e1lis b\u00fcntet\u00e9s, amelyet az orsz\u00e1gban ilyen \u00fcgyben kiosztottak.<\/p>\n","protected":false},"excerpt":{"rendered":"<div class=\"mh-excerpt\"><p>&#8220;Igazs\u00e1got szolg\u00e1ltattunk&#8221; &#8211; ezt mondt\u00e1k \u00e1llatv\u00e9d\u0151k \u00e9s aktivist\u00e1k Cochabamb\u00e1ban. Azut\u00e1n, hogy megtudt\u00e1k, hogy Daniel Rojas Apaz\u00e1t, a 38 \u00e9ves f\u00e9rfit, aki megny\u00fazott egy kuty\u00e1t, n\u00e9gy <a class=\"mh-excerpt-more\" href=\"https:\/\/latinzona.hu\/index.php\/2023\/04\/07\/boliviaban-egy-ferfi-4-evet-kapott-egy-kutya-kivegzeseert\/\" title=\"Bol\u00edvi\u00e1ban egy f\u00e9rfi 4 \u00e9vet kapott egy kutya kiv\u00e9gz\u00e9s\u00e9\u00e9rt\">[&#8230;]<\/a><\/p>\n<\/div>","protected":false},"author":1,"featured_media":581,"comment_status":"open","ping_status":"open","sticky":false,"template":"","format":"standard","meta":[],"categories":[38],"tags":[242,39,100,243],"yoast_head":"<!-- This site is optimized with the Yoast SEO plugin v15.5 - https:\/\/yoast.com\/wordpress\/plugins\/seo\/ -->\n<title>Bol\u00edvi\u00e1ban egy f\u00e9rfi 4 \u00e9vet kapott egy kutya kiv\u00e9gz\u00e9s\u00e9\u00e9rt - Latin Z\u00f3na<\/title>\n<meta name=\"description\" content=\"Bol\u00edvi\u00e1ban nemr\u00e9g 4 \u00e9v b\u00f6rt\u00f6nb\u00fcntet\u00e9sre \u00edt\u00e9ltek egy f\u00e9rfit, aki sz\u00f3 szerint megny\u00fazott egy kuty\u00e1t, \u00fct\u00f6tte-verte \u00e9s \u00f6sszet\u00f6rte a csontjait.\" \/>\n<meta name=\"robots\" content=\"index, follow, max-snippet:-1, max-image-preview:large, max-video-preview:-1\" \/>\n<link rel=\"canonical\" href=\"https:\/\/latinzona.hu\/index.php\/2023\/04\/07\/boliviaban-egy-ferfi-4-evet-kapott-egy-kutya-kivegzeseert\/\" \/>\n<meta property=\"og:locale\" content=\"hu_HU\" \/>\n<meta property=\"og:type\" content=\"article\" \/>\n<meta property=\"og:title\" content=\"Bol\u00edvi\u00e1ban egy f\u00e9rfi 4 \u00e9vet kapott egy kutya kiv\u00e9gz\u00e9s\u00e9\u00e9rt - Latin Z\u00f3na\" \/>\n<meta property=\"og:description\" content=\"Bol\u00edvi\u00e1ban nemr\u00e9g 4 \u00e9v b\u00f6rt\u00f6nb\u00fcntet\u00e9sre \u00edt\u00e9ltek egy f\u00e9rfit, aki sz\u00f3 szerint megny\u00fazott egy kuty\u00e1t, \u00fct\u00f6tte-verte \u00e9s \u00f6sszet\u00f6rte a csontjait.\" \/>\n<meta property=\"og:url\" content=\"https:\/\/latinzona.hu\/index.php\/2023\/04\/07\/boliviaban-egy-ferfi-4-evet-kapott-egy-kutya-kivegzeseert\/\" \/>\n<meta property=\"og:site_name\" content=\"Latin Z\u00f3na\" \/>\n<meta property=\"article:published_time\" content=\"2023-04-07T17:17:57+00:00\" \/>\n<meta property=\"article:modified_time\" content=\"2023-04-07T17:17:58+00:00\" \/>\n<meta property=\"og:image\" content=\"https:\/\/latinzona.hu\/wp-content\/uploads\/2023\/04\/Bolivia-kutya.jpg\" \/>\n\t<meta property=\"og:image:width\" content=\"625\" \/>\n\t<meta property=\"og:image:height\" content=\"388\" \/>\n<meta name=\"twitter:card\" content=\"summary_large_image\" \/>\n<meta name=\"twitter:label1\" content=\"Becs\u00fclt olvas\u00e1si id\u0151\">\n\t<meta name=\"twitter:data1\" content=\"2 perc\">\n<script type=\"application\/ld+json\" class=\"yoast-schema-graph\">{\"@context\":\"https:\/\/schema.org\",\"@graph\":[{\"@type\":\"WebSite\",\"@id\":\"https:\/\/latinzona.hu\/#website\",\"url\":\"https:\/\/latinzona.hu\/\",\"name\":\"Latin Z\\u00f3na\",\"description\":\"Mi D\\u00e9lre is figyel\\u00fcnk...\",\"potentialAction\":[{\"@type\":\"SearchAction\",\"target\":\"https:\/\/latinzona.hu\/?s={search_term_string}\",\"query-input\":\"required name=search_term_string\"}],\"inLanguage\":\"hu\"},{\"@type\":\"ImageObject\",\"@id\":\"https:\/\/latinzona.hu\/index.php\/2023\/04\/07\/boliviaban-egy-ferfi-4-evet-kapott-egy-kutya-kivegzeseert\/#primaryimage\",\"inLanguage\":\"hu\",\"url\":\"https:\/\/latinzona.hu\/wp-content\/uploads\/2023\/04\/Bolivia-kutya.jpg\",\"width\":625,\"height\":388},{\"@type\":\"WebPage\",\"@id\":\"https:\/\/latinzona.hu\/index.php\/2023\/04\/07\/boliviaban-egy-ferfi-4-evet-kapott-egy-kutya-kivegzeseert\/#webpage\",\"url\":\"https:\/\/latinzona.hu\/index.php\/2023\/04\/07\/boliviaban-egy-ferfi-4-evet-kapott-egy-kutya-kivegzeseert\/\",\"name\":\"Bol\\u00edvi\\u00e1ban egy f\\u00e9rfi 4 \\u00e9vet kapott egy kutya kiv\\u00e9gz\\u00e9s\\u00e9\\u00e9rt - Latin Z\\u00f3na\",\"isPartOf\":{\"@id\":\"https:\/\/latinzona.hu\/#website\"},\"primaryImageOfPage\":{\"@id\":\"https:\/\/latinzona.hu\/index.php\/2023\/04\/07\/boliviaban-egy-ferfi-4-evet-kapott-egy-kutya-kivegzeseert\/#primaryimage\"},\"datePublished\":\"2023-04-07T17:17:57+00:00\",\"dateModified\":\"2023-04-07T17:17:58+00:00\",\"author\":{\"@id\":\"https:\/\/latinzona.hu\/#\/schema\/person\/de64af94bc35db4973955a05f752bd2d\"},\"description\":\"Bol\\u00edvi\\u00e1ban nemr\\u00e9g 4 \\u00e9v b\\u00f6rt\\u00f6nb\\u00fcntet\\u00e9sre \\u00edt\\u00e9ltek egy f\\u00e9rfit, aki sz\\u00f3 szerint megny\\u00fazott egy kuty\\u00e1t, \\u00fct\\u00f6tte-verte \\u00e9s \\u00f6sszet\\u00f6rte a csontjait.\",\"inLanguage\":\"hu\",\"potentialAction\":[{\"@type\":\"ReadAction\",\"target\":[\"https:\/\/latinzona.hu\/index.php\/2023\/04\/07\/boliviaban-egy-ferfi-4-evet-kapott-egy-kutya-kivegzeseert\/\"]}]},{\"@type\":\"Person\",\"@id\":\"https:\/\/latinzona.hu\/#\/schema\/person\/de64af94bc35db4973955a05f752bd2d\",\"name\":\"Chileno\",\"image\":{\"@type\":\"ImageObject\",\"@id\":\"https:\/\/latinzona.hu\/#personlogo\",\"inLanguage\":\"hu\",\"url\":\"https:\/\/secure.gravatar.com\/avatar\/9a5fe6fe999607c0ed4bfce2f8ed2600?s=96&d=mm&r=g\",\"caption\":\"Chileno\"},\"sameAs\":[\"https:\/\/latinzona.hu\"]}]}<\/script>\n<!-- \/ Yoast SEO plugin. -->","_links":{"self":[{"href":"https:\/\/latinzona.hu\/index.php\/wp-json\/wp\/v2\/posts\/580"}],"collection":[{"href":"https:\/\/latinzona.hu\/index.php\/wp-json\/wp\/v2\/posts"}],"about":[{"href":"https:\/\/latinzona.hu\/index.php\/wp-json\/wp\/v2\/types\/post"}],"author":[{"embeddable":true,"href":"https:\/\/latinzona.hu\/index.php\/wp-json\/wp\/v2\/users\/1"}],"replies":[{"embeddable":true,"href":"https:\/\/latinzona.hu\/index.php\/wp-json\/wp\/v2\/comments?post=580"}],"version-history":[{"count":1,"href":"https:\/\/latinzona.hu\/index.php\/wp-json\/wp\/v2\/posts\/580\/revisions"}],"predecessor-version":[{"id":582,"href":"https:\/\/latinzona.hu\/index.php\/wp-json\/wp\/v2\/posts\/580\/revisions\/582"}],"wp:featuredmedia":[{"embeddable":true,"href":"https:\/\/latinzona.hu\/index.php\/wp-json\/wp\/v2\/media\/581"}],"wp:attachment":[{"href":"https:\/\/latinzona.hu\/index.php\/wp-json\/wp\/v2\/media?parent=580"}],"wp:term":[{"taxonomy":"category","embeddable":true,"href":"https:\/\/latinzona.hu\/index.php\/wp-json\/wp\/v2\/categories?post=580"},{"taxonomy":"post_tag","embeddable":true,"href":"https:\/\/latinzona.hu\/index.php\/wp-json\/wp\/v2\/tags?post=580"}],"curies":[{"name":"wp","href":"https:\/\/api.w.org\/{rel}","templated":true}]}}