{"id":597,"date":"2023-04-23T10:39:37","date_gmt":"2023-04-23T10:39:37","guid":{"rendered":"https:\/\/latinzona.hu\/?p=597"},"modified":"2023-04-23T10:39:38","modified_gmt":"2023-04-23T10:39:38","slug":"del-amerikaiak-festettek-ki-laktanyakat-a-holt-tenger-mellett","status":"publish","type":"post","link":"https:\/\/latinzona.hu\/index.php\/2023\/04\/23\/del-amerikaiak-festettek-ki-laktanyakat-a-holt-tenger-mellett\/","title":{"rendered":"D\u00e9l-amerikaiak festettek ki laktany\u00e1kat a Holt-tenger mellett"},"content":{"rendered":"\n<p>Az \u00e1prilis 22-i F\u00f6ld Napja alkalm\u00e1b\u00f3l egy tucat v\u00e1rosi m\u0171v\u00e9sz, t\u00f6bbs\u00e9g\u00e9ben d\u00e9l-amerikaiak, <strong>a Holt-tenger l\u00e1b\u00e1n\u00e1l l\u00e9v\u0151 elhagyatott laktany\u00e1kat d\u00edsz\u00edtett\u00e9k fel falfestm\u00e9nyeikkel.<\/strong> Ennek c\u00e9lja, hogy felh\u00edvj\u00e1k a figyelmet a k\u00f6rnyezetv\u00e9delem fontoss\u00e1g\u00e1ra \u00e9s a tenger v\u00e9delm\u00e9nek sz\u00fcks\u00e9gess\u00e9g\u00e9re. Ez ut\u00f3bbinak \u00e9vente egy m\u00e9tert cs\u00f6kken a v\u00edzszintje.<\/p>\n\n\n\n<h3>A Holt-tengert az elt\u0171n\u00e9s vesz\u00e9lye fenyegeti<\/h3>\n\n\n\n<p>A legegy\u00e9rtelm\u0171bb \u00fczenet a <a href=\"https:\/\/latinzona.hu\/index.php\/category\/paraguay\/\">paraguayi<\/a> Oz Montaina munk\u00e1ja, akinek falfestm\u00e9nye egy dinamikus t\u00e9rk\u00e9p. <strong>A bolyg\u00f3 legs\u00f3sabb tengere hat\u00e1rainak fokozatos cs\u00f6kken\u00e9s\u00e9t mutatja. Indig\u00f3k\u00e9kkel, ahol m\u00e9g van v\u00edz, \u00e9s a v\u00f6r\u00f6s k\u00fcl\u00f6nb\u00f6z\u0151 \u00e1rnyalataival, ahol kor\u00e1bban tenger volt, most pedig m\u00e1r csak sivatag van<\/strong>. &#8220;Valami olyat akartam csin\u00e1lni, ami felh\u00edvja a figyelmet az itt fen\u00e1ll\u00f3 probl\u00e9m\u00e1ra. Valamit, ami egyetlen pillant\u00e1s ut\u00e1n bemutatja az itt l\u00e9tez\u0151 s\u00falyos k\u00f6rnyezeti probl\u00e9m\u00e1t.&#8221; Ezt mondta a paraguayi m\u0171v\u00e9sz az &#8220;Artists 4 Israel&#8221; szervezet \u00e1ltal a F\u00f6ld Napja alkalm\u00e1b\u00f3l t\u00e1mogatott projektben v\u00e9gzett munk\u00e1j\u00e1r\u00f3l.<\/p>\n\n\n\n<figure class=\"wp-block-image size-large\"><img loading=\"lazy\" width=\"700\" height=\"402\" src=\"https:\/\/latinzona.hu\/wp-content\/uploads\/2023\/04\/holt-tenger.jpeg\" alt=\"\" class=\"wp-image-598\" srcset=\"https:\/\/latinzona.hu\/wp-content\/uploads\/2023\/04\/holt-tenger.jpeg 700w, https:\/\/latinzona.hu\/wp-content\/uploads\/2023\/04\/holt-tenger-300x172.jpeg 300w\" sizes=\"(max-width: 700px) 100vw, 700px\" \/><\/figure>\n\n\n\n<p>A figyelemfelkelt\u00e9s \u00e9rdek\u00e9ben, de az\u00e9rt is, hogy a jelenlegi v\u00e1rosi m\u0171v\u00e9szet legjobbjait hozza el Izraelbe, a szervezet t\u00edz v\u00e1rosi m\u0171v\u00e9szt h\u00edvott meg. Argent\u00edn\u00e1b\u00f3l, Mexik\u00f3b\u00f3l, Puerto Ric\u00f3b\u00f3l, Spanyolorsz\u00e1gb\u00f3l, Portug\u00e1li\u00e1b\u00f3l, Paraguayb\u00f3l, G\u00f6r\u00f6gorsz\u00e1gb\u00f3l, D\u00e9l-Afrik\u00e1b\u00f3l, D\u00e9l-Kore\u00e1b\u00f3l \u00e9s az Egyes\u00fclt \u00c1llamokb\u00f3l h\u00edvtak m\u0171v\u00e9szeket. Arra k\u00e9rt\u00e9k \u0151ket, hogy fess\u00e9k ki egy volt katonai laktanya falait Jord\u00e1ni\u00e1ban, mintegy \u00f6tven \u00e9p\u00fcletet. Ezeket m\u00e9g 1967-ben hagyt\u00e1k el, amikor Izrael a hatnapos h\u00e1bor\u00fa ut\u00e1n elfoglalta eg\u00e9sz Ciszjord\u00e1ni\u00e1t. Bele\u00e9rtve a Holt-tenger \u00e9szaki r\u00e9sz\u00e9t, ahol az izraeliek az izraeli ellen\u0151rz\u00e9s alatt \u00e1ll\u00f3 ter\u00fcleten l\u00e9trehozt\u00e1k a Kalia kibucot.<\/p>\n\n\n\n<p>&#8220;A projekt l\u00e9nyege, hogy felh\u00edvjuk a figyelmet a Holt-tenger helyzet\u00e9re \u00e9s az itt zajl\u00f3 k\u00f6rnyezetroml\u00e1sra. <strong>Rem\u00e9lj\u00fck, hogy arra \u00f6szt\u00f6n\u00f6zz\u00fck az embereket, hogy tegyenek l\u00e9p\u00e9seket az\u00e9rt, hogy helyre\u00e1ll\u00edts\u00e1k a Holt-tenger \u00e9s a k\u00f6rnyez\u0151 sivatag k\u00f6rnyezeti sz\u00e9ps\u00e9g\u00e9t<\/strong>.&#8221; Ezt magyar\u00e1zta Craig Dershowitz, az <a href=\"https:\/\/www.artists4israel.org\/\">Artists 4 Israel<\/a> alap\u00edt\u00f3ja. Ez az egyed\u00fcl\u00e1ll\u00f3 term\u00e9szeti ter\u00fclet, amely a bolyg\u00f3 legm\u00e9lyebben, 450 m\u00e9terrel a tengerszint alatt fekv\u0151 helye, \u00e9vente egy m\u00e9terrel h\u00faz\u00f3dik vissza. Komolyan fenyegeti az elt\u0171n\u00e9s vesz\u00e9lye, mik\u00f6zben a Holt-tengert k\u00f6r\u00fclvev\u0151 t\u00f6bb mint 7000 v\u00edznyel\u0151 miatt a term\u00e9szetes partvonal 98%-a megk\u00f6zel\u00edthetetlen.<\/p>\n","protected":false},"excerpt":{"rendered":"<div class=\"mh-excerpt\"><p>Az \u00e1prilis 22-i F\u00f6ld Napja alkalm\u00e1b\u00f3l egy tucat v\u00e1rosi m\u0171v\u00e9sz, t\u00f6bbs\u00e9g\u00e9ben d\u00e9l-amerikaiak, a Holt-tenger l\u00e1b\u00e1n\u00e1l l\u00e9v\u0151 elhagyatott laktany\u00e1kat d\u00edsz\u00edtett\u00e9k fel falfestm\u00e9nyeikkel. Ennek c\u00e9lja, hogy felh\u00edvj\u00e1k <a class=\"mh-excerpt-more\" href=\"https:\/\/latinzona.hu\/index.php\/2023\/04\/23\/del-amerikaiak-festettek-ki-laktanyakat-a-holt-tenger-mellett\/\" title=\"D\u00e9l-amerikaiak festettek ki laktany\u00e1kat a Holt-tenger mellett\">[&#8230;]<\/a><\/p>\n<\/div>","protected":false},"author":1,"featured_media":599,"comment_status":"open","ping_status":"open","sticky":false,"template":"","format":"standard","meta":[],"categories":[95],"tags":[141,255,254],"yoast_head":"<!-- This site is optimized with the Yoast SEO plugin v15.5 - https:\/\/yoast.com\/wordpress\/plugins\/seo\/ -->\n<title>D\u00e9l-amerikaiak festettek ki laktany\u00e1kat a Holt-tenger mellett - Latin Z\u00f3na<\/title>\n<meta name=\"description\" content=\"A Holt-tenger partjain\u00e1l d\u00e9l-amerikai m\u0171v\u00e9szek dolgoztak egy laktanya falainak kifest\u00e9s\u00e9n, hogy \u00edgy h\u00edvj\u00e1k fel a figyelmet a pusztul\u00e1sra.\" \/>\n<meta name=\"robots\" content=\"index, follow, max-snippet:-1, max-image-preview:large, max-video-preview:-1\" \/>\n<link rel=\"canonical\" href=\"https:\/\/latinzona.hu\/index.php\/2023\/04\/23\/del-amerikaiak-festettek-ki-laktanyakat-a-holt-tenger-mellett\/\" \/>\n<meta property=\"og:locale\" content=\"hu_HU\" \/>\n<meta property=\"og:type\" content=\"article\" \/>\n<meta property=\"og:title\" content=\"D\u00e9l-amerikaiak festettek ki laktany\u00e1kat a Holt-tenger mellett - Latin Z\u00f3na\" \/>\n<meta property=\"og:description\" content=\"A Holt-tenger partjain\u00e1l d\u00e9l-amerikai m\u0171v\u00e9szek dolgoztak egy laktanya falainak kifest\u00e9s\u00e9n, hogy \u00edgy h\u00edvj\u00e1k fel a figyelmet a pusztul\u00e1sra.\" \/>\n<meta property=\"og:url\" content=\"https:\/\/latinzona.hu\/index.php\/2023\/04\/23\/del-amerikaiak-festettek-ki-laktanyakat-a-holt-tenger-mellett\/\" \/>\n<meta property=\"og:site_name\" content=\"Latin Z\u00f3na\" \/>\n<meta property=\"article:published_time\" content=\"2023-04-23T10:39:37+00:00\" \/>\n<meta property=\"article:modified_time\" content=\"2023-04-23T10:39:38+00:00\" \/>\n<meta property=\"og:image\" content=\"https:\/\/latinzona.hu\/wp-content\/uploads\/2023\/04\/holt-tenger2.jpeg\" \/>\n\t<meta property=\"og:image:width\" content=\"700\" \/>\n\t<meta property=\"og:image:height\" content=\"467\" \/>\n<meta name=\"twitter:card\" content=\"summary_large_image\" \/>\n<meta name=\"twitter:label1\" content=\"Becs\u00fclt olvas\u00e1si id\u0151\">\n\t<meta name=\"twitter:data1\" content=\"2 perc\">\n<script type=\"application\/ld+json\" class=\"yoast-schema-graph\">{\"@context\":\"https:\/\/schema.org\",\"@graph\":[{\"@type\":\"WebSite\",\"@id\":\"https:\/\/latinzona.hu\/#website\",\"url\":\"https:\/\/latinzona.hu\/\",\"name\":\"Latin Z\\u00f3na\",\"description\":\"Mi D\\u00e9lre is figyel\\u00fcnk...\",\"potentialAction\":[{\"@type\":\"SearchAction\",\"target\":\"https:\/\/latinzona.hu\/?s={search_term_string}\",\"query-input\":\"required name=search_term_string\"}],\"inLanguage\":\"hu\"},{\"@type\":\"ImageObject\",\"@id\":\"https:\/\/latinzona.hu\/index.php\/2023\/04\/23\/del-amerikaiak-festettek-ki-laktanyakat-a-holt-tenger-mellett\/#primaryimage\",\"inLanguage\":\"hu\",\"url\":\"https:\/\/latinzona.hu\/wp-content\/uploads\/2023\/04\/holt-tenger2.jpeg\",\"width\":700,\"height\":467},{\"@type\":\"WebPage\",\"@id\":\"https:\/\/latinzona.hu\/index.php\/2023\/04\/23\/del-amerikaiak-festettek-ki-laktanyakat-a-holt-tenger-mellett\/#webpage\",\"url\":\"https:\/\/latinzona.hu\/index.php\/2023\/04\/23\/del-amerikaiak-festettek-ki-laktanyakat-a-holt-tenger-mellett\/\",\"name\":\"D\\u00e9l-amerikaiak festettek ki laktany\\u00e1kat a Holt-tenger mellett - Latin Z\\u00f3na\",\"isPartOf\":{\"@id\":\"https:\/\/latinzona.hu\/#website\"},\"primaryImageOfPage\":{\"@id\":\"https:\/\/latinzona.hu\/index.php\/2023\/04\/23\/del-amerikaiak-festettek-ki-laktanyakat-a-holt-tenger-mellett\/#primaryimage\"},\"datePublished\":\"2023-04-23T10:39:37+00:00\",\"dateModified\":\"2023-04-23T10:39:38+00:00\",\"author\":{\"@id\":\"https:\/\/latinzona.hu\/#\/schema\/person\/de64af94bc35db4973955a05f752bd2d\"},\"description\":\"A Holt-tenger partjain\\u00e1l d\\u00e9l-amerikai m\\u0171v\\u00e9szek dolgoztak egy laktanya falainak kifest\\u00e9s\\u00e9n, hogy \\u00edgy h\\u00edvj\\u00e1k fel a figyelmet a pusztul\\u00e1sra.\",\"inLanguage\":\"hu\",\"potentialAction\":[{\"@type\":\"ReadAction\",\"target\":[\"https:\/\/latinzona.hu\/index.php\/2023\/04\/23\/del-amerikaiak-festettek-ki-laktanyakat-a-holt-tenger-mellett\/\"]}]},{\"@type\":\"Person\",\"@id\":\"https:\/\/latinzona.hu\/#\/schema\/person\/de64af94bc35db4973955a05f752bd2d\",\"name\":\"Chileno\",\"image\":{\"@type\":\"ImageObject\",\"@id\":\"https:\/\/latinzona.hu\/#personlogo\",\"inLanguage\":\"hu\",\"url\":\"https:\/\/secure.gravatar.com\/avatar\/9a5fe6fe999607c0ed4bfce2f8ed2600?s=96&d=mm&r=g\",\"caption\":\"Chileno\"},\"sameAs\":[\"https:\/\/latinzona.hu\"]}]}<\/script>\n<!-- \/ Yoast SEO plugin. -->","_links":{"self":[{"href":"https:\/\/latinzona.hu\/index.php\/wp-json\/wp\/v2\/posts\/597"}],"collection":[{"href":"https:\/\/latinzona.hu\/index.php\/wp-json\/wp\/v2\/posts"}],"about":[{"href":"https:\/\/latinzona.hu\/index.php\/wp-json\/wp\/v2\/types\/post"}],"author":[{"embeddable":true,"href":"https:\/\/latinzona.hu\/index.php\/wp-json\/wp\/v2\/users\/1"}],"replies":[{"embeddable":true,"href":"https:\/\/latinzona.hu\/index.php\/wp-json\/wp\/v2\/comments?post=597"}],"version-history":[{"count":1,"href":"https:\/\/latinzona.hu\/index.php\/wp-json\/wp\/v2\/posts\/597\/revisions"}],"predecessor-version":[{"id":600,"href":"https:\/\/latinzona.hu\/index.php\/wp-json\/wp\/v2\/posts\/597\/revisions\/600"}],"wp:featuredmedia":[{"embeddable":true,"href":"https:\/\/latinzona.hu\/index.php\/wp-json\/wp\/v2\/media\/599"}],"wp:attachment":[{"href":"https:\/\/latinzona.hu\/index.php\/wp-json\/wp\/v2\/media?parent=597"}],"wp:term":[{"taxonomy":"category","embeddable":true,"href":"https:\/\/latinzona.hu\/index.php\/wp-json\/wp\/v2\/categories?post=597"},{"taxonomy":"post_tag","embeddable":true,"href":"https:\/\/latinzona.hu\/index.php\/wp-json\/wp\/v2\/tags?post=597"}],"curies":[{"name":"wp","href":"https:\/\/api.w.org\/{rel}","templated":true}]}}