{"id":605,"date":"2023-04-26T18:58:58","date_gmt":"2023-04-26T18:58:58","guid":{"rendered":"https:\/\/latinzona.hu\/?p=605"},"modified":"2023-04-26T18:59:00","modified_gmt":"2023-04-26T18:59:00","slug":"ecuador-terroristak-a-bandatagok","status":"publish","type":"post","link":"https:\/\/latinzona.hu\/index.php\/2023\/04\/26\/ecuador-terroristak-a-bandatagok\/","title":{"rendered":"Ecuador: terrorist\u00e1k a bandatagok"},"content":{"rendered":"\n<p>Ecuadorban a K\u00f6z- \u00e9s \u00c1llambiztons\u00e1gi Tan\u00e1cs (Cosepe) \u00e1prilis 27-\u00e9n \u00fclt \u00f6ssze a Carondelet-palot\u00e1ban, hogy nyolc drogband\u00e1t terroristaszervezetnek nyilv\u00e1n\u00edtson. <strong>Henry Cucal\u00f3n miniszter szerint a v\u00e9grehajt\u00f3 hatalom javasolta Ecuador sz\u00e1m\u00e1ra, hogy az er\u0151szak gerjeszt\u00e9s\u00e9vel v\u00e1dolt drogband\u00e1kat nyilv\u00e1n\u00edts\u00e1k terrorszervezetekk\u00e9<\/strong>. Az egyik <a href=\"https:\/\/www.primicias.ec\/noticias\/en-exclusiva\/terrorismo-bandas-narcotrafico-militares\/\">sajt\u00f3org\u00e1num<\/a> m\u00e1r el\u0151zetesen k\u00f6zz\u00e9tette, hogy mely band\u00e1kat nyilv\u00e1n\u00edtanak terroristacsoportnak:<\/p>\n\n\n\n<p><em>Los Choneros. G\u00e1ngsters. Los Fatales. Los R7. Lagartos. Tiguerones. Lobos. Chone Killers.<\/em><\/p>\n\n\n\n<h3>Ecuador is elindult a katonas\u00e1g bevon\u00e1sa fel\u00e9 a bandatagok elleni harcba<\/h3>\n\n\n\n<p>A nyilatkozattal a <a href=\"https:\/\/latinzona.hu\/index.php\/category\/ecuador\/\">d\u00e9l-amerikai orsz\u00e1g<\/a> korm\u00e1nya utat k\u00edv\u00e1n nyitni az orsz\u00e1got s\u00fajt\u00f3 er\u0151szakhull\u00e1mra \u00e9s bizonytalan v\u00e1ls\u00e1ghelyzetre v\u00e1laszul meghozand\u00f3 tov\u00e1bbi int\u00e9zked\u00e9sek el\u0151tt. <strong>A Cosepe-t \u00e1prilis 16-\u00e1n, vas\u00e1rnap h\u00edvt\u00e1k \u00f6ssze Esmeraldasban, miut\u00e1n hat nappal kor\u00e1bban a v\u00e1ros kik\u00f6t\u0151j\u00e9ben egy drogbanda nagy kaliber\u0171 fegyverekkel kilenc hal\u00e1szt \u00f6lt meg. <\/strong>Az esmeraldasi tal\u00e1lkoz\u00f3t megel\u0151z\u0151 napon azonban Guillermo Lasso eln\u00f6k eg\u00e9szs\u00e9g\u00fcgyi probl\u00e9m\u00e1kkal szembes\u00fclt. H\u00e9t napra k\u00f3rh\u00e1zba kellett sz\u00e1ll\u00edtani a quit\u00f3i katonai k\u00f3rh\u00e1zba. Ezt a helyzetet tet\u00e9zte, hogy \u00e1prilis 13-\u00e1n Diego Ord\u00f3\u00f1ez k\u00f6z- \u00e9s \u00e1llambiztons\u00e1gi miniszter lemondott. Ennek k\u00f6vetkezt\u00e9ben Lass\u00f3nak menet k\u00f6zben kellett \u00fajra \u00f6ssze\u00e1ll\u00edtania a biztons\u00e1gi kabinet egy r\u00e9sz\u00e9t.<\/p>\n\n\n\n<p>V\u00e9g\u00fcl \u00e1prilis 25-\u00e9n Lasso Wagner Bravo nyugalmazott t\u00e1bornokot nevezte ki a biztons\u00e1g\u00e9rt felel\u0151s vezet\u0151nek. Ezzel egyidej\u0171leg l\u00e9trehozta az eln\u00f6ki biztons\u00e1gi tan\u00e1csad\u00f3i posztot. <strong>A posztot Paco Moncayo, aki szint\u00e9n a fegyveres er\u0151k t\u00e1bornoka, vette \u00e1t. Amint Bravo \u00e9s Moncayo kinevez\u00e9se hivataloss\u00e1 v\u00e1lt, 2023. \u00e1prilis 25-\u00e9n a tal\u00e1lkoztak a Lasso-kabinet biztons\u00e1gi test\u00fclet\u00e9nek tisztvisel\u0151i. <\/strong>A tal\u00e1lkoz\u00f3n a hat\u00f3s\u00e1gok el\u0151k\u00e9sz\u00edtett\u00e9k azt, ami a most cs\u00fct\u00f6rt\u00f6ki Cosepe-\u00fcl\u00e9sben tet\u0151z\u00f6tt, amelyen m\u00e1s \u00e1llami funkci\u00f3k hat\u00f3s\u00e1gai, p\u00e9ld\u00e1ul a Nemzetgy\u0171l\u00e9s \u00e9s a F\u0151\u00fcgy\u00e9szs\u00e9g is r\u00e9szt vettek.<\/p>\n\n\n\n<p>Mit tenne lehet\u0151v\u00e9 a nyilatkozat? A k\u00f6z- \u00e9s \u00e1llambiztons\u00e1gr\u00f3l sz\u00f3l\u00f3 t\u00f6rv\u00e9ny szerint a Cosepe javasolhatja a k\u00f6zt\u00e1rsas\u00e1gi eln\u00f6knek beavatkoz\u00e1si int\u00e9zked\u00e9sek elfogad\u00e1s\u00e1t s\u00falyos esetekben vagy a lakoss\u00e1g biztons\u00e1g\u00e1t \u00e9rint\u0151 fenyeget\u00e9sek eset\u00e9n. Ez az egyik f\u0151 jogi \u00e9rv a terroristaszervezett\u00e9 min\u0151s\u00edt\u00e9s mellett. A b\u0171n\u00f6z\u0151i band\u00e1k fegyveres \u00e9s robbant\u00e1sos t\u00e1mad\u00e1sokkal tartj\u00e1k retteg\u00e9sben a lakoss\u00e1got.<\/p>\n\n\n\n<p>A nyilatkozat c\u00e9lja, hogy a fegyveres er\u0151k k\u00f6zvetlen\u00fcl r\u00e9szt vehessenek a b\u0171n\u00f6z\u0151i strukt\u00far\u00e1k elleni k\u00fczdelemben valamint a tagjaik felkutat\u00e1s\u00e1ra \u00e9s elfog\u00e1s\u00e1ra ir\u00e1nyul\u00f3 m\u0171veletekben. <strong>Jelenleg a hadsereg belbiztons\u00e1gi munk\u00e1ja a fegyverek \u00e9s robban\u00f3anyagok ellen\u0151rz\u00e9s\u00e9re korl\u00e1toz\u00f3dik. <\/strong>Azonban egy katonai \u00e9s rend\u0151rtisztekb\u0151l \u00e1ll\u00f3 elit csoport m\u00e1r t\u00f6bb h\u00f3napja tev\u00e9kenykedik Ecuadorban, \u00e9s a band\u00e1k \u00fagynevezett nagy \u00e9rt\u00e9k\u0171 c\u00e9lpontjai ut\u00e1n kutat. A rend\u0151rs\u00e9g az, amelyik Ecuadoron bel\u00fcl kutat a b\u0171n\u00f6z\u0151k ut\u00e1n, m\u00edg a katonas\u00e1g csak a hat\u00e1rokon teszi ugyanezt. Ha a nyilatkozatot j\u00f3v\u00e1hagyj\u00e1k, a katonas\u00e1g az eg\u00e9sz orsz\u00e1gban egy\u00fcttm\u0171k\u00f6dhetne a rend\u0151rs\u00e9ggel.<\/p>\n","protected":false},"excerpt":{"rendered":"<div class=\"mh-excerpt\"><p>Ecuadorban a K\u00f6z- \u00e9s \u00c1llambiztons\u00e1gi Tan\u00e1cs (Cosepe) \u00e1prilis 27-\u00e9n \u00fclt \u00f6ssze a Carondelet-palot\u00e1ban, hogy nyolc drogband\u00e1t terroristaszervezetnek nyilv\u00e1n\u00edtson. Henry Cucal\u00f3n miniszter szerint a v\u00e9grehajt\u00f3 hatalom <a class=\"mh-excerpt-more\" href=\"https:\/\/latinzona.hu\/index.php\/2023\/04\/26\/ecuador-terroristak-a-bandatagok\/\" title=\"Ecuador: terrorist\u00e1k a bandatagok\">[&#8230;]<\/a><\/p>\n<\/div>","protected":false},"author":1,"featured_media":606,"comment_status":"open","ping_status":"open","sticky":false,"template":"","format":"standard","meta":[],"categories":[7],"tags":[258,8,260,259],"yoast_head":"<!-- This site is optimized with the Yoast SEO plugin v15.5 - https:\/\/yoast.com\/wordpress\/plugins\/seo\/ -->\n<title>Ecuador: terrorist\u00e1k a bandatagok - Latin Z\u00f3na<\/title>\n<meta name=\"description\" content=\"Ecuador korm\u00e1nya 8 band\u00e1t terroristaszervezetnek nyilv\u00e1n\u00edtott, azaz a bandatagok terrorist\u00e1knak sz\u00e1m\u00edtanak a hadsereg szem\u00e9ben.\" \/>\n<meta name=\"robots\" content=\"index, follow, max-snippet:-1, max-image-preview:large, max-video-preview:-1\" \/>\n<link rel=\"canonical\" href=\"https:\/\/latinzona.hu\/index.php\/2023\/04\/26\/ecuador-terroristak-a-bandatagok\/\" \/>\n<meta property=\"og:locale\" content=\"hu_HU\" \/>\n<meta property=\"og:type\" content=\"article\" \/>\n<meta property=\"og:title\" content=\"Ecuador: terrorist\u00e1k a bandatagok - Latin Z\u00f3na\" \/>\n<meta property=\"og:description\" content=\"Ecuador korm\u00e1nya 8 band\u00e1t terroristaszervezetnek nyilv\u00e1n\u00edtott, azaz a bandatagok terrorist\u00e1knak sz\u00e1m\u00edtanak a hadsereg szem\u00e9ben.\" \/>\n<meta property=\"og:url\" content=\"https:\/\/latinzona.hu\/index.php\/2023\/04\/26\/ecuador-terroristak-a-bandatagok\/\" \/>\n<meta property=\"og:site_name\" content=\"Latin Z\u00f3na\" \/>\n<meta property=\"article:published_time\" content=\"2023-04-26T18:58:58+00:00\" \/>\n<meta property=\"article:modified_time\" content=\"2023-04-26T18:59:00+00:00\" \/>\n<meta property=\"og:image\" content=\"https:\/\/latinzona.hu\/wp-content\/uploads\/2023\/04\/ecuador.jpg\" \/>\n\t<meta property=\"og:image:width\" content=\"1248\" \/>\n\t<meta property=\"og:image:height\" content=\"698\" \/>\n<meta name=\"twitter:card\" content=\"summary_large_image\" \/>\n<meta name=\"twitter:label1\" content=\"Becs\u00fclt olvas\u00e1si id\u0151\">\n\t<meta name=\"twitter:data1\" content=\"2 perc\">\n<script type=\"application\/ld+json\" class=\"yoast-schema-graph\">{\"@context\":\"https:\/\/schema.org\",\"@graph\":[{\"@type\":\"WebSite\",\"@id\":\"https:\/\/latinzona.hu\/#website\",\"url\":\"https:\/\/latinzona.hu\/\",\"name\":\"Latin Z\\u00f3na\",\"description\":\"Mi D\\u00e9lre is figyel\\u00fcnk...\",\"potentialAction\":[{\"@type\":\"SearchAction\",\"target\":\"https:\/\/latinzona.hu\/?s={search_term_string}\",\"query-input\":\"required name=search_term_string\"}],\"inLanguage\":\"hu\"},{\"@type\":\"ImageObject\",\"@id\":\"https:\/\/latinzona.hu\/index.php\/2023\/04\/26\/ecuador-terroristak-a-bandatagok\/#primaryimage\",\"inLanguage\":\"hu\",\"url\":\"https:\/\/latinzona.hu\/wp-content\/uploads\/2023\/04\/ecuador.jpg\",\"width\":1248,\"height\":698},{\"@type\":\"WebPage\",\"@id\":\"https:\/\/latinzona.hu\/index.php\/2023\/04\/26\/ecuador-terroristak-a-bandatagok\/#webpage\",\"url\":\"https:\/\/latinzona.hu\/index.php\/2023\/04\/26\/ecuador-terroristak-a-bandatagok\/\",\"name\":\"Ecuador: terrorist\\u00e1k a bandatagok - Latin Z\\u00f3na\",\"isPartOf\":{\"@id\":\"https:\/\/latinzona.hu\/#website\"},\"primaryImageOfPage\":{\"@id\":\"https:\/\/latinzona.hu\/index.php\/2023\/04\/26\/ecuador-terroristak-a-bandatagok\/#primaryimage\"},\"datePublished\":\"2023-04-26T18:58:58+00:00\",\"dateModified\":\"2023-04-26T18:59:00+00:00\",\"author\":{\"@id\":\"https:\/\/latinzona.hu\/#\/schema\/person\/de64af94bc35db4973955a05f752bd2d\"},\"description\":\"Ecuador korm\\u00e1nya 8 band\\u00e1t terroristaszervezetnek nyilv\\u00e1n\\u00edtott, azaz a bandatagok terrorist\\u00e1knak sz\\u00e1m\\u00edtanak a hadsereg szem\\u00e9ben.\",\"inLanguage\":\"hu\",\"potentialAction\":[{\"@type\":\"ReadAction\",\"target\":[\"https:\/\/latinzona.hu\/index.php\/2023\/04\/26\/ecuador-terroristak-a-bandatagok\/\"]}]},{\"@type\":\"Person\",\"@id\":\"https:\/\/latinzona.hu\/#\/schema\/person\/de64af94bc35db4973955a05f752bd2d\",\"name\":\"Chileno\",\"image\":{\"@type\":\"ImageObject\",\"@id\":\"https:\/\/latinzona.hu\/#personlogo\",\"inLanguage\":\"hu\",\"url\":\"https:\/\/secure.gravatar.com\/avatar\/9a5fe6fe999607c0ed4bfce2f8ed2600?s=96&d=mm&r=g\",\"caption\":\"Chileno\"},\"sameAs\":[\"https:\/\/latinzona.hu\"]}]}<\/script>\n<!-- \/ Yoast SEO plugin. -->","_links":{"self":[{"href":"https:\/\/latinzona.hu\/index.php\/wp-json\/wp\/v2\/posts\/605"}],"collection":[{"href":"https:\/\/latinzona.hu\/index.php\/wp-json\/wp\/v2\/posts"}],"about":[{"href":"https:\/\/latinzona.hu\/index.php\/wp-json\/wp\/v2\/types\/post"}],"author":[{"embeddable":true,"href":"https:\/\/latinzona.hu\/index.php\/wp-json\/wp\/v2\/users\/1"}],"replies":[{"embeddable":true,"href":"https:\/\/latinzona.hu\/index.php\/wp-json\/wp\/v2\/comments?post=605"}],"version-history":[{"count":1,"href":"https:\/\/latinzona.hu\/index.php\/wp-json\/wp\/v2\/posts\/605\/revisions"}],"predecessor-version":[{"id":607,"href":"https:\/\/latinzona.hu\/index.php\/wp-json\/wp\/v2\/posts\/605\/revisions\/607"}],"wp:featuredmedia":[{"embeddable":true,"href":"https:\/\/latinzona.hu\/index.php\/wp-json\/wp\/v2\/media\/606"}],"wp:attachment":[{"href":"https:\/\/latinzona.hu\/index.php\/wp-json\/wp\/v2\/media?parent=605"}],"wp:term":[{"taxonomy":"category","embeddable":true,"href":"https:\/\/latinzona.hu\/index.php\/wp-json\/wp\/v2\/categories?post=605"},{"taxonomy":"post_tag","embeddable":true,"href":"https:\/\/latinzona.hu\/index.php\/wp-json\/wp\/v2\/tags?post=605"}],"curies":[{"name":"wp","href":"https:\/\/api.w.org\/{rel}","templated":true}]}}