{"id":622,"date":"2023-09-25T20:06:19","date_gmt":"2023-09-25T20:06:19","guid":{"rendered":"https:\/\/latinzona.hu\/?p=622"},"modified":"2023-09-25T20:06:21","modified_gmt":"2023-09-25T20:06:21","slug":"hatalmas-siker-a-brazil-oslakosok-szamara","status":"publish","type":"post","link":"https:\/\/latinzona.hu\/index.php\/2023\/09\/25\/hatalmas-siker-a-brazil-oslakosok-szamara\/","title":{"rendered":"Hatalmas siker a brazil \u0151slakosok sz\u00e1m\u00e1ra"},"content":{"rendered":"\n<p>A brazil legfels\u0151bb b\u00edr\u00f3s\u00e1g <strong>legut\u00f3bbi \u00edt\u00e9let\u00e9vel elutas\u00edtotta azokat a t\u00f6rekv\u00e9seket, amelyek korl\u00e1tozt\u00e1k volna az \u0151slakosok \u0151si f\u00f6ldjeiken rezerv\u00e1tumok l\u00e9trehoz\u00e1s\u00e1ra vonatkoz\u00f3 jogait<\/strong>. A 11 b\u00edr\u00f3b\u00f3l hatan cs\u00fct\u00f6rt\u00f6k\u00f6n \u00fagy d\u00f6nt\u00f6ttek, hogy vissza kell adni a xokleng n\u00e9pnek azt a ter\u00fcletet, ahonnan el\u0171zt\u00e9k \u0151ket. <\/p>\n\n\n\n<p>Az \u00edt\u00e9let precedenst teremt t\u00f6bb sz\u00e1z \u0151slakos f\u00f6ldig\u00e9nyl\u00e9se sz\u00e1m\u00e1ra, \u00e9s v\u00e1rhat\u00f3an sz\u00e9les k\u00f6r\u0171 k\u00f6vetkezm\u00e9nyekkel j\u00e1r majd az \u0151slakosok f\u00f6ldh\u00f6z val\u00f3 jogaira n\u00e9zve. A d\u00f6nt\u00e9st az \u0151slakos csoportok tagjai az orsz\u00e1g minden r\u00e9sz\u00e9b\u0151l \u00fcnnepl\u00e9ssel \u00e9s \u00f6r\u00f6mk\u00f6nnyekkel fogadt\u00e1k.<\/p>\n\n\n\n<h3>A xoklengek gy\u0151zelme gy\u0151zelem mindenkinek<\/h3>\n\n\n\n<p>A xokleng egy k\u00f6r\u00fclbel\u00fcl 2300 f\u0151s \u0151slakos csoport, amely a d\u00e9l-braz\u00edliai Santa Catarina \u00e1llam hegyvid\u00e9k\u00e9n \u00e9l. A xoklengeket a 19. sz\u00e1zad v\u00e9g\u00e9n \u00e9s a 20. sz\u00e1zad elej\u00e9n telepesek \u0171zt\u00e9k el a f\u00f6ldj\u00fckr\u0151l. A 19. sz\u00e1zad v\u00e9g\u00e9n \u00e9s a 20. sz\u00e1zad elej\u00e9n az egyik legbrut\u00e1lisabb &#8220;f\u00f6ldtiszt\u00edt\u00e1s&#8221; \u00e1ldozatai voltak. Az antropol\u00f3gusok dokument\u00e1lt\u00e1k, hogy a xoklengek \u0151si f\u00f6ldjeikr\u0151l val\u00f3 el\u0171z\u00e9s\u00e9re felb\u00e9relt zsoldosok a meg\u00f6ltek f\u00fcl\u00e9t gy\u0171jt\u00f6tt\u00e9k be, hogy jutalmukat ig\u00e9nyelhess\u00e9k.<\/p>\n\n\n\n<figure class=\"wp-block-image size-large\"><img loading=\"lazy\" width=\"1024\" height=\"576\" src=\"https:\/\/latinzona.hu\/wp-content\/uploads\/2023\/09\/xokleng2-1024x576.jpg\" alt=\"\" class=\"wp-image-624\" srcset=\"https:\/\/latinzona.hu\/wp-content\/uploads\/2023\/09\/xokleng2-1024x576.jpg 1024w, https:\/\/latinzona.hu\/wp-content\/uploads\/2023\/09\/xokleng2-300x169.jpg 300w, https:\/\/latinzona.hu\/wp-content\/uploads\/2023\/09\/xokleng2-768x432.jpg 768w, https:\/\/latinzona.hu\/wp-content\/uploads\/2023\/09\/xokleng2-1536x864.jpg 1536w, https:\/\/latinzona.hu\/wp-content\/uploads\/2023\/09\/xokleng2-678x381.jpg 678w, https:\/\/latinzona.hu\/wp-content\/uploads\/2023\/09\/xokleng2.jpg 2048w\" sizes=\"(max-width: 1024px) 100vw, 1024px\" \/><\/figure>\n\n\n\n<p><strong>A xoklengek jelenleg k\u00e9t m\u00e1sik \u0151slakos csoporttal egy\u00fctt \u00e9lnek az Ibirama La-Kl\u00e3n\u0151 ter\u00fclet\u00e9n. A csoportok 1996-ban kapt\u00e1k meg hivatalosan az Ibirama La-Kl\u00e3n\u0151 &#8211; egy 15 000 hekt\u00e1ros (37 000 hekt\u00e1ros) f\u00f6ldter\u00fclet &#8211; jogait<\/strong>. De azzal \u00e9rvelnek, hogy \u0151si f\u00f6ldjeik sokkal nagyobbak voltak, miel\u0151tt er\u0151szakkal el\u0171zt\u00e9k \u0151ket onnan. A f\u00f6ld\u00e9rt folytatott harcuk miatt \u00f6ssze\u00fctk\u00f6z\u00e9sbe ker\u00fcltek a doh\u00e1nytermeszt\u0151kkel \u00e9s f\u00f6ldm\u0171vesekkel. \u0150k azzal \u00e9rvelnek, hogy \u0151k \u00e9vtizedek \u00f3ta dolgoznak a f\u00f6ldeken, \u00e9s nem szabadna \u0151ket el\u00fcld\u00f6zni onnan.<\/p>\n\n\n\n<h3>A konkr\u00e9t \u00fcgy r\u00e9szletei<\/h3>\n\n\n\n<p>Ez a konkr\u00e9t \u00fcgy 2009-re ny\u00falik vissza, amikor a xoklengeket a Santa Catarina K\u00f6rnyezetv\u00e9delmi Int\u00e9zet kilakoltatta egy term\u00e9szetv\u00e9delmi ter\u00fclet r\u00e9sz\u00e9t k\u00e9pez\u0151 f\u00f6ldekr\u0151l. A xoklengek a brazil \u0151slakosok \u00fcgyeit int\u00e9z\u0151 Funai \u00fcgyn\u00f6ks\u00e9g seg\u00edts\u00e9g\u00e9vel fellebbeztek a d\u00f6nt\u00e9s ellen. <strong>A 2013-as fellebbez\u00e9s sor\u00e1n Santa Catarina \u00e1llam hat\u00f3s\u00e1gai a &#8220;marco temporal&#8221; (portug\u00e1lul id\u0151beli keret) n\u00e9ven ismert jogi \u00e9rvvel v\u00e9dt\u00e9k a xoklengek kilakoltat\u00e1s\u00e1t. <\/strong><\/p>\n\n\n\n<p>A &#8220;marco temporal&#8221; h\u00edvei azzal \u00e9rvelnek, hogy ahhoz, hogy az \u0151slakos csoportok jogi ig\u00e9nyt t\u00e1maszthassanak b\u00e1rmilyen f\u00f6ldter\u00fcletre, bizony\u00edtaniuk kell, hogy a brazil alkotm\u00e1ny 1988-as al\u00e1\u00edr\u00e1sakor \u00e9ppen azon a f\u00f6ldter\u00fcleten \u00e9ltek. A b\u00edr\u00f3s\u00e1g a xoklengek ellen d\u00f6nt\u00f6tt, azzal \u00e9rvelve, hogy mivel 1988-ban nem \u00e9ltek ott, nincs joguk a f\u00f6ldekhez.<\/p>\n\n\n\n<p>A xoklengek t\u00e1mogat\u00f3i szerint a d\u00f6nt\u00e9s figyelmen k\u00edv\u00fcl hagyta azt a t\u00e9nyt, hogy \u00e9vtizedekkel kor\u00e1bban er\u0151szakkal t\u00e1vol\u00edtott\u00e1k el \u0151ket, hogy helyet csin\u00e1ljanak a t\u00f6bbnyire n\u00e9met telepeseknek. A xoklengek eg\u00e9szen a Legfels\u0151bb B\u00edr\u00f3s\u00e1gig fellebbeztek. 2019-ben a brazil legfels\u0151bb b\u00edr\u00f3s\u00e1g azt mondta, hogy a Xokleng-\u00fcgy precedenst teremt. <\/p>\n\n\n\n<p><strong>D\u00f6nt\u00e9se t\u00f6bb sz\u00e1z hasonl\u00f3 jogvit\u00e1ra lesz hat\u00e1ssal.<\/strong> Mivel a Legfels\u0151bb B\u00edr\u00f3s\u00e1g gyakorlatilag a &#8220;marco temporal&#8221; ellen <a href=\"https:\/\/www.bbc.com\/news\/world-latin-america-58328604\">d\u00f6nt\u00f6tt,<\/a> minden olyan f\u00f6ldvit\u00e1t, amelyben ezt az \u00e9rvet alkalmazt\u00e1k, meg lehet t\u00e1madni a b\u00edr\u00f3s\u00e1gon. A d\u00f6nt\u00e9st az \u0151slakosok jogainak meger\u0151s\u00edt\u00e9sek\u00e9nt fogj\u00e1k \u00e9rt\u00e9kelni, amelyeket Jair Bolsonaro eln\u00f6ks\u00e9ge idej\u00e9n komoly t\u00e1mad\u00e1sok \u00e9rtek.<\/p>\n\n\n\n<p>Bolsonaro azzal \u00e9rvelt, hogy az \u0151slakosok jogai &#8220;t\u00fal messzire mentek&#8221; Braz\u00edli\u00e1ban. \u00c9s az \u0151slakosok nagyon kevesen nagyon hatalmas f\u00f6ldter\u00fcleteket ellen\u0151riznek, amelyeket szerinte fakitermel\u00e9sre, b\u00e1ny\u00e1szatra vagy mez\u0151gazdas\u00e1gra kellene haszn\u00e1lni. <\/p>\n\n\n\n<p><strong>B\u00e1r Bolsonaro a tavalyi eln\u00f6kv\u00e1laszt\u00e1son alulmaradt baloldali riv\u00e1lis\u00e1val, Luiz In\u00e1cio Lula da Silv\u00e1val szemben, p\u00e1rtja tov\u00e1bbra is befoly\u00e1ssal b\u00edr a politik\u00e1ban<\/strong>. A p\u00e1rt uralja a brazil kongresszus mindk\u00e9t h\u00e1z\u00e1t. \u00c9s k\u00e9pes volt megakad\u00e1lyozni a Lula eln\u00f6k \u00e1ltal javasolt t\u00f6rv\u00e9nyjavaslatokat. Az \u00e9v elej\u00e9n a kongresszus megnyirb\u00e1lta a k\u00f6rnyezetv\u00e9delmi miniszt\u00e9rium \u00e9s a Lula eln\u00f6k \u00e1ltal \u00fajonnan l\u00e9trehozott, <a href=\"https:\/\/latinzona.hu\/index.php\/2023\/04\/30\/lula-ujabb-hat-oslakos-rezervatumot-hozott-letre-braziliaban\/\">az \u0151slakosok \u00fcgyeivel foglalkoz\u00f3 miniszt\u00e9rium<\/a> hat\u00e1sk\u00f6r\u00e9t.<\/p>\n","protected":false},"excerpt":{"rendered":"<div class=\"mh-excerpt\"><p>A brazil legfels\u0151bb b\u00edr\u00f3s\u00e1g legut\u00f3bbi \u00edt\u00e9let\u00e9vel elutas\u00edtotta azokat a t\u00f6rekv\u00e9seket, amelyek korl\u00e1tozt\u00e1k volna az \u0151slakosok \u0151si f\u00f6ldjeiken rezerv\u00e1tumok l\u00e9trehoz\u00e1s\u00e1ra vonatkoz\u00f3 jogait. A 11 b\u00edr\u00f3b\u00f3l hatan <a class=\"mh-excerpt-more\" href=\"https:\/\/latinzona.hu\/index.php\/2023\/09\/25\/hatalmas-siker-a-brazil-oslakosok-szamara\/\" title=\"Hatalmas siker a brazil \u0151slakosok sz\u00e1m\u00e1ra\">[&#8230;]<\/a><\/p>\n<\/div>","protected":false},"author":1,"featured_media":623,"comment_status":"open","ping_status":"open","sticky":false,"template":"","format":"standard","meta":[],"categories":[42],"tags":[45,44,43,268,91,267],"yoast_head":"<!-- This site is optimized with the Yoast SEO plugin v15.5 - https:\/\/yoast.com\/wordpress\/plugins\/seo\/ -->\n<title>Hatalmas siker a brazil \u0151slakosok sz\u00e1m\u00e1ra - Latin Z\u00f3na<\/title>\n<meta name=\"description\" content=\"Hatalmas siker a brazil \u0151slakosok sz\u00e1m\u00e1ra, hogy a brazil legfels\u0151bb b\u00edr\u00f3s\u00e1g az \u0151 javukra d\u00f6nt\u00f6tt egy r\u00e9g\u00f3ta h\u00faz\u00f3d\u00f3 \u00fcgyben.\" \/>\n<meta name=\"robots\" content=\"index, follow, max-snippet:-1, max-image-preview:large, max-video-preview:-1\" \/>\n<link rel=\"canonical\" href=\"https:\/\/latinzona.hu\/index.php\/2023\/09\/25\/hatalmas-siker-a-brazil-oslakosok-szamara\/\" \/>\n<meta property=\"og:locale\" content=\"hu_HU\" \/>\n<meta property=\"og:type\" content=\"article\" \/>\n<meta property=\"og:title\" content=\"Hatalmas siker a brazil \u0151slakosok sz\u00e1m\u00e1ra - Latin Z\u00f3na\" \/>\n<meta property=\"og:description\" content=\"Hatalmas siker a brazil \u0151slakosok sz\u00e1m\u00e1ra, hogy a brazil legfels\u0151bb b\u00edr\u00f3s\u00e1g az \u0151 javukra d\u00f6nt\u00f6tt egy r\u00e9g\u00f3ta h\u00faz\u00f3d\u00f3 \u00fcgyben.\" \/>\n<meta property=\"og:url\" content=\"https:\/\/latinzona.hu\/index.php\/2023\/09\/25\/hatalmas-siker-a-brazil-oslakosok-szamara\/\" \/>\n<meta property=\"og:site_name\" content=\"Latin Z\u00f3na\" \/>\n<meta property=\"article:published_time\" content=\"2023-09-25T20:06:19+00:00\" \/>\n<meta property=\"article:modified_time\" content=\"2023-09-25T20:06:21+00:00\" \/>\n<meta property=\"og:image\" content=\"https:\/\/latinzona.hu\/wp-content\/uploads\/2023\/09\/xokleng.jpg\" \/>\n\t<meta property=\"og:image:width\" content=\"2480\" \/>\n\t<meta property=\"og:image:height\" content=\"1653\" \/>\n<meta name=\"twitter:card\" content=\"summary_large_image\" \/>\n<meta name=\"twitter:label1\" content=\"Becs\u00fclt olvas\u00e1si id\u0151\">\n\t<meta name=\"twitter:data1\" content=\"3 perc\">\n<script type=\"application\/ld+json\" class=\"yoast-schema-graph\">{\"@context\":\"https:\/\/schema.org\",\"@graph\":[{\"@type\":\"WebSite\",\"@id\":\"https:\/\/latinzona.hu\/#website\",\"url\":\"https:\/\/latinzona.hu\/\",\"name\":\"Latin Z\\u00f3na\",\"description\":\"Mi D\\u00e9lre is figyel\\u00fcnk...\",\"potentialAction\":[{\"@type\":\"SearchAction\",\"target\":\"https:\/\/latinzona.hu\/?s={search_term_string}\",\"query-input\":\"required name=search_term_string\"}],\"inLanguage\":\"hu\"},{\"@type\":\"ImageObject\",\"@id\":\"https:\/\/latinzona.hu\/index.php\/2023\/09\/25\/hatalmas-siker-a-brazil-oslakosok-szamara\/#primaryimage\",\"inLanguage\":\"hu\",\"url\":\"https:\/\/latinzona.hu\/wp-content\/uploads\/2023\/09\/xokleng.jpg\",\"width\":2480,\"height\":1653},{\"@type\":\"WebPage\",\"@id\":\"https:\/\/latinzona.hu\/index.php\/2023\/09\/25\/hatalmas-siker-a-brazil-oslakosok-szamara\/#webpage\",\"url\":\"https:\/\/latinzona.hu\/index.php\/2023\/09\/25\/hatalmas-siker-a-brazil-oslakosok-szamara\/\",\"name\":\"Hatalmas siker a brazil \\u0151slakosok sz\\u00e1m\\u00e1ra - Latin Z\\u00f3na\",\"isPartOf\":{\"@id\":\"https:\/\/latinzona.hu\/#website\"},\"primaryImageOfPage\":{\"@id\":\"https:\/\/latinzona.hu\/index.php\/2023\/09\/25\/hatalmas-siker-a-brazil-oslakosok-szamara\/#primaryimage\"},\"datePublished\":\"2023-09-25T20:06:19+00:00\",\"dateModified\":\"2023-09-25T20:06:21+00:00\",\"author\":{\"@id\":\"https:\/\/latinzona.hu\/#\/schema\/person\/de64af94bc35db4973955a05f752bd2d\"},\"description\":\"Hatalmas siker a brazil \\u0151slakosok sz\\u00e1m\\u00e1ra, hogy a brazil legfels\\u0151bb b\\u00edr\\u00f3s\\u00e1g az \\u0151 javukra d\\u00f6nt\\u00f6tt egy r\\u00e9g\\u00f3ta h\\u00faz\\u00f3d\\u00f3 \\u00fcgyben.\",\"inLanguage\":\"hu\",\"potentialAction\":[{\"@type\":\"ReadAction\",\"target\":[\"https:\/\/latinzona.hu\/index.php\/2023\/09\/25\/hatalmas-siker-a-brazil-oslakosok-szamara\/\"]}]},{\"@type\":\"Person\",\"@id\":\"https:\/\/latinzona.hu\/#\/schema\/person\/de64af94bc35db4973955a05f752bd2d\",\"name\":\"Chileno\",\"image\":{\"@type\":\"ImageObject\",\"@id\":\"https:\/\/latinzona.hu\/#personlogo\",\"inLanguage\":\"hu\",\"url\":\"https:\/\/secure.gravatar.com\/avatar\/9a5fe6fe999607c0ed4bfce2f8ed2600?s=96&d=mm&r=g\",\"caption\":\"Chileno\"},\"sameAs\":[\"https:\/\/latinzona.hu\"]}]}<\/script>\n<!-- \/ Yoast SEO plugin. -->","_links":{"self":[{"href":"https:\/\/latinzona.hu\/index.php\/wp-json\/wp\/v2\/posts\/622"}],"collection":[{"href":"https:\/\/latinzona.hu\/index.php\/wp-json\/wp\/v2\/posts"}],"about":[{"href":"https:\/\/latinzona.hu\/index.php\/wp-json\/wp\/v2\/types\/post"}],"author":[{"embeddable":true,"href":"https:\/\/latinzona.hu\/index.php\/wp-json\/wp\/v2\/users\/1"}],"replies":[{"embeddable":true,"href":"https:\/\/latinzona.hu\/index.php\/wp-json\/wp\/v2\/comments?post=622"}],"version-history":[{"count":1,"href":"https:\/\/latinzona.hu\/index.php\/wp-json\/wp\/v2\/posts\/622\/revisions"}],"predecessor-version":[{"id":625,"href":"https:\/\/latinzona.hu\/index.php\/wp-json\/wp\/v2\/posts\/622\/revisions\/625"}],"wp:featuredmedia":[{"embeddable":true,"href":"https:\/\/latinzona.hu\/index.php\/wp-json\/wp\/v2\/media\/623"}],"wp:attachment":[{"href":"https:\/\/latinzona.hu\/index.php\/wp-json\/wp\/v2\/media?parent=622"}],"wp:term":[{"taxonomy":"category","embeddable":true,"href":"https:\/\/latinzona.hu\/index.php\/wp-json\/wp\/v2\/categories?post=622"},{"taxonomy":"post_tag","embeddable":true,"href":"https:\/\/latinzona.hu\/index.php\/wp-json\/wp\/v2\/tags?post=622"}],"curies":[{"name":"wp","href":"https:\/\/api.w.org\/{rel}","templated":true}]}}