{"id":678,"date":"2024-07-27T18:58:14","date_gmt":"2024-07-27T18:58:14","guid":{"rendered":"https:\/\/latinzona.hu\/?p=678"},"modified":"2024-07-27T18:58:15","modified_gmt":"2024-07-27T18:58:15","slug":"a-vilag-legritkabb-ragcsaloja-egy-isten-hata-mogotti-helyen-el","status":"publish","type":"post","link":"https:\/\/latinzona.hu\/index.php\/2024\/07\/27\/a-vilag-legritkabb-ragcsaloja-egy-isten-hata-mogotti-helyen-el\/","title":{"rendered":"A vil\u00e1g legritk\u00e1bb r\u00e1gcs\u00e1l\u00f3ja egy Isten h\u00e1ta m\u00f6g\u00f6tti helyen \u00e9l"},"content":{"rendered":"\n<p>A Santa Catarina-sziget egy sziget <a href=\"https:\/\/latinzona.hu\/index.php\/category\/brazilia\/\">Braz\u00edli\u00e1ban<\/a>, Santa Catarina \u00e1llamban, a part ment\u00e9n. Itt tal\u00e1lhat\u00f3 az \u00e1llam f\u0151v\u00e1rosa, Florianopolis is. \u00c9rdekess\u00e9g, hogy Santa Catarina \u00e1llam ter\u00fclete nagyj\u00e1b\u00f3l pont akkora, mint Magyarorsz\u00e1g\u00e9 \u00e9s ez az \u00e1llam a legink\u00e1bb hegyes a brazil \u00e1llamok k\u00f6z\u00f6tt. <strong>A Santa Catarina-szigett\u0151l d\u00e9lre tal\u00e1lhat\u00f3 egy apr\u00f3cska szigetcsoport, a Moleques do Sul. Ennek a szigetcsoportnak van egy alig 10 hekt\u00e1ros szigete, amelyen a boz\u00f3tok mellett egy vil\u00e1grekorder \u00e9l\u0151l\u00e9nynek is otthont ad. <\/strong>\u0150 a Santa Catarina-i tengerimalac.<\/p>\n\n\n\n<figure class=\"wp-block-gallery columns-1 is-cropped\"><ul class=\"blocks-gallery-grid\"><li class=\"blocks-gallery-item\"><figure><img loading=\"lazy\" width=\"1024\" height=\"523\" src=\"https:\/\/latinzona.hu\/wp-content\/uploads\/2024\/07\/moleques-do-sol-1024x523.png\" alt=\"\" data-id=\"679\" data-full-url=\"https:\/\/latinzona.hu\/wp-content\/uploads\/2024\/07\/moleques-do-sol.png\" data-link=\"https:\/\/latinzona.hu\/?attachment_id=679\" class=\"wp-image-679\" srcset=\"https:\/\/latinzona.hu\/wp-content\/uploads\/2024\/07\/moleques-do-sol-1024x523.png 1024w, https:\/\/latinzona.hu\/wp-content\/uploads\/2024\/07\/moleques-do-sol-300x153.png 300w, https:\/\/latinzona.hu\/wp-content\/uploads\/2024\/07\/moleques-do-sol-768x392.png 768w, https:\/\/latinzona.hu\/wp-content\/uploads\/2024\/07\/moleques-do-sol.png 1157w\" sizes=\"(max-width: 1024px) 100vw, 1024px\" \/><\/figure><\/li><\/ul><\/figure>\n\n\n\n<h2>A vil\u00e1g legritk\u00e1bb r\u00e1gcs\u00e1l\u00f3ja<\/h2>\n\n\n\n<p>Ezen a kis szigeten \u00e9l ugyanis a Santa Catarina-i tengerimalac (Cavia intermedia), amely az ismert eml\u0151s\u00f6k k\u00f6z\u00fcl az, amelyiknek a legkisebb kiterjed\u00e9s\u0171 ter\u00fcleten \u00e9l az \u00f6sszes p\u00e9ld\u00e1nya. A maroknyi kis \u00e1llat m\u00e1r \u00e9vezredek \u00f3ta itt \u00e9l a kutat\u00f3k szerint. <strong>A legval\u00f3sz\u00edn\u0171bbnek azt tartj\u00e1k, hogy a Santa Catarina-i tengerimalac egy m\u00e1sik tengerimalac, a C. magna lesz\u00e1rmazottja, amely a k\u00f6zeli Santa Catarina-sziget partvid\u00e9ki r\u00e9sz\u00e9n \u00e9lt.<\/strong> A tengerimalacok val\u00f3sz\u00edn\u0171leg akkor szigetel\u0151dtek el Moleques do Sul szigetcsoportj\u00e1n, amikor az emelked\u0151 tengerszint mintegy 8000 \u00e9vvel ezel\u0151tt kialak\u00edtotta a szigeteket. \u00c9s az\u00f3ta viszonylag kev\u00e9s v\u00e1ltoz\u00e1s t\u00f6rt\u00e9nt.<\/p>\n\n\n\n<figure class=\"wp-block-gallery columns-1 is-cropped\"><ul class=\"blocks-gallery-grid\"><li class=\"blocks-gallery-item\"><figure><img loading=\"lazy\" width=\"935\" height=\"693\" src=\"https:\/\/latinzona.hu\/wp-content\/uploads\/2024\/07\/santa-catarina-2.png\" alt=\"\" data-id=\"681\" data-full-url=\"https:\/\/latinzona.hu\/wp-content\/uploads\/2024\/07\/santa-catarina-2.png\" data-link=\"https:\/\/latinzona.hu\/?attachment_id=681\" class=\"wp-image-681\" srcset=\"https:\/\/latinzona.hu\/wp-content\/uploads\/2024\/07\/santa-catarina-2.png 935w, https:\/\/latinzona.hu\/wp-content\/uploads\/2024\/07\/santa-catarina-2-300x222.png 300w, https:\/\/latinzona.hu\/wp-content\/uploads\/2024\/07\/santa-catarina-2-768x569.png 768w, https:\/\/latinzona.hu\/wp-content\/uploads\/2024\/07\/santa-catarina-2-80x60.png 80w\" sizes=\"(max-width: 935px) 100vw, 935px\" \/><\/figure><\/li><\/ul><\/figure>\n\n\n\n<p> A szigeten nincsenek jelent\u0151s ragadoz\u00f3k, versenyt\u00e1rsak vagy ak\u00e1r emberek, \u00e9s a n\u00f6v\u00e9nyev\u0151 \u00e1llatok el\u00e9rhet\u0151 t\u00e1pl\u00e1l\u00e9kk\u00edn\u00e1lata b\u0151s\u00e9ges. Sz\u00f3val sok szomor\u00fa t\u00f6rt\u00e9nettel ellent\u00e9tben ez egy pozit\u00edv forgat\u00f3k\u00f6nyv. Az id\u0151k sor\u00e1n azt\u00e1n a faj jellemz\u0151it \u00e9s tulajdons\u00e1gait az \u00fan. \u201esziget-szindr\u00f3ma\u201d form\u00e1lta. A Santa Catarina-i tengerimalacok t\u00fal\u00e9l\u00e9si ar\u00e1nya magas, lak\u00f3ter\u00fclete kicsi, szaporod\u00e1si folyamata pedig lass\u00fa a hasonl\u00f3 kontinent\u00e1lis fajok\u00e9hoz k\u00e9pest. K\u00f6vetkez\u00e9sk\u00e9ppen popul\u00e1ci\u00f3juk kis l\u00e9tsz\u00e1m\u00fa; a 2004-2005-ben v\u00e9gzett felm\u00e9r\u00e9sek szerint a szigetet kevesebb mint 50 egyed lakja. <strong>Ez ami a tengerimalacokat a Term\u00e9szetv\u00e9delmi Vil\u00e1gsz\u00f6vets\u00e9g, az IUCN v\u00f6r\u00f6s list\u00e1j\u00e1n a kritikusan vesz\u00e9lyeztetett st\u00e1tuszba sorolja<\/strong>. Az IUCN k\u00e9s\u0151bb felvette \u0151ket a F\u00f6ld <a href=\"https:\/\/www.iucnredlist.org\/species\/136520\/22189125\">100 legvesz\u00e9lyeztetettebb faj\u00e1nak list\u00e1j\u00e1ra<\/a> is \u0151ket.<\/p>\n\n\n\n<h3>A Santa Catarina-i tengerimalac legnagyobb probl\u00e9m\u00e1ja<\/h3>\n\n\n\n<p>Kis l\u00e9tsz\u00e1muk ellen\u00e9re a Santa Catarina-i tengerimalacok popul\u00e1ci\u00f3ja val\u00f3j\u00e1ban stabilnak tekinthet\u0151. Nagyon val\u00f3sz\u00edn\u0171, hogy az egyedsz\u00e1muk \u00e9vsz\u00e1zadok \u00f3ta v\u00e1ltozatlan. Egy ilyen kis popul\u00e1ci\u00f3 azonban rendk\u00edv\u00fcl \u00e9rz\u00e9keny a v\u00e9letlen esem\u00e9nyekre, amelyek kritikus hat\u00e1ssal lehetnek a fajra. A szigetlak\u00f3 r\u00e1gcs\u00e1l\u00f3popul\u00e1ci\u00f3k a m\u00faltban m\u00e1r estek \u00e1ldozatuk k\u00f3rokoz\u00f3k behurcol\u00e1s\u00e1nak vagy a tengerszint emelked\u00e9s\u00e9nek. <strong>A tengerimalacok sz\u00e1m\u00e1ra tov\u00e1bbi vesz\u00e9lyt jelentenek a t\u00fczek, az orvvad\u00e1szat \u00e9s az id\u0151nk\u00e9nt megjelen\u0151 emberek is. A szigetre n\u00e9ha hal\u00e1szok k\u00f6tnek ki illeg\u00e1lisan, akik ak\u00e1r ott is \u00e9jszak\u00e1znak. <\/strong>A Santa Catarina-i tengerimalacokat \u00e9vtizedeken alig ismert\u00e9k \u00e9s tanulm\u00e1nyozt\u00e1k. Csak n\u00e9h\u00e1ny \u00e9vtizeddel ezel\u0151tt fedezt\u00e9k fel egy\u00e1ltal\u00e1n \u0151ket, \u00e9s az\u00f3ta a szigetcsoport korl\u00e1tozott megk\u00f6zel\u00edthet\u0151s\u00e9ge miatt neh\u00e9zkes a megfigyel\u00e9s\u00fck. Van egy kutat\u00f3, aki azonban elk\u00f6telezett e faj v\u00e9delme mellett. <\/p>\n\n\n\n<figure class=\"wp-block-gallery columns-1 is-cropped\"><ul class=\"blocks-gallery-grid\"><li class=\"blocks-gallery-item\"><figure><img loading=\"lazy\" width=\"926\" height=\"698\" src=\"https:\/\/latinzona.hu\/wp-content\/uploads\/2024\/07\/santa-catarina-3.png\" alt=\"\" data-id=\"682\" data-full-url=\"https:\/\/latinzona.hu\/wp-content\/uploads\/2024\/07\/santa-catarina-3.png\" data-link=\"https:\/\/latinzona.hu\/?attachment_id=682\" class=\"wp-image-682\" srcset=\"https:\/\/latinzona.hu\/wp-content\/uploads\/2024\/07\/santa-catarina-3.png 926w, https:\/\/latinzona.hu\/wp-content\/uploads\/2024\/07\/santa-catarina-3-300x226.png 300w, https:\/\/latinzona.hu\/wp-content\/uploads\/2024\/07\/santa-catarina-3-768x579.png 768w, https:\/\/latinzona.hu\/wp-content\/uploads\/2024\/07\/santa-catarina-3-326x245.png 326w, https:\/\/latinzona.hu\/wp-content\/uploads\/2024\/07\/santa-catarina-3-80x60.png 80w\" sizes=\"(max-width: 926px) 100vw, 926px\" \/><\/figure><\/li><\/ul><\/figure>\n\n\n\n<p>Dr. Carlos Henrique Salvador brazil biol\u00f3gusr\u00f3l van sz\u00f3. \u0150 vezette a tengerimalacok felm\u00e9r\u00e9s\u00e9re ir\u00e1nyul\u00f3 els\u0151 projektet 2004-2005-ben. Az\u00f3ta pedig a jelenlegi popul\u00e1ci\u00f3 megfigyel\u00e9s\u00e9n dolgozik egy kamerah\u00e1l\u00f3zat seg\u00edts\u00e9g\u00e9vel, amelyet a Greensboro Science Center (GSC) t\u00e1mogat\u00e1s\u00e1b\u00f3l finansz\u00edroztak. A kamerah\u00e1l\u00f3zattal igaz\u00e1b\u00f3l a faj \u00e1ltal\u00e1nos megfigyel\u00e9se a c\u00e9l, illetve az illeg\u00e1lis emberi jelenl\u00e9t nyomonk\u00f6vet\u00e9se \u00e9s esetleges elriaszt\u00e1sa. Mert ez ut\u00f3bbi jelenti a legnagyobb vesz\u00e9lyt erre a p\u00e1r kis tengerimalacra. Carlos \u00e9s csapata m\u00e1r ki is dolgozott egy v\u00e9delmi tervet.<\/p>\n","protected":false},"excerpt":{"rendered":"<div class=\"mh-excerpt\"><p>A Santa Catarina-sziget egy sziget Braz\u00edli\u00e1ban, Santa Catarina \u00e1llamban, a part ment\u00e9n. Itt tal\u00e1lhat\u00f3 az \u00e1llam f\u0151v\u00e1rosa, Florianopolis is. \u00c9rdekess\u00e9g, hogy Santa Catarina \u00e1llam ter\u00fclete <a class=\"mh-excerpt-more\" href=\"https:\/\/latinzona.hu\/index.php\/2024\/07\/27\/a-vilag-legritkabb-ragcsaloja-egy-isten-hata-mogotti-helyen-el\/\" title=\"A vil\u00e1g legritk\u00e1bb r\u00e1gcs\u00e1l\u00f3ja egy Isten h\u00e1ta m\u00f6g\u00f6tti helyen \u00e9l\">[&#8230;]<\/a><\/p>\n<\/div>","protected":false},"author":1,"featured_media":680,"comment_status":"open","ping_status":"open","sticky":false,"template":"","format":"standard","meta":[],"categories":[42],"tags":[104,43],"yoast_head":"<!-- This site is optimized with the Yoast SEO plugin v15.5 - https:\/\/yoast.com\/wordpress\/plugins\/seo\/ -->\n<title>A vil\u00e1g legritk\u00e1bb r\u00e1gcs\u00e1l\u00f3ja egy Isten h\u00e1ta m\u00f6g\u00f6tti helyen \u00e9l - Latin Z\u00f3na<\/title>\n<meta name=\"description\" content=\"A Santa Catarina-i tengerimalac a vil\u00e1g legritk\u00e1bb r\u00e1gcs\u00e1l\u00f3ja, de emellett van m\u00e9g egy m\u00e1sik, k\u00fcl\u00f6nleges jellemz\u0151je is.\" \/>\n<meta name=\"robots\" content=\"index, follow, max-snippet:-1, max-image-preview:large, max-video-preview:-1\" \/>\n<link rel=\"canonical\" href=\"https:\/\/latinzona.hu\/index.php\/2024\/07\/27\/a-vilag-legritkabb-ragcsaloja-egy-isten-hata-mogotti-helyen-el\/\" \/>\n<meta property=\"og:locale\" content=\"hu_HU\" \/>\n<meta property=\"og:type\" content=\"article\" \/>\n<meta property=\"og:title\" content=\"A vil\u00e1g legritk\u00e1bb r\u00e1gcs\u00e1l\u00f3ja egy Isten h\u00e1ta m\u00f6g\u00f6tti helyen \u00e9l - Latin Z\u00f3na\" \/>\n<meta property=\"og:description\" content=\"A Santa Catarina-i tengerimalac a vil\u00e1g legritk\u00e1bb r\u00e1gcs\u00e1l\u00f3ja, de emellett van m\u00e9g egy m\u00e1sik, k\u00fcl\u00f6nleges jellemz\u0151je is.\" \/>\n<meta property=\"og:url\" content=\"https:\/\/latinzona.hu\/index.php\/2024\/07\/27\/a-vilag-legritkabb-ragcsaloja-egy-isten-hata-mogotti-helyen-el\/\" \/>\n<meta property=\"og:site_name\" content=\"Latin Z\u00f3na\" \/>\n<meta property=\"article:published_time\" content=\"2024-07-27T18:58:14+00:00\" \/>\n<meta property=\"article:modified_time\" content=\"2024-07-27T18:58:15+00:00\" \/>\n<meta property=\"og:image\" content=\"https:\/\/latinzona.hu\/wp-content\/uploads\/2024\/07\/santa-catarina.png\" \/>\n\t<meta property=\"og:image:width\" content=\"920\" \/>\n\t<meta property=\"og:image:height\" content=\"692\" \/>\n<meta name=\"twitter:card\" content=\"summary_large_image\" \/>\n<meta name=\"twitter:label1\" content=\"Becs\u00fclt olvas\u00e1si id\u0151\">\n\t<meta name=\"twitter:data1\" content=\"3 perc\">\n<script type=\"application\/ld+json\" class=\"yoast-schema-graph\">{\"@context\":\"https:\/\/schema.org\",\"@graph\":[{\"@type\":\"WebSite\",\"@id\":\"https:\/\/latinzona.hu\/#website\",\"url\":\"https:\/\/latinzona.hu\/\",\"name\":\"Latin Z\\u00f3na\",\"description\":\"Mi D\\u00e9lre is figyel\\u00fcnk...\",\"potentialAction\":[{\"@type\":\"SearchAction\",\"target\":\"https:\/\/latinzona.hu\/?s={search_term_string}\",\"query-input\":\"required name=search_term_string\"}],\"inLanguage\":\"hu\"},{\"@type\":\"ImageObject\",\"@id\":\"https:\/\/latinzona.hu\/index.php\/2024\/07\/27\/a-vilag-legritkabb-ragcsaloja-egy-isten-hata-mogotti-helyen-el\/#primaryimage\",\"inLanguage\":\"hu\",\"url\":\"https:\/\/latinzona.hu\/wp-content\/uploads\/2024\/07\/santa-catarina.png\",\"width\":920,\"height\":692},{\"@type\":\"WebPage\",\"@id\":\"https:\/\/latinzona.hu\/index.php\/2024\/07\/27\/a-vilag-legritkabb-ragcsaloja-egy-isten-hata-mogotti-helyen-el\/#webpage\",\"url\":\"https:\/\/latinzona.hu\/index.php\/2024\/07\/27\/a-vilag-legritkabb-ragcsaloja-egy-isten-hata-mogotti-helyen-el\/\",\"name\":\"A vil\\u00e1g legritk\\u00e1bb r\\u00e1gcs\\u00e1l\\u00f3ja egy Isten h\\u00e1ta m\\u00f6g\\u00f6tti helyen \\u00e9l - Latin Z\\u00f3na\",\"isPartOf\":{\"@id\":\"https:\/\/latinzona.hu\/#website\"},\"primaryImageOfPage\":{\"@id\":\"https:\/\/latinzona.hu\/index.php\/2024\/07\/27\/a-vilag-legritkabb-ragcsaloja-egy-isten-hata-mogotti-helyen-el\/#primaryimage\"},\"datePublished\":\"2024-07-27T18:58:14+00:00\",\"dateModified\":\"2024-07-27T18:58:15+00:00\",\"author\":{\"@id\":\"https:\/\/latinzona.hu\/#\/schema\/person\/de64af94bc35db4973955a05f752bd2d\"},\"description\":\"A Santa Catarina-i tengerimalac a vil\\u00e1g legritk\\u00e1bb r\\u00e1gcs\\u00e1l\\u00f3ja, de emellett van m\\u00e9g egy m\\u00e1sik, k\\u00fcl\\u00f6nleges jellemz\\u0151je is.\",\"inLanguage\":\"hu\",\"potentialAction\":[{\"@type\":\"ReadAction\",\"target\":[\"https:\/\/latinzona.hu\/index.php\/2024\/07\/27\/a-vilag-legritkabb-ragcsaloja-egy-isten-hata-mogotti-helyen-el\/\"]}]},{\"@type\":\"Person\",\"@id\":\"https:\/\/latinzona.hu\/#\/schema\/person\/de64af94bc35db4973955a05f752bd2d\",\"name\":\"Chileno\",\"image\":{\"@type\":\"ImageObject\",\"@id\":\"https:\/\/latinzona.hu\/#personlogo\",\"inLanguage\":\"hu\",\"url\":\"https:\/\/secure.gravatar.com\/avatar\/9a5fe6fe999607c0ed4bfce2f8ed2600?s=96&d=mm&r=g\",\"caption\":\"Chileno\"},\"sameAs\":[\"https:\/\/latinzona.hu\"]}]}<\/script>\n<!-- \/ Yoast SEO plugin. -->","_links":{"self":[{"href":"https:\/\/latinzona.hu\/index.php\/wp-json\/wp\/v2\/posts\/678"}],"collection":[{"href":"https:\/\/latinzona.hu\/index.php\/wp-json\/wp\/v2\/posts"}],"about":[{"href":"https:\/\/latinzona.hu\/index.php\/wp-json\/wp\/v2\/types\/post"}],"author":[{"embeddable":true,"href":"https:\/\/latinzona.hu\/index.php\/wp-json\/wp\/v2\/users\/1"}],"replies":[{"embeddable":true,"href":"https:\/\/latinzona.hu\/index.php\/wp-json\/wp\/v2\/comments?post=678"}],"version-history":[{"count":2,"href":"https:\/\/latinzona.hu\/index.php\/wp-json\/wp\/v2\/posts\/678\/revisions"}],"predecessor-version":[{"id":684,"href":"https:\/\/latinzona.hu\/index.php\/wp-json\/wp\/v2\/posts\/678\/revisions\/684"}],"wp:featuredmedia":[{"embeddable":true,"href":"https:\/\/latinzona.hu\/index.php\/wp-json\/wp\/v2\/media\/680"}],"wp:attachment":[{"href":"https:\/\/latinzona.hu\/index.php\/wp-json\/wp\/v2\/media?parent=678"}],"wp:term":[{"taxonomy":"category","embeddable":true,"href":"https:\/\/latinzona.hu\/index.php\/wp-json\/wp\/v2\/categories?post=678"},{"taxonomy":"post_tag","embeddable":true,"href":"https:\/\/latinzona.hu\/index.php\/wp-json\/wp\/v2\/tags?post=678"}],"curies":[{"name":"wp","href":"https:\/\/api.w.org\/{rel}","templated":true}]}}