{"id":696,"date":"2024-07-30T18:58:49","date_gmt":"2024-07-30T18:58:49","guid":{"rendered":"https:\/\/latinzona.hu\/?p=696"},"modified":"2024-07-30T18:58:50","modified_gmt":"2024-07-30T18:58:50","slug":"a-venezuelai-elnokvalasztas-lehetseges-kovetkezmenyei","status":"publish","type":"post","link":"https:\/\/latinzona.hu\/index.php\/2024\/07\/30\/a-venezuelai-elnokvalasztas-lehetseges-kovetkezmenyei\/","title":{"rendered":"Lehets\u00e9ges k\u00f6vetkezm\u00e9nyei a venezuelai eln\u00f6kv\u00e1laszt\u00e1snak"},"content":{"rendered":"\n<p>A vil\u00e1g legnagyobb olajtartal\u00e9k\u00e1val rendelkez\u0151 <a href=\"https:\/\/latinzona.hu\/index.php\/category\/venezuela\/\">Venezuel\u00e1ban<\/a> eln\u00f6kv\u00e1laszt\u00e1st tartottak h\u00e9tv\u00e9g\u00e9n a k\u00f6vetkez\u0151 hat \u00e9vre. Az volt a k\u00e9rd\u00e9s, hogy a 2013 \u00f3ta hatalmon l\u00e9v\u0151 Nicol\u00e1s Maduro eln\u00f6k marad-e a k\u00f6vetkez\u0151 id\u0151szakban is. <strong>A Nemzeti V\u00e1laszt\u00e1si Tan\u00e1cs (CNE) szerint Nicol\u00e1s Maduro 51,20%-kal nyert, az ellenz\u00e9ki Edmundo Gonz\u00e1lez pedig 44,2%-kal a m\u00e1sodik helyen v\u00e9gzett.<\/strong> Egy nappal k\u00e9s\u0151bb Mar\u00eda Corina Machado venezuelai ellenz\u00e9ki vezet\u0151 hat\u00e1rozottan kijelentette, hogy a venezuelai ellenz\u00e9kb\u0151l senki sem ismeri el Maduro gy\u0151zelm\u00e9t az eln\u00f6kv\u00e1laszt\u00e1son. Azt is elmondta, hogy csal\u00e1s t\u00f6rt\u00e9nt, \u00e9s hogy a megv\u00e1lasztott eln\u00f6k val\u00f3j\u00e1ban Gonz\u00e1lez. Az \u00e1tl\u00e1that\u00f3s\u00e1g hi\u00e1nya t\u00e9nyleg k\u00e9ts\u00e9geket kelt sokakban. T\u00f6bb m\u00e1s vezet\u0151 mellett Chile eln\u00f6ke, Gabriel Boric eln\u00f6k is megk\u00e9rd\u0151jelezte az eredm\u00e9nyeket. Mi t\u00f6rt\u00e9nhet most? A BBC World h\u00e1rom lehets\u00e9ges forgat\u00f3k\u00f6nyvet elemzett, ami Venezuel\u00e1ban t\u00f6rt\u00e9nhet a chavizmus \u00e9s Nicol\u00e1s Maduro k\u00e9ts\u00e9gbe vont gy\u0151zelme ut\u00e1n.<\/p>\n\n\n\n<h3>Folyamatos t\u00fcntet\u00e9sek \u00e9s sztr\u00e1jkok az eln\u00f6kv\u00e1laszt\u00e1son el\u00e9rt eredm\u00e9nyek ut\u00e1n<\/h3>\n\n\n\n<p>Mar\u00eda Corina Machado ellenz\u00e9ki vezet\u0151 biztos\u00edtott arr\u00f3l mindenkit, hogy \u201ea v\u00e9gs\u0151kig\u201d harcolni fognak az\u00e9rt, hogy kider\u00fclj\u00f6n, mi t\u00f6rt\u00e9nt j\u00falius 28-\u00e1n a venezuelai v\u00e1laszt\u00e1sokon. <strong>A k\u00f6zv\u00e9lem\u00e9ny-kutat\u00e1sok Edmundo Gonz\u00e1lezt j\u00f3solt\u00e1k gy\u0151ztesnek. De az eredm\u00e9nyek m\u00e1sk\u00e9nt alakultak, ami komoly el\u00e9gedetlens\u00e9get v\u00e1ltott ki az orsz\u00e1g lakoss\u00e1g\u00e1nak egy r\u00e9sz\u00e9ben is.<\/strong> Az\u00f3ta k\u00fcl\u00f6nb\u00f6z\u0151 venezuelai v\u00e1rosokban folyamatosak a tiltakoz\u00e1sok. Ez\u00e9rt a BBC \u00e9s a <a href=\"http:\/\/www.ucv.ve\/\">politikai elemz\u0151k<\/a> is a t\u00fcntet\u00e9sek elh\u00faz\u00f3d\u00f3 id\u0151szak\u00e1ra sz\u00e1m\u00edtanak. A k\u00e9rd\u00e9s az, hogy a korm\u00e1ny hajland\u00f3-e v\u00e1llalni a nagyobb elnyom\u00e1s k\u00f6lts\u00e9geit, \u00e9s v\u00e1llalja-e azoknak a beb\u00f6rt\u00f6nz\u00e9s\u00e9nek k\u00f6lts\u00e9geit, akik \u00fagy d\u00f6ntenek, hogy nem fogadj\u00e1k el az eredm\u00e9nyeket.<\/p>\n\n\n\n<h3>M\u00e9g nagyobb elszigetelts\u00e9g Venezuel\u00e1nak<\/h3>\n\n\n\n<p>Maduro meg\u00edg\u00e9rte, hogy tiszteletben tartja \u00e9s elfogadja a v\u00e1laszt\u00e1si eredm\u00e9nyeket, amire a vil\u00e1g t\u00f6bb vezet\u0151je is k\u00e9rte a v\u00e1laszt\u00e1s napja el\u0151tt. Lula da Silva brazil eln\u00f6k m\u00e9g azt is nyilatkozta, hogy Madur\u00f3nak meg kell \u00e9rtenie, ak\u00e1rmi is lesz az eredm\u00e9ny, el kell fogadnia. Megijesztette Maduro azon megjegyz\u00e9se, hogy Venezuel\u00e1t v\u00e9rf\u00fcrd\u0151 fenyegeti, ha vesz\u00edt. <strong>Most azonban, hogy a CNE eredm\u00e9nyeit hiteles\u00edtett\u00e9k, sok &#8211; f\u0151leg jobboldali &#8211; korm\u00e1ny k\u00e9rd\u0151jelezi meg az eredm\u00e9nyeket.<\/strong> Pedig a v\u00e1laszt\u00e1sok el\u0151tt Joe Biden amerikai eln\u00f6k azt is kil\u00e1t\u00e1sba helyezte, hogy megsz\u00fcntetik a szankci\u00f3kat az orsz\u00e1g ellen, ha az \u00e1ltaluk prefer\u00e1lt jel\u00f6lt nyer. az eln\u00f6kv\u00e1laszt\u00e1son. Viszont most \u00fagy t\u0171nik, hogy tov\u00e1bbi szankci\u00f3k j\u00f6nnek ink\u00e1bb.<\/p>\n\n\n\n<h3>Tov\u00e1bb n\u0151 a venezuelaiak kiv\u00e1ndorl\u00e1sa<\/h3>\n\n\n\n<p>Csak Chil\u00e9be az elm\u00falt \u00e9vekben v\u00e9lhet\u0151en mintegy 800000 venezuelai \u00e9rkezett. Az ENSZ Menek\u00fclt\u00fcgyi F\u0151biztoss\u00e1ga (UNHCR) szerint pedig a becsl\u00e9sek szerint 7,7 milli\u00f3 venezuelai v\u00e1ndorolt k\u00fcl\u00f6nb\u00f6z\u0151 orsz\u00e1gokba jobb \u00e9letmin\u0151s\u00e9get keresve. A venezuelai gazdas\u00e1gi v\u00e1ls\u00e1g csal\u00e1dok milli\u00f3it tasz\u00edtotta szeg\u00e9nys\u00e9gbe. A v\u00e1laszt\u00e1sok el\u0151tt sz\u00e1mos venezuelai a helyzet megv\u00e1ltoz\u00e1s\u00e1nak rem\u00e9ny\u00e9ben a k\u00f6z\u00f6ss\u00e9gi oldalakon kifejezte, hogy vissza k\u00edv\u00e1n t\u00e9rni haz\u00e1j\u00e1ba abban az esetben, ha a Maduroval szemben \u00e1ll\u00f3 jel\u00f6lt nyer. <strong>A chavista jel\u00f6lt gy\u0151zelme ut\u00e1n azonban a szak\u00e9rt\u0151k att\u00f3l tartanak, hogy a migr\u00e1ci\u00f3s hull\u00e1m ism\u00e9t feler\u0151s\u00f6dik. <\/strong>Az Encuestadora Meganalisis \u00e1prilisban k\u00f6zz\u00e9tett felm\u00e9r\u00e9se szerint a venezuelai lakoss\u00e1g 44,6 sz\u00e1zal\u00e9ka fontolgatja a kiv\u00e1ndorl\u00e1st, ha Nicol\u00e1s Maduro eln\u00f6k egy harmadik ciklusra is hivatalban marad.<\/p>\n","protected":false},"excerpt":{"rendered":"<div class=\"mh-excerpt\"><p>A vil\u00e1g legnagyobb olajtartal\u00e9k\u00e1val rendelkez\u0151 Venezuel\u00e1ban eln\u00f6kv\u00e1laszt\u00e1st tartottak h\u00e9tv\u00e9g\u00e9n a k\u00f6vetkez\u0151 hat \u00e9vre. Az volt a k\u00e9rd\u00e9s, hogy a 2013 \u00f3ta hatalmon l\u00e9v\u0151 Nicol\u00e1s Maduro <a class=\"mh-excerpt-more\" href=\"https:\/\/latinzona.hu\/index.php\/2024\/07\/30\/a-venezuelai-elnokvalasztas-lehetseges-kovetkezmenyei\/\" title=\"Lehets\u00e9ges k\u00f6vetkezm\u00e9nyei a venezuelai eln\u00f6kv\u00e1laszt\u00e1snak\">[&#8230;]<\/a><\/p>\n<\/div>","protected":false},"author":1,"featured_media":697,"comment_status":"open","ping_status":"open","sticky":false,"template":"","format":"standard","meta":[],"categories":[67],"tags":[68],"yoast_head":"<!-- This site is optimized with the Yoast SEO plugin v15.5 - https:\/\/yoast.com\/wordpress\/plugins\/seo\/ -->\n<title>Lehets\u00e9ges k\u00f6vetkezm\u00e9nyei a venezuelai eln\u00f6kv\u00e1laszt\u00e1snak - Latin Z\u00f3na<\/title>\n<meta name=\"description\" content=\"A venezuelai eln\u00f6kv\u00e1laszt\u00e1son t\u00f6rt\u00e9ntek ut\u00e1n v\u00e1lasz\u00fat el\u00e9 \u00e9rt a d\u00e9l-amerikai orsz\u00e1g. H\u00e1rom lehets\u00e9ges k\u00f6vetkezm\u00e9nyt mutatunk meg.\" \/>\n<meta name=\"robots\" content=\"index, follow, max-snippet:-1, max-image-preview:large, max-video-preview:-1\" \/>\n<link rel=\"canonical\" href=\"https:\/\/latinzona.hu\/index.php\/2024\/07\/30\/a-venezuelai-elnokvalasztas-lehetseges-kovetkezmenyei\/\" \/>\n<meta property=\"og:locale\" content=\"hu_HU\" \/>\n<meta property=\"og:type\" content=\"article\" \/>\n<meta property=\"og:title\" content=\"Lehets\u00e9ges k\u00f6vetkezm\u00e9nyei a venezuelai eln\u00f6kv\u00e1laszt\u00e1snak - Latin Z\u00f3na\" \/>\n<meta property=\"og:description\" content=\"A venezuelai eln\u00f6kv\u00e1laszt\u00e1son t\u00f6rt\u00e9ntek ut\u00e1n v\u00e1lasz\u00fat el\u00e9 \u00e9rt a d\u00e9l-amerikai orsz\u00e1g. H\u00e1rom lehets\u00e9ges k\u00f6vetkezm\u00e9nyt mutatunk meg.\" \/>\n<meta property=\"og:url\" content=\"https:\/\/latinzona.hu\/index.php\/2024\/07\/30\/a-venezuelai-elnokvalasztas-lehetseges-kovetkezmenyei\/\" \/>\n<meta property=\"og:site_name\" content=\"Latin Z\u00f3na\" \/>\n<meta property=\"article:published_time\" content=\"2024-07-30T18:58:49+00:00\" \/>\n<meta property=\"article:modified_time\" content=\"2024-07-30T18:58:50+00:00\" \/>\n<meta property=\"og:image\" content=\"https:\/\/latinzona.hu\/wp-content\/uploads\/2024\/07\/maduro.jpg\" \/>\n\t<meta property=\"og:image:width\" content=\"1024\" \/>\n\t<meta property=\"og:image:height\" content=\"450\" \/>\n<meta name=\"twitter:card\" content=\"summary_large_image\" \/>\n<meta name=\"twitter:label1\" content=\"Becs\u00fclt olvas\u00e1si id\u0151\">\n\t<meta name=\"twitter:data1\" content=\"3 perc\">\n<script type=\"application\/ld+json\" class=\"yoast-schema-graph\">{\"@context\":\"https:\/\/schema.org\",\"@graph\":[{\"@type\":\"WebSite\",\"@id\":\"https:\/\/latinzona.hu\/#website\",\"url\":\"https:\/\/latinzona.hu\/\",\"name\":\"Latin Z\\u00f3na\",\"description\":\"Mi D\\u00e9lre is figyel\\u00fcnk...\",\"potentialAction\":[{\"@type\":\"SearchAction\",\"target\":\"https:\/\/latinzona.hu\/?s={search_term_string}\",\"query-input\":\"required name=search_term_string\"}],\"inLanguage\":\"hu\"},{\"@type\":\"ImageObject\",\"@id\":\"https:\/\/latinzona.hu\/index.php\/2024\/07\/30\/a-venezuelai-elnokvalasztas-lehetseges-kovetkezmenyei\/#primaryimage\",\"inLanguage\":\"hu\",\"url\":\"https:\/\/latinzona.hu\/wp-content\/uploads\/2024\/07\/maduro.jpg\",\"width\":1024,\"height\":450},{\"@type\":\"WebPage\",\"@id\":\"https:\/\/latinzona.hu\/index.php\/2024\/07\/30\/a-venezuelai-elnokvalasztas-lehetseges-kovetkezmenyei\/#webpage\",\"url\":\"https:\/\/latinzona.hu\/index.php\/2024\/07\/30\/a-venezuelai-elnokvalasztas-lehetseges-kovetkezmenyei\/\",\"name\":\"Lehets\\u00e9ges k\\u00f6vetkezm\\u00e9nyei a venezuelai eln\\u00f6kv\\u00e1laszt\\u00e1snak - Latin Z\\u00f3na\",\"isPartOf\":{\"@id\":\"https:\/\/latinzona.hu\/#website\"},\"primaryImageOfPage\":{\"@id\":\"https:\/\/latinzona.hu\/index.php\/2024\/07\/30\/a-venezuelai-elnokvalasztas-lehetseges-kovetkezmenyei\/#primaryimage\"},\"datePublished\":\"2024-07-30T18:58:49+00:00\",\"dateModified\":\"2024-07-30T18:58:50+00:00\",\"author\":{\"@id\":\"https:\/\/latinzona.hu\/#\/schema\/person\/de64af94bc35db4973955a05f752bd2d\"},\"description\":\"A venezuelai eln\\u00f6kv\\u00e1laszt\\u00e1son t\\u00f6rt\\u00e9ntek ut\\u00e1n v\\u00e1lasz\\u00fat el\\u00e9 \\u00e9rt a d\\u00e9l-amerikai orsz\\u00e1g. H\\u00e1rom lehets\\u00e9ges k\\u00f6vetkezm\\u00e9nyt mutatunk meg.\",\"inLanguage\":\"hu\",\"potentialAction\":[{\"@type\":\"ReadAction\",\"target\":[\"https:\/\/latinzona.hu\/index.php\/2024\/07\/30\/a-venezuelai-elnokvalasztas-lehetseges-kovetkezmenyei\/\"]}]},{\"@type\":\"Person\",\"@id\":\"https:\/\/latinzona.hu\/#\/schema\/person\/de64af94bc35db4973955a05f752bd2d\",\"name\":\"Chileno\",\"image\":{\"@type\":\"ImageObject\",\"@id\":\"https:\/\/latinzona.hu\/#personlogo\",\"inLanguage\":\"hu\",\"url\":\"https:\/\/secure.gravatar.com\/avatar\/9a5fe6fe999607c0ed4bfce2f8ed2600?s=96&d=mm&r=g\",\"caption\":\"Chileno\"},\"sameAs\":[\"https:\/\/latinzona.hu\"]}]}<\/script>\n<!-- \/ Yoast SEO plugin. -->","_links":{"self":[{"href":"https:\/\/latinzona.hu\/index.php\/wp-json\/wp\/v2\/posts\/696"}],"collection":[{"href":"https:\/\/latinzona.hu\/index.php\/wp-json\/wp\/v2\/posts"}],"about":[{"href":"https:\/\/latinzona.hu\/index.php\/wp-json\/wp\/v2\/types\/post"}],"author":[{"embeddable":true,"href":"https:\/\/latinzona.hu\/index.php\/wp-json\/wp\/v2\/users\/1"}],"replies":[{"embeddable":true,"href":"https:\/\/latinzona.hu\/index.php\/wp-json\/wp\/v2\/comments?post=696"}],"version-history":[{"count":1,"href":"https:\/\/latinzona.hu\/index.php\/wp-json\/wp\/v2\/posts\/696\/revisions"}],"predecessor-version":[{"id":698,"href":"https:\/\/latinzona.hu\/index.php\/wp-json\/wp\/v2\/posts\/696\/revisions\/698"}],"wp:featuredmedia":[{"embeddable":true,"href":"https:\/\/latinzona.hu\/index.php\/wp-json\/wp\/v2\/media\/697"}],"wp:attachment":[{"href":"https:\/\/latinzona.hu\/index.php\/wp-json\/wp\/v2\/media?parent=696"}],"wp:term":[{"taxonomy":"category","embeddable":true,"href":"https:\/\/latinzona.hu\/index.php\/wp-json\/wp\/v2\/categories?post=696"},{"taxonomy":"post_tag","embeddable":true,"href":"https:\/\/latinzona.hu\/index.php\/wp-json\/wp\/v2\/tags?post=696"}],"curies":[{"name":"wp","href":"https:\/\/api.w.org\/{rel}","templated":true}]}}